{"id":571842,"date":"2025-12-01T22:47:49","date_gmt":"2025-12-01T22:47:49","guid":{"rendered":"https:\/\/www.europesays.com\/fr\/571842\/"},"modified":"2025-12-01T22:47:49","modified_gmt":"2025-12-01T22:47:49","slug":"un-skieur-heliporte-a-grenoble-apres-une-blessure-avec-la-carre-de-son-ski","status":"publish","type":"post","link":"https:\/\/www.europesays.com\/fr\/571842\/","title":{"rendered":"Un skieur h\u00e9liport\u00e9 \u00e0 Grenoble apr\u00e8s une blessure avec la carre de son ski"},"content":{"rendered":"<p style=\"text-align: justify;\">Un skieur h\u00e9liport\u00e9 \u00e0 Grenoble apr\u00e8s une blessure avec la carre de son ski. L\u2019alerte a \u00e9t\u00e9 donn\u00e9e peu avant midi, ce lundi, \u00e0 Puy Saint Vincent. Il \u00e9voluait sur le domaine alors que celui-ci est pour l&rsquo;heure ferm\u00e9. L\u2019homme saignait abondamment au niveau de la cuisse selon les secours.\u00a0<\/p>\n<p style=\"text-align: justify;\">Il a \u00e9t\u00e9 pris en charge par la CRS de Savoie et sa plaie a \u00e9t\u00e9 contenue rapidement avant son transport par h\u00e9licopt\u00e8re.\u00a0<\/p>\n<p style=\"text-align: right;\"><strong>LR<\/strong><\/p>\n","protected":false},"excerpt":{"rendered":"Un skieur h\u00e9liport\u00e9 \u00e0 Grenoble apr\u00e8s une blessure avec la carre de son ski. L\u2019alerte a \u00e9t\u00e9 donn\u00e9e&hellip;\n","protected":false},"author":2,"featured_media":571843,"comment_status":"","ping_status":"","sticky":false,"template":"","format":"standard","meta":{"footnotes":""},"categories":[9566],"tags":[1111,68669,11,7733,68664,68663,8279,2430,650,7734,68673,1777,674,68676,1011,27,68675,1085,2731,8280,68672,68670,1114,4662,68678,68671,12,1825,68667,68674,68666,68665,68668,25,68677,7053],"class_list":{"0":"post-571842","1":"post","2":"type-post","3":"status-publish","4":"format-standard","5":"has-post-thumbnail","7":"category-grenoble","8":"tag-actu","9":"tag-actualite-hautes-alpes","10":"tag-actualites","11":"tag-alpes","12":"tag-alpes-1-gap","13":"tag-alpes-1-hautes-alpes","14":"tag-alpes1","15":"tag-auvergne-rhone-alpes","16":"tag-cinema","17":"tag-ecoute","18":"tag-ecouter-alpes-1","19":"tag-eu","20":"tag-europe","21":"tag-evenements-hautes-alpes","22":"tag-fr","23":"tag-france","24":"tag-frequence-alpes-1","25":"tag-gap","26":"tag-grenoble","27":"tag-haute","28":"tag-hits-hautes-alpes","29":"tag-info-hautes-alpes","30":"tag-infos","31":"tag-journal","32":"tag-meteo-hautes-alpes","33":"tag-musique-hautes-alpes","34":"tag-news","35":"tag-radio","36":"tag-radio-briancon","37":"tag-radio-en-ligne-hautes-alpes","38":"tag-radio-gap","39":"tag-radio-hautes-alpes","40":"tag-radio-locale-hautes-alpes","41":"tag-republique-francaise","42":"tag-sorties-hautes-alpes","43":"tag-sud"},"share_on_mastodon":{"url":"","error":"Validation failed: Text character limit of 500 exceeded"},"_links":{"self":[{"href":"https:\/\/www.europesays.com\/fr\/wp-json\/wp\/v2\/posts\/571842","targetHints":{"allow":["GET"]}}],"collection":[{"href":"https:\/\/www.europesays.com\/fr\/wp-json\/wp\/v2\/posts"}],"about":[{"href":"https:\/\/www.europesays.com\/fr\/wp-json\/wp\/v2\/types\/post"}],"author":[{"embeddable":true,"href":"https:\/\/www.europesays.com\/fr\/wp-json\/wp\/v2\/users\/2"}],"replies":[{"embeddable":true,"href":"https:\/\/www.europesays.com\/fr\/wp-json\/wp\/v2\/comments?post=571842"}],"version-history":[{"count":0,"href":"https:\/\/www.europesays.com\/fr\/wp-json\/wp\/v2\/posts\/571842\/revisions"}],"wp:featuredmedia":[{"embeddable":true,"href":"https:\/\/www.europesays.com\/fr\/wp-json\/wp\/v2\/media\/571843"}],"wp:attachment":[{"href":"https:\/\/www.europesays.com\/fr\/wp-json\/wp\/v2\/media?parent=571842"}],"wp:term":[{"taxonomy":"category","embeddable":true,"href":"https:\/\/www.europesays.com\/fr\/wp-json\/wp\/v2\/categories?post=571842"},{"taxonomy":"post_tag","embeddable":true,"href":"https:\/\/www.europesays.com\/fr\/wp-json\/wp\/v2\/tags?post=571842"}],"curies":[{"name":"wp","href":"https:\/\/api.w.org\/{rel}","templated":true}]}}