{"id":571844,"date":"2025-12-01T22:49:29","date_gmt":"2025-12-01T22:49:29","guid":{"rendered":"https:\/\/www.europesays.com\/fr\/571844\/"},"modified":"2025-12-01T22:49:29","modified_gmt":"2025-12-01T22:49:29","slug":"grenoble-explique-pourquoi-il-a-joue-vendredi-soir-contre-annecy","status":"publish","type":"post","link":"https:\/\/www.europesays.com\/fr\/571844\/","title":{"rendered":"Grenoble explique pourquoi il a jou\u00e9 vendredi soir contre Annecy"},"content":{"rendered":"<p>Le Grenoble Foot 38 a non seulement remport\u00e9 le derby des Alpes en s&rsquo;imposant (<a href=\"https:\/\/www.foot-national.com\/coupe-de-france\/coupe-de-france-nancy-miracule-contre-sarreguemines-grenoble-renverse-annecy-931637\" target=\"_blank\" rel=\"noopener\">2-1<\/a>) sur la pelouse du FC Annecy le vendredi 28 novembre \u2013 validant ainsi son ticket pour <a href=\"https:\/\/www.foot-national.com\/coupe-de-france\/coupe-de-france-ou-voir-le-tirage-des-32es-de-finale-a-quelle-heure-931804\" target=\"_blank\" rel=\"noopener\">les 32es de finale<\/a> de la Coupe de France \u2013 mais le club a \u00e9galement d\u00fb justifier la programmation de cette rencontre. Suite \u00e0 des \u00ab\u00a0commentaires\u00a0\u00bb sur la date choisie, le GF38 a publi\u00e9 <a href=\"https:\/\/gf38.fr\/communique-officiel-5\/\" target=\"_blank\" rel=\"noopener\">un communiqu\u00e9<\/a> pour clarifier sa d\u00e9marche, soulignant que cette d\u00e9cision avait \u00e9t\u00e9 prise en accord avec le club ann\u00e9cien et les entra\u00eeneurs des deux \u00e9quipes.<\/p>\n<p><strong>Un choix purement strat\u00e9gique et sportif<\/strong><\/p>\n<p>La justification du GF38 repose sur un choix purement strat\u00e9gique et sportif visant \u00e0 optimiser la gestion de son effectif dans un calendrier charg\u00e9. Le club a privil\u00e9gi\u00e9 un jour de match qui lui permettait de r\u00e9cup\u00e9rer au maximum en vue d&rsquo;une \u00e9ch\u00e9ance capitale en championnat, le match contre l&rsquo;AS Nancy Lorraine, pr\u00e9vu la semaine suivante : \u00ab\u00a0Cette validation a \u00e9t\u00e9 motiv\u00e9e pour des raisons purement sportives : la programmation du vendredi permettait de b\u00e9n\u00e9ficier du m\u00eame nombre de jours de r\u00e9cup\u00e9ration que celui de notre prochain adversaire en championnat, l\u2019AS Nancy Lorraine. Une n\u00e9cessit\u00e9 compte tenu de la charge du calendrier actuel et de l\u2019importance de ce match.\u00a0\u00bb Grenoble peut d\u00e9sormais se concentrer sur son prochain match de championnat, qui se jouera au Stade des Alpes le vendredi 5 d\u00e9cembre \u00e0 20h face \u00e0 l&rsquo;AS Nancy Lorraine pour le compte de la seizi\u00e8me journ\u00e9e de Ligue 2. Le club appelle d&rsquo;ailleurs ses supporters \u00e0 transformer cette rencontre en une f\u00eate : \u00ab\u00a0Nous vous attendons nombreuses et nombreux ce vendredi 5 d\u00e9cembre \u00e0 20H au Stade des Alpes \u00e0 l\u2019occasion de cette rencontre.\u00a0\u00bb<\/p>\n<blockquote class=\"twitter-tweet\">\n<p dir=\"ltr\" lang=\"fr\">Le Grenoble Foot 38 tient \u00e0 apporter des pr\u00e9cisions concernant la programmation du match de Coupe de France opposant le FC Annecy au GF38 dans le cadre du 8e tour.<\/p>\n<p>\ud83d\udd17 Lire le communiqu\u00e9 complet : <a href=\"https:\/\/t.co\/PKtQpRybd8\">https:\/\/t.co\/PKtQpRybd8<\/a> <a href=\"https:\/\/t.co\/AcQfM2Ct6s\">pic.twitter.com\/AcQfM2Ct6s<\/a><\/p>\n<p>\u2014 Grenoble Foot 38 (@GF38_Officiel) <a href=\"https:\/\/twitter.com\/GF38_Officiel\/status\/1995527688698622339?ref_src=twsrc%5Etfw\" target=\"_blank\" rel=\"noopener\">December 1, 2025<\/a><\/p>\n<\/blockquote>\n<p>Partagez cette info avec vos amis et vos proches en cliquant ici<br \/>Pour r\u00e9sumer<\/p>\n<p>Qualifi\u00e9 pour les 32es de finale de la Coupe de France apr\u00e8s sa victoire (2-1) contre le FC Annecy lors du huiti\u00e8me tour, le Grenoble Foot 38 a souhait\u00e9 r\u00e9pondre aux commentaires concernant la programmation de ce match.<\/p>\n<p> <img decoding=\"async\" width=\"76\" height=\"76\" loading=\"lazy\" src=\"https:\/\/static.wui.fr\/images_v3\/avatar-footnational.png\" alt=\"Aris Djennadi\"\/><script async src=\"https:\/\/platform.twitter.com\/widgets.js\" charset=\"utf-8\"><\/script><\/p>\n","protected":false},"excerpt":{"rendered":"Le Grenoble Foot 38 a non seulement remport\u00e9 le derby des Alpes en s&rsquo;imposant (2-1) sur la pelouse&hellip;\n","protected":false},"author":2,"featured_media":571845,"comment_status":"","ping_status":"","sticky":false,"template":"","format":"standard","meta":{"footnotes":""},"categories":[9566],"tags":[1111,11,2430,61432,1777,674,1011,27,2731,12,25],"class_list":{"0":"post-571844","1":"post","2":"type-post","3":"status-publish","4":"format-standard","5":"has-post-thumbnail","7":"category-grenoble","8":"tag-actu","9":"tag-actualites","10":"tag-auvergne-rhone-alpes","11":"tag-coupes-coupe-de-france","12":"tag-eu","13":"tag-europe","14":"tag-fr","15":"tag-france","16":"tag-grenoble","17":"tag-news","18":"tag-republique-francaise"},"share_on_mastodon":{"url":"https:\/\/pubeurope.com\/@fr\/115646757783010984","error":""},"_links":{"self":[{"href":"https:\/\/www.europesays.com\/fr\/wp-json\/wp\/v2\/posts\/571844","targetHints":{"allow":["GET"]}}],"collection":[{"href":"https:\/\/www.europesays.com\/fr\/wp-json\/wp\/v2\/posts"}],"about":[{"href":"https:\/\/www.europesays.com\/fr\/wp-json\/wp\/v2\/types\/post"}],"author":[{"embeddable":true,"href":"https:\/\/www.europesays.com\/fr\/wp-json\/wp\/v2\/users\/2"}],"replies":[{"embeddable":true,"href":"https:\/\/www.europesays.com\/fr\/wp-json\/wp\/v2\/comments?post=571844"}],"version-history":[{"count":0,"href":"https:\/\/www.europesays.com\/fr\/wp-json\/wp\/v2\/posts\/571844\/revisions"}],"wp:featuredmedia":[{"embeddable":true,"href":"https:\/\/www.europesays.com\/fr\/wp-json\/wp\/v2\/media\/571845"}],"wp:attachment":[{"href":"https:\/\/www.europesays.com\/fr\/wp-json\/wp\/v2\/media?parent=571844"}],"wp:term":[{"taxonomy":"category","embeddable":true,"href":"https:\/\/www.europesays.com\/fr\/wp-json\/wp\/v2\/categories?post=571844"},{"taxonomy":"post_tag","embeddable":true,"href":"https:\/\/www.europesays.com\/fr\/wp-json\/wp\/v2\/tags?post=571844"}],"curies":[{"name":"wp","href":"https:\/\/api.w.org\/{rel}","templated":true}]}}