{"id":571852,"date":"2025-12-01T22:53:24","date_gmt":"2025-12-01T22:53:24","guid":{"rendered":"https:\/\/www.europesays.com\/fr\/571852\/"},"modified":"2025-12-01T22:53:24","modified_gmt":"2025-12-01T22:53:24","slug":"ce-sera-strasbourg-pour-dunkerque","status":"publish","type":"post","link":"https:\/\/www.europesays.com\/fr\/571852\/","title":{"rendered":"ce sera Strasbourg pour Dunkerque"},"content":{"rendered":"<p><img decoding=\"async\" class=\"\" style=\"width:100%;max-width:100%\" src=\"https:\/\/www.europesays.com\/fr\/wp-content\/uploads\/2025\/12\/cdf1764616058623-format16by9.jpg\" alt=\"Delta FM, archives\"\/><\/p>\n<p>Se souvenir des tr\u00e8s belles choses. <\/p>\n<p>Cr\u00e9dit : Delta FM, archives<\/p>\n<p data-syno-attrs=\"{&quot;textMarks&quot;:[{&quot;_&quot;:&quot;font_size&quot;,&quot;value&quot;:14},{&quot;_&quot;:&quot;font_family&quot;,&quot;value&quot;:&quot;Times New Roman&quot;,&quot;eastAsia&quot;:&quot;Times New Roman&quot;,&quot;complexScript&quot;:&quot;Times New Roman&quot;},{&quot;_&quot;:&quot;strong&quot;,&quot;value&quot;:false}]}\"><strong>L\u2019incroyable parcours de Dunkerque en Coupe de France de foot l\u2019an pass\u00e9 \u00e9tait pass\u00e9 par la Ligue 1&#8230; <\/strong><\/p>\n<p data-syno-attrs=\"{&quot;textMarks&quot;:[{&quot;_&quot;:&quot;font_size&quot;,&quot;value&quot;:14},{&quot;_&quot;:&quot;font_family&quot;,&quot;value&quot;:&quot;Times New Roman&quot;,&quot;eastAsia&quot;:&quot;Times New Roman&quot;,&quot;complexScript&quot;:&quot;Times New Roman&quot;},{&quot;_&quot;:&quot;strong&quot;,&quot;value&quot;:false}]}\"><a href=\"https:\/\/www.deltafm.fr\/foot-dunkerque-psg-ce-sera-a-lille-villeneuve-d-ascq-au-stade-pierre-mauroy\" rel=\"noopener\" target=\"_blank\">\u00c9liminations d\u2019Auxerre, Lille, Brest, avant de chuter avec les honneurs face au PSG.<\/a> <\/p>\n<p data-syno-attrs=\"{&quot;textMarks&quot;:[{&quot;_&quot;:&quot;font_size&quot;,&quot;value&quot;:14},{&quot;_&quot;:&quot;font_family&quot;,&quot;value&quot;:&quot;Times New Roman&quot;,&quot;eastAsia&quot;:&quot;Times New Roman&quot;,&quot;complexScript&quot;:&quot;Times New Roman&quot;},{&quot;_&quot;:&quot;strong&quot;,&quot;value&quot;:false}]}\">On remet \u00e7a? <\/p>\n<p data-syno-attrs=\"{&quot;textMarks&quot;:[{&quot;_&quot;:&quot;font_size&quot;,&quot;value&quot;:14},{&quot;_&quot;:&quot;font_family&quot;,&quot;value&quot;:&quot;Times New Roman&quot;,&quot;eastAsia&quot;:&quot;Times New Roman&quot;,&quot;complexScript&quot;:&quot;Times New Roman&quot;},{&quot;_&quot;:&quot;strong&quot;,&quot;value&quot;:false}]}\"><a href=\"https:\/\/www.fff.fr\/\" rel=\"noopener\" target=\"_blank\">Tirage au sort des 32\u00e8me de finale de cette \u00e9dition 2025\/2026,<\/a> \u00e7a vient de tomber, <strong>l\u2019USLD affrontera\u2026 Strasbourg.<\/strong> <\/p>\n<p data-syno-attrs=\"{&quot;textMarks&quot;:[{&quot;_&quot;:&quot;font_size&quot;,&quot;value&quot;:14},{&quot;_&quot;:&quot;font_family&quot;,&quot;value&quot;:&quot;Times New Roman&quot;,&quot;eastAsia&quot;:&quot;Times New Roman&quot;,&quot;complexScript&quot;:&quot;Times New Roman&quot;},{&quot;_&quot;:&quot;strong&quot;,&quot;value&quot;:false}]}\">Encore une Ligue 1, encore un club Europ\u00e9en. Ce sera en Alsace. <\/p>\n<p data-syno-attrs=\"{&quot;textMarks&quot;:[{&quot;_&quot;:&quot;font_size&quot;,&quot;value&quot;:14},{&quot;_&quot;:&quot;font_family&quot;,&quot;value&quot;:&quot;Times New Roman&quot;,&quot;eastAsia&quot;:&quot;Times New Roman&quot;,&quot;complexScript&quot;:&quot;Times New Roman&quot;},{&quot;_&quot;:&quot;strong&quot;,&quot;value&quot;:false}]}\"><strong>Rendez-vous \u00e0 la Meinau le week-end du 20 d\u00e9cembre.<\/strong><\/p>\n<p data-syno-attrs=\"{&quot;textMarks&quot;:[{&quot;_&quot;:&quot;font_size&quot;,&quot;value&quot;:14},{&quot;_&quot;:&quot;font_family&quot;,&quot;value&quot;:&quot;Times New Roman&quot;,&quot;eastAsia&quot;:&quot;Times New Roman&quot;,&quot;complexScript&quot;:&quot;Times New Roman&quot;},{&quot;_&quot;:&quot;strong&quot;,&quot;value&quot;:false}]}\">\u00a0<\/p>\n","protected":false},"excerpt":{"rendered":"Se souvenir des tr\u00e8s belles choses. Cr\u00e9dit : Delta FM, archives L\u2019incroyable parcours de Dunkerque en Coupe de&hellip;\n","protected":false},"author":2,"featured_media":571853,"comment_status":"","ping_status":"","sticky":false,"template":"","format":"standard","meta":{"footnotes":""},"categories":[2820],"tags":[68680,1111,11,2389,4245,3450,83,920,68685,68682,1777,674,2257,1011,27,775,66,1307,68686,28128,12,68684,93,25,640,16207,68681,68683],"class_list":{"0":"post-571852","1":"post","2":"type-post","3":"status-publish","4":"format-standard","5":"has-post-thumbnail","7":"category-strasbourg","8":"tag-32eme-de-finale","9":"tag-actu","10":"tag-actualites","11":"tag-alsace","12":"tag-auxerre","13":"tag-brest","14":"tag-coupe-de-france","15":"tag-dunkerque","16":"tag-edition-2025-2026","17":"tag-eliminations","18":"tag-eu","19":"tag-europe","20":"tag-foot","21":"tag-fr","22":"tag-france","23":"tag-grand-est","24":"tag-ligue-1","25":"tag-lille","26":"tag-match-a-lexterieur","27":"tag-meinau","28":"tag-news","29":"tag-parcours-incroyable","30":"tag-psg","31":"tag-republique-francaise","32":"tag-strasbourg","33":"tag-tirage-au-sort","34":"tag-usld","35":"tag-week-end-du-20-decembre"},"share_on_mastodon":{"url":"https:\/\/pubeurope.com\/@fr\/115646772536659818","error":""},"_links":{"self":[{"href":"https:\/\/www.europesays.com\/fr\/wp-json\/wp\/v2\/posts\/571852","targetHints":{"allow":["GET"]}}],"collection":[{"href":"https:\/\/www.europesays.com\/fr\/wp-json\/wp\/v2\/posts"}],"about":[{"href":"https:\/\/www.europesays.com\/fr\/wp-json\/wp\/v2\/types\/post"}],"author":[{"embeddable":true,"href":"https:\/\/www.europesays.com\/fr\/wp-json\/wp\/v2\/users\/2"}],"replies":[{"embeddable":true,"href":"https:\/\/www.europesays.com\/fr\/wp-json\/wp\/v2\/comments?post=571852"}],"version-history":[{"count":0,"href":"https:\/\/www.europesays.com\/fr\/wp-json\/wp\/v2\/posts\/571852\/revisions"}],"wp:featuredmedia":[{"embeddable":true,"href":"https:\/\/www.europesays.com\/fr\/wp-json\/wp\/v2\/media\/571853"}],"wp:attachment":[{"href":"https:\/\/www.europesays.com\/fr\/wp-json\/wp\/v2\/media?parent=571852"}],"wp:term":[{"taxonomy":"category","embeddable":true,"href":"https:\/\/www.europesays.com\/fr\/wp-json\/wp\/v2\/categories?post=571852"},{"taxonomy":"post_tag","embeddable":true,"href":"https:\/\/www.europesays.com\/fr\/wp-json\/wp\/v2\/tags?post=571852"}],"curies":[{"name":"wp","href":"https:\/\/api.w.org\/{rel}","templated":true}]}}