{"id":571854,"date":"2025-12-01T22:54:13","date_gmt":"2025-12-01T22:54:13","guid":{"rendered":"https:\/\/www.europesays.com\/fr\/571854\/"},"modified":"2025-12-01T22:54:13","modified_gmt":"2025-12-01T22:54:13","slug":"quel-est-ce-calendrier-de-lavent-a-decouvrir-a-canges-sur-mer","status":"publish","type":"post","link":"https:\/\/www.europesays.com\/fr\/571854\/","title":{"rendered":"quel est ce calendrier de l\u2019Avent \u00e0 d\u00e9couvrir \u00e0 Canges-sur-Mer ?"},"content":{"rendered":"<p class=\"fs-5 \">En ce d\u00e9but du mois de d\u00e9cembre, l\u2019atelier des lutins de l\u2019association des Haut-Cagnois, pr\u00e9sid\u00e9 par Georges Gaucher, est en \u00e9bullition.<\/p>\n<p class=\"fs-5 \">Comme chaque ann\u00e9e, depuis 9 ans, les forces vives du bourg m\u00e9di\u00e9val \u2013 artistes, commer\u00e7ants, habitants \u2013 mettent la main \u00e0 la p\u00e2te pour<strong> confectionner un calendrier de l\u2019avent <\/strong>\u00e0 d\u00e9couvrir un peu partout dans les ruelles du Haut-de-Cagnes.<\/p>\n<p class=\"fs-5 \">\u00ab Pour patienter jusqu\u2019au 25, d\u00e9couvrez chaque jour, une \u0153uvre d\u2019art \u00bb, r\u00e9sument les organisateurs. Ce lundi 1er d\u00e9cembre 2025, c\u2019est pr\u00e8s du parking Saint-Anne que le public a pu d\u00e9couvrir la premi\u00e8re \u00ab case \u00bb imagin\u00e9e par l\u2019artiste Sandra Haller (de l\u2019atelier Sandy H\/notre photo).<\/p>\n<p>                                                                                La d\u00e9couverte des num\u00e9ros comme un rendez-vous<\/p>\n<p class=\"fs-5 \">Ce mardi 2 d\u00e9cembre 2025, Denis Richard r\u00e9serve une surprise \u00e0 d\u00e9couvrir, \u00e0 quelques pas du parking, rue du Planastel. Le num\u00e9ro 3, imagin\u00e9 par l\u2019association des Haut-Cagnois \u2013 sera d\u00e9voil\u00e9 rue Xavier Blanc mercredi 3 d\u00e9cembre 2025. \u00c0 partir de midi \u00e0 l\u2019espace Metri, les membres associatifs proposent d\u2019ailleurs un ap\u00e9ritif.<\/p>\n<p class=\"fs-5 \">Et, comme chaque ann\u00e9e, le Cercle des amis, la plus vieille association cagnoise, propose aussi une \u0153uvre. Les organisateurs du championnat des boules carr\u00e9es feront-ils un clin d\u2019\u0153il \u00e0 ce rendez-vous estival ?<\/p>\n<p class=\"fs-5 \">R\u00e9ponse le dimanche 21 d\u00e9cembre, mont\u00e9e de la Bourgade, en pr\u00e9sence de Louis N\u00e8gre, maire de Cagnes-sur-Mer, qui invite le public \u00e0 d\u00e9couvrir, \u00e0 partir de 11 heures, le parcours. Et le 24 d\u00e9cembre : rendez-vous \u00e0 l\u2019\u00e9glise, au pied du Ch\u00e2teau.<\/p>\n<p class=\"fs-5 \">Tout le parcours est \u00e0 d\u00e9couvrir sur le site <a href=\"https:\/\/ville.cagnes.fr\/actualites-csm\/calendrier-de-lavent-202-du-haut-de-cagnes\/\" target=\"_blank\" rel=\"nofollow noopener\">Cagnes.fr<\/a><\/p>\n","protected":false},"excerpt":{"rendered":"En ce d\u00e9but du mois de d\u00e9cembre, l\u2019atelier des lutins de l\u2019association des Haut-Cagnois, pr\u00e9sid\u00e9 par Georges Gaucher,&hellip;\n","protected":false},"author":2,"featured_media":571855,"comment_status":"","ping_status":"","sticky":false,"template":"","format":"standard","meta":{"footnotes":""},"categories":[2819],"tags":[1111,11,1777,674,1011,27,12,2401,882,25],"class_list":{"0":"post-571854","1":"post","2":"type-post","3":"status-publish","4":"format-standard","5":"has-post-thumbnail","7":"category-nice","8":"tag-actu","9":"tag-actualites","10":"tag-eu","11":"tag-europe","12":"tag-fr","13":"tag-france","14":"tag-news","15":"tag-nice","16":"tag-provence-alpes-cote-dazur","17":"tag-republique-francaise"},"share_on_mastodon":{"url":"https:\/\/pubeurope.com\/@fr\/115646776397359924","error":""},"_links":{"self":[{"href":"https:\/\/www.europesays.com\/fr\/wp-json\/wp\/v2\/posts\/571854","targetHints":{"allow":["GET"]}}],"collection":[{"href":"https:\/\/www.europesays.com\/fr\/wp-json\/wp\/v2\/posts"}],"about":[{"href":"https:\/\/www.europesays.com\/fr\/wp-json\/wp\/v2\/types\/post"}],"author":[{"embeddable":true,"href":"https:\/\/www.europesays.com\/fr\/wp-json\/wp\/v2\/users\/2"}],"replies":[{"embeddable":true,"href":"https:\/\/www.europesays.com\/fr\/wp-json\/wp\/v2\/comments?post=571854"}],"version-history":[{"count":0,"href":"https:\/\/www.europesays.com\/fr\/wp-json\/wp\/v2\/posts\/571854\/revisions"}],"wp:featuredmedia":[{"embeddable":true,"href":"https:\/\/www.europesays.com\/fr\/wp-json\/wp\/v2\/media\/571855"}],"wp:attachment":[{"href":"https:\/\/www.europesays.com\/fr\/wp-json\/wp\/v2\/media?parent=571854"}],"wp:term":[{"taxonomy":"category","embeddable":true,"href":"https:\/\/www.europesays.com\/fr\/wp-json\/wp\/v2\/categories?post=571854"},{"taxonomy":"post_tag","embeddable":true,"href":"https:\/\/www.europesays.com\/fr\/wp-json\/wp\/v2\/tags?post=571854"}],"curies":[{"name":"wp","href":"https:\/\/api.w.org\/{rel}","templated":true}]}}