{"id":571856,"date":"2025-12-01T22:55:20","date_gmt":"2025-12-01T22:55:20","guid":{"rendered":"https:\/\/www.europesays.com\/fr\/571856\/"},"modified":"2025-12-01T22:55:20","modified_gmt":"2025-12-01T22:55:20","slug":"des-joueurs-et-dirigeants-pris-a-partie-physiquement-par-leurs-supporteurs-le-club-condamne-des-violences-inacceptables","status":"publish","type":"post","link":"https:\/\/www.europesays.com\/fr\/571856\/","title":{"rendered":"des joueurs et dirigeants pris \u00e0 partie physiquement par leurs supporteurs, le club \u00ab\u00a0condamne\u00a0\u00bb des violences \u00ab\u00a0inacceptables\u00a0\u00bb"},"content":{"rendered":"<p>                      <img loading=\"lazy\" decoding=\"async\" src=\"https:\/\/www.europesays.com\/fr\/wp-content\/uploads\/2025\/12\/b2b7bd6_upload-1-ecajxrwqxh4u-000-84rz6t3.jpg\" alt=\"Des supporteurs ultras de l\u2019OGC Nice, lors du match entre les Aiglons et l\u2019Olympique de Marseille, le 21\u00a0novembre 2025\u00a0\u00e0 Nice.\"   width=\"664\" height=\"443\"\/>    Des supporteurs ultras de l\u2019OGC Nice, lors du match entre les Aiglons et l\u2019Olympique de Marseille, le 21\u00a0novembre 2025\u00a0\u00e0 Nice.  VALERY HACHE \/ AFP                          <\/p>\n<p class=\"article__paragraph  \">Des incidents ont eu lieu, dimanche 30\u00a0novembre au soir, devant le centre d\u2019entra\u00eenement du club de football de l\u2019OGC Nice, \u00e0 la suite de la d\u00e9faite de l\u2019\u00e9quipe \u00e0 Lorient, lors de la 14e\u00a0journ\u00e9e de Ligue\u00a01 (3-1). Apr\u00e8s ce sixi\u00e8me revers d\u2019affil\u00e9e toutes comp\u00e9titions confondues, qui a fait chuter les Ni\u00e7ois \u00e0 la dixi\u00e8me place du championnat de France, environ 400\u00a0supporteurs ont attendu les joueurs \u00e0 leur retour sur la C\u00f4te d\u2019Azur pour manifester leur col\u00e8re.<\/p>\n<p class=\"article__paragraph  \">Selon des t\u00e9moins, les attaquants Terem Moffi et J\u00e9r\u00e9mie Boga, ainsi que le directeur sportif, Florian Maurice, ont \u00e9t\u00e9 pris \u00e0 partie physiquement par des fans v\u00e9h\u00e9ments devant le portail du centre d\u2019entra\u00eenement.<\/p>\n<p class=\"article__paragraph  \">A 23\u00a0h\u00a015, les supporteurs m\u00e9contents ont barr\u00e9 le passage du car des Aiglons, qui ramenait des joueurs de l\u2019a\u00e9roport. Ils ont allum\u00e9 des fumig\u00e8nes et entonn\u00e9 des chants hostiles, a relat\u00e9 \u00e0 l\u2019Agence France-Presse Maxime Bacqui\u00e9, journaliste d\u2019Ici (ex-France Bleu) charg\u00e9 du suivi du club et seul journaliste pr\u00e9sent sur les lieux. Un de leurs repr\u00e9sentants a \u00e9t\u00e9 autoris\u00e9 \u00e0 monter \u00e0 bord du car pour discuter.<\/p>\n<p class=\"article__paragraph  \">Parmi les premiers \u00e0 en sortir, le directeur sportif, Florian Maurice, jug\u00e9 responsable du recrutement d\u00e9faillant de l\u2019\u00e9t\u00e9 dernier, a \u00e9t\u00e9 \u00ab\u00a0tr\u00e8s chahut\u00e9\u00a0\u00bb, d\u2019apr\u00e8s le journaliste. Le dirigeant a d\u00fb \u00eatre \u00ab\u00a0exfiltr\u00e9, hagard\u00a0\u00bb, par le service de s\u00e9curit\u00e9.<\/p>\n<p class=\"article__paragraph  \">D\u2019apr\u00e8s des r\u00e9cits de <a href=\"https:\/\/rmcsport.bfmtv.com\/football\/clubs\/ogc-nice\/nice-moffi-et-boga-places-en-arret-de-travail-apres-avoir-ete-frappes-par-des-supporters-le-recit-d-une-nuit-explosive_AV-202512010792.html\" target=\"_blank\" rel=\"noopener\" title=\"Nouvelle fen\u00eatre\">RMC<\/a> et de <a href=\"https:\/\/www.lequipe.fr\/Football\/Article\/Insultes-crachats-et-coups-recus-par-jeremie-boga-terem-moffi-et-florian-maurice-fracture-ouverte-avec-les-supporters-a-nice\/1613743\" target=\"_blank\" rel=\"noopener\" title=\"Nouvelle fen\u00eatre\">L\u2019Equipe<\/a>, les attaquants Terem Moffi et J\u00e9r\u00e9mie Boga ont eux re\u00e7u des coups. Selon les deux m\u00e9dias, l\u2019avant-centre nig\u00e9rian et l\u2019ailier ivoirien ont port\u00e9 plainte contre X lundi apr\u00e8s-midi, et les deux joueurs ont \u00e9t\u00e9 plac\u00e9s en arr\u00eat de travail depuis ce lundi. J\u00e9r\u00e9mie Boga est en ITT (interruption temporaire de travail) jusqu\u2019\u00e0 vendredi, Terem Moffi est lui arr\u00eat\u00e9 jusqu\u2019\u00e0 dimanche, compris.<\/p>\n<p>                    Nice \u00ab\u00a0comprend la frustration\u00a0\u00bb, pas les d\u00e9bordements                    <\/p>\n<p class=\"article__paragraph  \">\u00ab\u00a0Dimanche, \u00e0 leur retour de Lorient, les Aiglons ont \u00e9t\u00e9 accueillis devant le centre d\u2019entra\u00eenement et de formation par un rassemblement important\u00a0\u00bb, a r\u00e9agi l\u2019OGC Nice, lundi soir dans <a href=\"https:\/\/www.ogcnice.com\/fr\/article\/129577\/communique-officiel-de-logc-nice.html\" target=\"_blank\" rel=\"noopener\" title=\"Nouvelle fen\u00eatre\">un communiqu\u00e9<\/a>. En assurant \u00ab\u00a0comprendre la frustration\u00a0\u00bb g\u00e9n\u00e9r\u00e9e par \u00ab\u00a0une succession de contre-performances et de prestations \u00e9loign\u00e9es de ses valeurs\u00a0\u00bb, le club \u00ab\u00a0condamne avec la plus grande fermet\u00e9\u00a0\u00bb les \u00ab\u00a0d\u00e9bordements inacceptables constat\u00e9s durant ce rassemblement\u00a0\u00bb, o\u00f9 \u00ab\u00a0plusieurs membres du club ont \u00e9t\u00e9 pris \u00e0 partie\u00a0\u00bb. Et sous couvert d\u2019anonymat, des sources proches du club ni\u00e7ois ont confirm\u00e9 \u00e0 l\u2019Agence France-Presse l\u2019existence de coups.<\/p>\n<p class=\"article__paragraph  \">Le pr\u00e9sident du club, Fabrice Bocquet, n\u2019\u00e9tait pas sur place. Durant les d\u00e9bordements, qui ont dur\u00e9 environ quarante-cinq minutes, Franck Haise s\u2019est efforc\u00e9 d\u2019\u00e9changer avec les supporteurs. Quelques heures plus t\u00f4t, le technicien de 54\u00a0ans avait reconsid\u00e9r\u00e9 les objectifs du club apr\u00e8s la nouvelle d\u00e9faite face aux promus lorientais. \u00ab\u00a0Il faut que les joueurs soient conscients d\u2019une chose\u00a0: c\u2019est pour le maintien qu\u2019on va se battre. C\u2019est la r\u00e9alit\u00e9\u00a0\u00bb, a assur\u00e9 l\u2019entra\u00eeneur au micro de Ligue\u00a01+.<\/p>\n<p> Newsletter  <\/p>\n<p> <a href=\"https:\/\/www.lemonde.fr\/newsletters\/sport\/\" class=\"inread__link js-services-inread-link\" target=\"_blank\" rel=\"noopener\">  <\/p>\n<p>\u00ab Sport \u00bb<\/p>\n<p>Enqu\u00eates, reportages, analyses : l&rsquo;actualit\u00e9 du sport dans votre bo\u00eete e-mail chaque samedi<\/p>\n<p>S&rsquo;inscrire<\/p>\n<p> <\/a>          <\/p>\n<p> Le Monde Guides d\u2019achat  <\/p>\n<p> <a href=\"https:\/\/www.lemonde.fr\/guides-d-achat\/article\/2018\/06\/30\/les-meilleurs-antivols-pour-attacher-son-velo_5323670_5306571.html\" class=\"inread__link js-services-inread-link\" target=\"_blank\" rel=\"noopener\">  <\/p>\n<p>Cadenas de v\u00e9lo<\/p>\n<p>Les meilleurs cadenas de v\u00e9lo<\/p>\n<p>Lire<\/p>\n<p> <\/a>      <\/p>\n<p> Newsletter  <\/p>\n<p> <a href=\"https:\/\/www.lemonde.fr\/newsletters\/sport\/\" class=\"inread__link js-services-inread-link\" target=\"_blank\" rel=\"noopener\">  <\/p>\n<p>\u00ab Sport \u00bb<\/p>\n<p>Enqu\u00eates, reportages, analyses : l&rsquo;actualit\u00e9 du sport dans votre bo\u00eete e-mail chaque samedi<\/p>\n<p>S&rsquo;inscrire<\/p>\n<p> <\/a>             <\/p>\n<p class=\"article__paragraph  \">Dimanche 7\u00a0d\u00e9cembre, Nice, 10e avec 17\u00a0points, re\u00e7oit Angers, 12e (16 points). Apr\u00e8s deux jours de repos, l\u2019\u00e9quipe est cens\u00e9e reprendre l\u2019entra\u00eenement mercredi. Quel sera son \u00e9tat d\u2019esprit apr\u00e8s les vifs d\u00e9bordements de dimanche\u00a0? Alors que les joueurs des Aiglons doivent tenter de lutter pour relancer une saison mal embarqu\u00e9e, certains supporteurs ont d\u00e9cid\u00e9 de se battre contre leurs propres joueurs.<\/p>\n<p class=\"article__author-container\"> <a class=\"article__author-link\" href=\"https:\/\/www.lemonde.fr\/signataires\/service-sports\/\" target=\"_blank\" rel=\"noopener\"> Service Sports<\/a> (avec AFP) <\/p>\n<p>                <a href=\"https:\/\/www.lemonde.fr\/syndication\/\" class=\"reuse__content\" title=\"R\u00e9utiliser ce contenu\" target=\"_blank\" rel=\"noopener\">R\u00e9utiliser ce contenu<\/a>      <\/p>\n","protected":false},"excerpt":{"rendered":"Des supporteurs ultras de l\u2019OGC Nice, lors du match entre les Aiglons et l\u2019Olympique de Marseille, le 21\u00a0novembre&hellip;\n","protected":false},"author":2,"featured_media":571857,"comment_status":"","ping_status":"","sticky":false,"template":"","format":"standard","meta":{"footnotes":""},"categories":[2819],"tags":[1111,11,1777,674,1011,27,12,2401,882,25],"class_list":{"0":"post-571856","1":"post","2":"type-post","3":"status-publish","4":"format-standard","5":"has-post-thumbnail","7":"category-nice","8":"tag-actu","9":"tag-actualites","10":"tag-eu","11":"tag-europe","12":"tag-fr","13":"tag-france","14":"tag-news","15":"tag-nice","16":"tag-provence-alpes-cote-dazur","17":"tag-republique-francaise"},"share_on_mastodon":{"url":"https:\/\/pubeurope.com\/@fr\/115646781126962547","error":""},"_links":{"self":[{"href":"https:\/\/www.europesays.com\/fr\/wp-json\/wp\/v2\/posts\/571856","targetHints":{"allow":["GET"]}}],"collection":[{"href":"https:\/\/www.europesays.com\/fr\/wp-json\/wp\/v2\/posts"}],"about":[{"href":"https:\/\/www.europesays.com\/fr\/wp-json\/wp\/v2\/types\/post"}],"author":[{"embeddable":true,"href":"https:\/\/www.europesays.com\/fr\/wp-json\/wp\/v2\/users\/2"}],"replies":[{"embeddable":true,"href":"https:\/\/www.europesays.com\/fr\/wp-json\/wp\/v2\/comments?post=571856"}],"version-history":[{"count":0,"href":"https:\/\/www.europesays.com\/fr\/wp-json\/wp\/v2\/posts\/571856\/revisions"}],"wp:featuredmedia":[{"embeddable":true,"href":"https:\/\/www.europesays.com\/fr\/wp-json\/wp\/v2\/media\/571857"}],"wp:attachment":[{"href":"https:\/\/www.europesays.com\/fr\/wp-json\/wp\/v2\/media?parent=571856"}],"wp:term":[{"taxonomy":"category","embeddable":true,"href":"https:\/\/www.europesays.com\/fr\/wp-json\/wp\/v2\/categories?post=571856"},{"taxonomy":"post_tag","embeddable":true,"href":"https:\/\/www.europesays.com\/fr\/wp-json\/wp\/v2\/tags?post=571856"}],"curies":[{"name":"wp","href":"https:\/\/api.w.org\/{rel}","templated":true}]}}