{"id":571858,"date":"2025-12-01T22:56:22","date_gmt":"2025-12-01T22:56:22","guid":{"rendered":"https:\/\/www.europesays.com\/fr\/571858\/"},"modified":"2025-12-01T22:56:22","modified_gmt":"2025-12-01T22:56:22","slug":"au-tribunal-les-laborieuses-explications-de-linformaticien-accuse-de-la-cyberattaque-dhospi-grand-ouest","status":"publish","type":"post","link":"https:\/\/www.europesays.com\/fr\/571858\/","title":{"rendered":"Au tribunal, les laborieuses explications de l\u2019informaticien accus\u00e9 de la cyberattaque d\u2019Hospi Grand Ouest"},"content":{"rendered":"<p>C\u2019est une attaque informatique qu\u2019il \u00ab\u00a0regrette am\u00e8rement\u00a0\u00bb, assure son avocat, Antonin Devivier. Pourtant, ce lundi 1er d\u00e9cembre, au tribunal judiciaire de Paris, le mea culpa de Bastien L., costume noir \u00e0 la barre, emprunte des voies bien tortueuses. Cet informaticien de 27 ans, qui vivait auparavant \u00e0 Rennes, est<a href=\"https:\/\/www.letelegramme.fr\/bretagne\/ca-ma-depasse-lauteur-de-la-cyberattaque-contre-hospi-grand-ouest-se-defend-6731425.php\" target=\"_blank\" rel=\"noopener\"> jug\u00e9 pour la cyberattaque subie, d\u00e9but octobre 2024, par son ancien employeur, Hospi Grand Ouest<\/a>, un groupe mutualiste qui g\u00e8re onze \u00e9tablissements de sant\u00e9 dans l\u2019Ouest.<\/p>\n<p><a href=\"https:\/\/www.letelegramme.fr\/bretagne\/cette-rocambolesque-cyberattaque-pourrait-couter-tres-cher-a-un-informaticien-rennais-6938335.php\" target=\"_blank\" rel=\"noopener\">Devant les juges de la 13e chambre correctionnelle<\/a>, le pr\u00e9venu a ainsi d\u2019abord minimis\u00e9 les cons\u00e9quences de ses actes. L\u2019attaque en d\u00e9ni de service, cette fa\u00e7on d\u2019emp\u00eacher l\u2019acc\u00e8s \u00e0 un site web en le saturant de requ\u00eates\u00a0? \u00ab\u00a0On ne pouvait juste plus aller sur Google ou Youtube\u00a0\u00bb, assure avec aplomb Bastien L. Les donn\u00e9es de sant\u00e9 qu\u2019on l\u2019accuse d\u2019avoir supprim\u00e9es\u00a0? Il les aurait restaur\u00e9es aussit\u00f4t, mais personne ne s\u2019en est aper\u00e7u, r\u00e9pond-il en substance.<\/p>\n<p>Deux ans de prison avec sursis requis<\/p>\n<p>Une fa\u00e7on de pr\u00e9senter les choses peu du go\u00fbt de la substitute du procureur, Audrey Gerbaud. Alors que le pr\u00e9venu explique son attaque par une sorte de coup de sang, le minist\u00e8re public rel\u00e8ve qu\u2019elle s\u2019est \u00e9tal\u00e9e sur plusieurs jours. De m\u00eame, apr\u00e8s avoir assur\u00e9 ne pas avoir cherch\u00e9 \u00e0 se dissimuler, le pr\u00e9venu a finalement admis \u00e0 l\u2019audience avoir utilis\u00e9 jusqu\u2019\u00e0 trois r\u00e9seaux priv\u00e9s virtuels (VPN) sur son t\u00e9l\u00e9phone, parfois simultan\u00e9ment. Des services con\u00e7us pr\u00e9cis\u00e9ment pour masquer ses traces. Dans ce dossier, \u00ab\u00a0on a du mal \u00e0 voir autre chose qu\u2019une pure vengeance\u00a0\u00bb, r\u00e9sume la magistrate. Et de demander une peine de deux ans de prison avec sursis et l\u2019interdiction d\u2019exercer dans la cybers\u00e9curit\u00e9.<\/p>\n<p>\u00ab\u00a0Les choses lui ont \u00e9chapp\u00e9 et il s\u2019est br\u00fbl\u00e9 les doigts\u00a0\u00bb, r\u00e9torque son avocat. En d\u00e9but d\u2019audience, il a d\u00e9peint le portrait d\u2019un \u00ab\u00a0salari\u00e9 en d\u00e9tresse\u00a0\u00bb, encore en p\u00e9riode d\u2019essai mais \u00ab\u00a0humili\u00e9 parce qu\u2019il avait mis en lumi\u00e8re des failles informatiques\u00a0\u00bb. D\u00e9sormais, il va devoir \u00ab\u00a0payer toute sa vie\u00a0\u00bb pour cette cyberattaque, souligne Me Antonin Devivier, une r\u00e9f\u00e9rence aux enjeux financiers du dossier \u00ab\u00a0absolument \u00e9normes\u00a0\u00bb. Peut-\u00eatre avec sa nouvelle entreprise de conseil, si le tribunal le permet &#8211; la d\u00e9fense assure qu\u2019elle n\u2019a rien \u00e0 voir avec la s\u00e9curit\u00e9 informatique mais sa pr\u00e9sentation sur le r\u00e9seau social professionnel LinkedIn indique le contraire. Si le groupe Hospi Grand Ouest n\u2019a pas encore chiffr\u00e9 exactement son pr\u00e9judice, le chiffre de trois millions d\u2019euros avait \u00e9t\u00e9 pr\u00e9c\u00e9demment \u00e9voqu\u00e9.<\/p>\n<p>Le jugement a \u00e9t\u00e9 mis en d\u00e9lib\u00e9r\u00e9 au 12 janvier 2026.<\/p>\n","protected":false},"excerpt":{"rendered":"C\u2019est une attaque informatique qu\u2019il \u00ab\u00a0regrette am\u00e8rement\u00a0\u00bb, assure son avocat, Antonin Devivier. Pourtant, ce lundi 1er d\u00e9cembre, au&hellip;\n","protected":false},"author":2,"featured_media":571859,"comment_status":"","ping_status":"","sticky":false,"template":"","format":"standard","meta":{"footnotes":""},"categories":[2818],"tags":[1111,11,829,765,1777,674,118,1011,27,766,12,2636,584,25],"class_list":{"0":"post-571858","1":"post","2":"type-post","3":"status-publish","4":"format-standard","5":"has-post-thumbnail","7":"category-nantes","8":"tag-actu","9":"tag-actualites","10":"tag-bretagne","11":"tag-en-continu","12":"tag-eu","13":"tag-europe","14":"tag-faits-divers","15":"tag-fr","16":"tag-france","17":"tag-nantes","18":"tag-news","19":"tag-pays-de-la-loire","20":"tag-rennes","21":"tag-republique-francaise"},"share_on_mastodon":{"url":"https:\/\/pubeurope.com\/@fr\/115646784180537930","error":""},"_links":{"self":[{"href":"https:\/\/www.europesays.com\/fr\/wp-json\/wp\/v2\/posts\/571858","targetHints":{"allow":["GET"]}}],"collection":[{"href":"https:\/\/www.europesays.com\/fr\/wp-json\/wp\/v2\/posts"}],"about":[{"href":"https:\/\/www.europesays.com\/fr\/wp-json\/wp\/v2\/types\/post"}],"author":[{"embeddable":true,"href":"https:\/\/www.europesays.com\/fr\/wp-json\/wp\/v2\/users\/2"}],"replies":[{"embeddable":true,"href":"https:\/\/www.europesays.com\/fr\/wp-json\/wp\/v2\/comments?post=571858"}],"version-history":[{"count":0,"href":"https:\/\/www.europesays.com\/fr\/wp-json\/wp\/v2\/posts\/571858\/revisions"}],"wp:featuredmedia":[{"embeddable":true,"href":"https:\/\/www.europesays.com\/fr\/wp-json\/wp\/v2\/media\/571859"}],"wp:attachment":[{"href":"https:\/\/www.europesays.com\/fr\/wp-json\/wp\/v2\/media?parent=571858"}],"wp:term":[{"taxonomy":"category","embeddable":true,"href":"https:\/\/www.europesays.com\/fr\/wp-json\/wp\/v2\/categories?post=571858"},{"taxonomy":"post_tag","embeddable":true,"href":"https:\/\/www.europesays.com\/fr\/wp-json\/wp\/v2\/tags?post=571858"}],"curies":[{"name":"wp","href":"https:\/\/api.w.org\/{rel}","templated":true}]}}