{"id":57186,"date":"2025-04-27T16:15:09","date_gmt":"2025-04-27T16:15:09","guid":{"rendered":"https:\/\/www.europesays.com\/fr\/57186\/"},"modified":"2025-04-27T16:15:09","modified_gmt":"2025-04-27T16:15:09","slug":"une-semaine-a-venir-cruciale-selon-washington","status":"publish","type":"post","link":"https:\/\/www.europesays.com\/fr\/57186\/","title":{"rendered":"une semaine \u00e0 venir \u00ab cruciale \u00bb selon Washington"},"content":{"rendered":"<p>Alors que Donald Trump exerce une pression croissante pour parvenir rapidement \u00e0 une cessation des hostilit\u00e9s, multipliant les signes d&rsquo;impatience vis-\u00e0-vis de Kiev et de Moscou, Marco Rubio, chef de la diplomatie am\u00e9ricaine, souligne l&rsquo;importance des prochains jours. Le pr\u00e9sident am\u00e9ricain a rencontr\u00e9 samedi \u00e0 Rome son homologue ukrainien Volodymyr Zelensky, en marge des fun\u00e9railles du pape Fran\u00e7ois, et a \u00e9mis des doutes sur la volont\u00e9 de Vladimir Poutine de r\u00e9gler le conflit.<\/p>\n<p>Le secr\u00e9taire d&rsquo;\u00c9tat a insist\u00e9 sur le fait qu&rsquo;\u00ab il n&rsquo;y a pas de solution militaire \u00e0 cette guerre \u00bb, appelant \u00e0 un r\u00e8glement n\u00e9goci\u00e9 dans lequel \u00ab chaque partie devra faire des concessions \u00bb. Mike Waltz, conseiller \u00e0 la s\u00e9curit\u00e9 nationale, a confirm\u00e9 dimanche sur Fox News qu&rsquo;\u00ab un certain nombre de discussions sur le territoire \u00bb avaient eu lieu entre Kiev et Moscou, sans en pr\u00e9ciser les termes.<\/p>\n<p>Donald Trump, dans un entretien \u00e0 Time publi\u00e9 vendredi, a assur\u00e9 que la Russie conserverait la Crim\u00e9e, une p\u00e9ninsule annex\u00e9e en 2014, et dont la reconnaissance comme territoire russe serait \u00e9voqu\u00e9e dans la proposition am\u00e9ricaine, selon plusieurs m\u00e9dias. Une option que Volodymyr Zelensky refuse cat\u00e9goriquement.<\/p>\n","protected":false},"excerpt":{"rendered":"Alors que Donald Trump exerce une pression croissante pour parvenir rapidement \u00e0 une cessation des hostilit\u00e9s, multipliant les&hellip;\n","protected":false},"author":2,"featured_media":57187,"comment_status":"","ping_status":"","sticky":false,"template":"","format":"standard","meta":{"footnotes":""},"categories":[1590],"tags":[17,11,15297,33,1777,674,12,15298,5572,220,96,13129,2744],"class_list":{"0":"post-57186","1":"post","2":"type-post","3":"status-publish","4":"format-standard","5":"has-post-thumbnail","7":"category-ukraine","8":"tag-17","9":"tag-actualites","10":"tag-cruciale","11":"tag-economie","12":"tag-eu","13":"tag-europe","14":"tag-news","15":"tag-selon","16":"tag-semaine","17":"tag-ukraine","18":"tag-une","19":"tag-venir","20":"tag-washington"},"share_on_mastodon":{"url":"https:\/\/pubeurope.com\/@fr\/114410823533546638","error":""},"_links":{"self":[{"href":"https:\/\/www.europesays.com\/fr\/wp-json\/wp\/v2\/posts\/57186","targetHints":{"allow":["GET"]}}],"collection":[{"href":"https:\/\/www.europesays.com\/fr\/wp-json\/wp\/v2\/posts"}],"about":[{"href":"https:\/\/www.europesays.com\/fr\/wp-json\/wp\/v2\/types\/post"}],"author":[{"embeddable":true,"href":"https:\/\/www.europesays.com\/fr\/wp-json\/wp\/v2\/users\/2"}],"replies":[{"embeddable":true,"href":"https:\/\/www.europesays.com\/fr\/wp-json\/wp\/v2\/comments?post=57186"}],"version-history":[{"count":0,"href":"https:\/\/www.europesays.com\/fr\/wp-json\/wp\/v2\/posts\/57186\/revisions"}],"wp:featuredmedia":[{"embeddable":true,"href":"https:\/\/www.europesays.com\/fr\/wp-json\/wp\/v2\/media\/57187"}],"wp:attachment":[{"href":"https:\/\/www.europesays.com\/fr\/wp-json\/wp\/v2\/media?parent=57186"}],"wp:term":[{"taxonomy":"category","embeddable":true,"href":"https:\/\/www.europesays.com\/fr\/wp-json\/wp\/v2\/categories?post=57186"},{"taxonomy":"post_tag","embeddable":true,"href":"https:\/\/www.europesays.com\/fr\/wp-json\/wp\/v2\/tags?post=57186"}],"curies":[{"name":"wp","href":"https:\/\/api.w.org\/{rel}","templated":true}]}}