{"id":571860,"date":"2025-12-01T22:57:23","date_gmt":"2025-12-01T22:57:23","guid":{"rendered":"https:\/\/www.europesays.com\/fr\/571860\/"},"modified":"2025-12-01T22:57:23","modified_gmt":"2025-12-01T22:57:23","slug":"nantes-3-0-satriano-soffre-un-beau-cadeau-pour-les-75-ans","status":"publish","type":"post","link":"https:\/\/www.europesays.com\/fr\/571860\/","title":{"rendered":"Nantes (3-0) : Satriano s&rsquo;offre un beau cadeau pour les 75 ans"},"content":{"rendered":"<\/p>\n<p>Ce lundi, l\u2019\u00e9quipe de \u00ab\u00a0Tant qu\u2019il y aura des Gones\u00a0\u00bb est revenue pour une nouvelle \u00e9mission. Une heure de d\u00e9bats plac\u00e9e sous le signe de la victoire de l\u2019OL face \u00e0 Nantes gr\u00e2ce notamment \u00e0 Martin Satriano, mais aussi les 75 ans du club.<\/p>\n<p>C&rsquo;\u00e9tait jour de f\u00eate dimanche \u00e0 D\u00e9cines ! Pour ses 75 ans, l&rsquo;OL avait mis les petits plats dans les grands pendant presque toute la journ\u00e9e. Avec un lever de rideau o\u00f9 les anciennes idoles de Gerland et du Parc OL ont r\u00e9gal\u00e9 le public puis une victoire des joueurs de Paulo <strong>Fonseca<\/strong> face au <strong>FC Nantes<\/strong> ont fait de cette journ\u00e9e un vrai moment de communion entre toutes les g\u00e9n\u00e9rations du club lyonnais. Pour en parler, \u00ab\u00a0Tant qu&rsquo;il y aura des Gones\u00a0\u00bb recevait Patrick <strong>Gabai<\/strong>, journaliste au Progr\u00e8s et qui a oeuvr\u00e9 \u00e0 l&rsquo;\u00e9crire du livre anniversaire \u00ab\u00a075 ANS DE L&rsquo;OL &#8211; RUGIR ENCORE\u00a0\u00bb.<\/p>\n<p>Avec l&rsquo;\u00e9quipe de TKYDG, ils sont logiquement revenus sur cette journ\u00e9e anniversaire, d&rsquo;autant plus que notre consultant Enzo <strong>Reale<\/strong> a particip\u00e9 au match de l&rsquo;<strong>OL L\u00e9gendes<\/strong> contre <strong>Parme<\/strong> (<a href=\"https:\/\/www.olympique-et-lyonnais.com\/lol-legendes-soffre-un-bain-de-foule-et-une-victoire-4-2,385652.html\" target=\"_blank\" rel=\"noopener\">victoire 4-2<\/a>). Mais, c&rsquo;est bien du pr\u00e9sent de l&rsquo;OL dont il est question et impossible de ne pas parler du doubl\u00e9 de Martin <strong>Satriano<\/strong>, apr\u00e8s dix-sept matchs sans marquer en Ligue 1. Le cas de l&rsquo;attaquant uruguayen a \u00e9t\u00e9 d\u00e9crypt\u00e9, tout comme la performance lyonnaise face aux Canaris d&rsquo;Anthony Lopes.<\/p>\n","protected":false},"excerpt":{"rendered":"Ce lundi, l\u2019\u00e9quipe de \u00ab\u00a0Tant qu\u2019il y aura des Gones\u00a0\u00bb est revenue pour une nouvelle \u00e9mission. Une heure&hellip;\n","protected":false},"author":2,"featured_media":571861,"comment_status":"","ping_status":"","sticky":false,"template":"","format":"standard","meta":{"footnotes":""},"categories":[2818],"tags":[1111,11,1777,674,1011,27,66,766,12,241,978,2636,25],"class_list":{"0":"post-571860","1":"post","2":"type-post","3":"status-publish","4":"format-standard","5":"has-post-thumbnail","7":"category-nantes","8":"tag-actu","9":"tag-actualites","10":"tag-eu","11":"tag-europe","12":"tag-fr","13":"tag-france","14":"tag-ligue-1","15":"tag-nantes","16":"tag-news","17":"tag-ol","18":"tag-olympique-lyonnais","19":"tag-pays-de-la-loire","20":"tag-republique-francaise"},"share_on_mastodon":{"url":"https:\/\/pubeurope.com\/@fr\/115646788061890224","error":""},"_links":{"self":[{"href":"https:\/\/www.europesays.com\/fr\/wp-json\/wp\/v2\/posts\/571860","targetHints":{"allow":["GET"]}}],"collection":[{"href":"https:\/\/www.europesays.com\/fr\/wp-json\/wp\/v2\/posts"}],"about":[{"href":"https:\/\/www.europesays.com\/fr\/wp-json\/wp\/v2\/types\/post"}],"author":[{"embeddable":true,"href":"https:\/\/www.europesays.com\/fr\/wp-json\/wp\/v2\/users\/2"}],"replies":[{"embeddable":true,"href":"https:\/\/www.europesays.com\/fr\/wp-json\/wp\/v2\/comments?post=571860"}],"version-history":[{"count":0,"href":"https:\/\/www.europesays.com\/fr\/wp-json\/wp\/v2\/posts\/571860\/revisions"}],"wp:featuredmedia":[{"embeddable":true,"href":"https:\/\/www.europesays.com\/fr\/wp-json\/wp\/v2\/media\/571861"}],"wp:attachment":[{"href":"https:\/\/www.europesays.com\/fr\/wp-json\/wp\/v2\/media?parent=571860"}],"wp:term":[{"taxonomy":"category","embeddable":true,"href":"https:\/\/www.europesays.com\/fr\/wp-json\/wp\/v2\/categories?post=571860"},{"taxonomy":"post_tag","embeddable":true,"href":"https:\/\/www.europesays.com\/fr\/wp-json\/wp\/v2\/tags?post=571860"}],"curies":[{"name":"wp","href":"https:\/\/api.w.org\/{rel}","templated":true}]}}