{"id":571864,"date":"2025-12-01T22:59:15","date_gmt":"2025-12-01T22:59:15","guid":{"rendered":"https:\/\/www.europesays.com\/fr\/571864\/"},"modified":"2025-12-01T22:59:15","modified_gmt":"2025-12-01T22:59:15","slug":"les-girondins-au-puy-en-coupe-de-france-ca-va-nous-permettre-de-nous-jauger-face-a-une-n1-pointe-bruno-irles","status":"publish","type":"post","link":"https:\/\/www.europesays.com\/fr\/571864\/","title":{"rendered":"Les Girondins au Puy en Coupe de France. \u00ab\u00a0\u00c7a va nous permettre de nous jauger face \u00e0 une N1\u00a0\u00bb, pointe Bruno Irles"},"content":{"rendered":"<p>\u00ab\u00a0Je suis d\u00e9\u00e7u pour nos supporters\u00a0: quel que soit l\u2019adversaire, c\u2019est dommage de jouer \u00e0 l\u2019ext\u00e9rieur \u00e0 ce stade de la comp\u00e9tition\u00a0\u00bb, a comment\u00e9 l\u2019entra\u00eeneur Bruno Irles, qui va se rapprocher de sa ville d\u2019origine (Roanne). \u00ab\u00a0Sportivement, \u00e7a va nous permettre de nous jauger face \u00e0 une \u00e9quipe qui vient de monter dans une division que l\u2019on vise. Je connaissais leur \u00e9quipe de la saison derni\u00e8re qui a termin\u00e9 premi\u00e8re dans une poule sud tr\u00e8s difficile. L\u00e0, je sais juste qu\u2019ils avaient mal d\u00e9marr\u00e9 et sont sur une super dynamique (une seule d\u00e9faite en 11 matchs, dont huit victoires).\u00a0\u00bb<\/p>\n<p>Entra\u00een\u00e9 pour la troisi\u00e8me saison par le local St\u00e9phane Dief, Le Puy a un profil proche des Girondins, avec un groupe sans grand nom mais tr\u00e8s homog\u00e8ne. Il poss\u00e8de \u00e9galement des r\u00e9f\u00e9rences r\u00e9centes en Coupe de France, avec les \u00e9liminations de deux formations de Ligue 1, Lorient (1-0) et Nice (1-0) en 2020 et 2022.<\/p>\n","protected":false},"excerpt":{"rendered":"\u00ab\u00a0Je suis d\u00e9\u00e7u pour nos supporters\u00a0: quel que soit l\u2019adversaire, c\u2019est dommage de jouer \u00e0 l\u2019ext\u00e9rieur \u00e0 ce&hellip;\n","protected":false},"author":2,"featured_media":571865,"comment_status":"","ping_status":"","sticky":false,"template":"","format":"standard","meta":{"footnotes":""},"categories":[2817],"tags":[1111,11,1997,1777,674,1011,27,12,2219,25],"class_list":{"0":"post-571864","1":"post","2":"type-post","3":"status-publish","4":"format-standard","5":"has-post-thumbnail","7":"category-bordeaux","8":"tag-actu","9":"tag-actualites","10":"tag-bordeaux","11":"tag-eu","12":"tag-europe","13":"tag-fr","14":"tag-france","15":"tag-news","16":"tag-nouvelle-aquitaine","17":"tag-republique-francaise"},"share_on_mastodon":{"url":"https:\/\/pubeurope.com\/@fr\/115646796181184583","error":""},"_links":{"self":[{"href":"https:\/\/www.europesays.com\/fr\/wp-json\/wp\/v2\/posts\/571864","targetHints":{"allow":["GET"]}}],"collection":[{"href":"https:\/\/www.europesays.com\/fr\/wp-json\/wp\/v2\/posts"}],"about":[{"href":"https:\/\/www.europesays.com\/fr\/wp-json\/wp\/v2\/types\/post"}],"author":[{"embeddable":true,"href":"https:\/\/www.europesays.com\/fr\/wp-json\/wp\/v2\/users\/2"}],"replies":[{"embeddable":true,"href":"https:\/\/www.europesays.com\/fr\/wp-json\/wp\/v2\/comments?post=571864"}],"version-history":[{"count":0,"href":"https:\/\/www.europesays.com\/fr\/wp-json\/wp\/v2\/posts\/571864\/revisions"}],"wp:featuredmedia":[{"embeddable":true,"href":"https:\/\/www.europesays.com\/fr\/wp-json\/wp\/v2\/media\/571865"}],"wp:attachment":[{"href":"https:\/\/www.europesays.com\/fr\/wp-json\/wp\/v2\/media?parent=571864"}],"wp:term":[{"taxonomy":"category","embeddable":true,"href":"https:\/\/www.europesays.com\/fr\/wp-json\/wp\/v2\/categories?post=571864"},{"taxonomy":"post_tag","embeddable":true,"href":"https:\/\/www.europesays.com\/fr\/wp-json\/wp\/v2\/tags?post=571864"}],"curies":[{"name":"wp","href":"https:\/\/api.w.org\/{rel}","templated":true}]}}