{"id":571866,"date":"2025-12-01T23:00:28","date_gmt":"2025-12-01T23:00:28","guid":{"rendered":"https:\/\/www.europesays.com\/fr\/571866\/"},"modified":"2025-12-01T23:00:28","modified_gmt":"2025-12-01T23:00:28","slug":"pourquoi-des-avions-de-larmee-de-lair-indienne-ont-ete-apercus-dans-la-ville-rose","status":"publish","type":"post","link":"https:\/\/www.europesays.com\/fr\/571866\/","title":{"rendered":"pourquoi des avions de l&rsquo;arm\u00e9e de l&rsquo;air indienne ont \u00e9t\u00e9 aper\u00e7us dans la Ville rose"},"content":{"rendered":"<p>                    Par<br \/>\n        <strong><br \/>\n            <a href=\"https:\/\/actu.fr\/auteur\/guillaume-laurens\" title=\"Consulter tous les articles de Guillaume Laurens\" target=\"_blank\" rel=\"noopener\">Guillaume Laurens<\/a><br \/>\n                    <\/strong><\/p>\n<p>        Publi\u00e9 le<\/p>\n<p>            1 d\u00e9c. 2025 \u00e0 18h08        <\/p>\n<p>Dans la capitale europ\u00e9enne de l\u2019a\u00e9ronautique, leur escale totalement in\u00e9dite n\u2019est pas pass\u00e9e inaper\u00e7ue. En ces derniers jours de novembre\u00a02025, plusieurs avions militaires de <strong>l\u2019India Air Force,<\/strong> l\u2019arm\u00e9e de l\u2019air indienne, ont \u00e9t\u00e9 aper\u00e7us dans le ciel de la Ville rose, mais aussi sur le tarmac de <a href=\"https:\/\/actu.fr\/tag\/aeroport-toulouse-blagnac\" target=\"_blank\" rel=\"noopener\"><strong>l\u2019a\u00e9roport Toulouse-Blagnac.<\/strong><\/a><\/p>\n<p>Deux Ilyushin, des ravitailleurs russes, \u00e0 Toulouse<\/p>\n<p class=\" wall-content\">Deux <strong>Ilyushin II 78MKI,<\/strong> des \u00e9normes avions ravitailleurs de 72\u00a0tonnes (\u00e0 vide) aux couleurs de l\u2019Inde, construits en Russie dans les ann\u00e9es 80 et 90, sont rest\u00e9s pendant plusieurs jours sur le tarmac de <strong>l\u2019a\u00e9roport toulousain.<\/strong><\/p>\n<p class=\" wall-content\">Comme le confirme <a href=\"https:\/\/www.flightradar24.com\/data\/aircraft\/kj-3449\" target=\"_blank\" rel=\"noopener\">le site sp\u00e9cialis\u00e9 Flightradar<\/a>, ils ont atterri dans la Ville rose le mercredi 26\u00a0novembre depuis les a\u00e9roports de Mersa Matruh et Hurghada (\u00c9gypte), avant de repartir dimanche 30\u00a0novembre en direction du\u00a0Caire, o\u00f9 ils ont fait escale afin de rallier l\u2019Inde. Et cela n\u2019a pas \u00e9chapp\u00e9 aux spotters de Toulouse, \u00e0 l\u2019instar de <strong>Krystian Wilusz<\/strong>, alias <a href=\"https:\/\/www.instagram.com\/wingsview_tls\/\" target=\"_blank\" rel=\"noopener\">wingsview_tls sur Instagram<\/a>.<\/p>\n<p>    <img   decoding=\"async\" loading=\"lazy\" src=\"https:\/\/www.europesays.com\/fr\/wp-content\/uploads\/2025\/12\/ilyushin-ii-78mki-toulouse-2-960x640.jpeg\" alt=\"Les avions de l'arm\u00e9e indienne sont rest\u00e9s plusieurs jours sur le tarmac de l'a\u00e9roport Toulouse-Blagnac\" width=\"960\" height=\"640\"\/><br \/>\n    Les avions de l\u2019arm\u00e9e indienne sont rest\u00e9s plusieurs jours sur le tarmac de l\u2019a\u00e9roport Toulouse-Blagnac (\u00a9Krystian Wilusz @Wingsview_TLS)<\/p>\n<p class=\" wall-content\">Ces avions militaires rarissimes en Europe et probablement jamais vus dans la Ville rose \u00e9taient l\u00e0 pour <strong>ravitailler six Soukho\u00ef Su-30<\/strong>, des avions de chasse de l\u2019arm\u00e9e indienne, qui \u00e9taient en France pour participer \u00e0 un exercice militaire conjoint des deux pays.<\/p>\n<p class=\" wall-content\"><a href=\"https:\/\/www.instagram.com\/p\/DRiLGHHDgjt\/embed\" title=\"Ouvrir le lien sur Instagram\" target=\"_blank\" rel=\"noopener\">Visualiser le contenu sur Instagram<\/a><\/p>\n<p>Vid\u00e9os : en ce moment sur Actu\u00ab\u2009Ce sont des avions tr\u00e8s rares aujourd\u2019hui\u2009\u00bb, dit un spotter<\/p>\n<p class=\" wall-content\">\u00ab\u2009Je suis originaire de Pologne. \u00c9tant petit, j\u2019ai vu pas mal d\u2019avions sovi\u00e9tiques, de vieux appareils. Mais c\u2019est la premi\u00e8re fois que je vois de tels avions atterrir, c\u2019\u00e9tait <strong>vraiment impressionnant\u2009!\u2009\u00bb<\/strong> raconte <strong>Krystian Wilusz<\/strong>.<\/p>\n<blockquote class=\"ac-article-quote wall-content\">\n<p>Ce sont des avions tr\u00e8s rares aujourd&rsquo;hui. Il n&rsquo;y en a plus beaucoup, car ce sont des appareils d&rsquo;anciennes technologies, qui ne sont plus dans les normes actuelles. Ils font beaucoup de bruit.<\/p>\n<p>    <strong>Krystian Wilusz<\/strong><br \/>\n        Spotter \u00e0 l&rsquo;a\u00e9roport Toulouse-Blagnac    <\/p><\/blockquote>\n<p>Votre r\u00e9gion, votre actu !<\/p>\n<p>Recevez chaque jour les infos qui comptent pour vous.<\/p>\n<p>\t<a href=\"https:\/\/actu.fr\/newsletter\" class=\"ac-btn ac-btn--corner ac-btn--medium ac-btn--blue800\" target=\"_blank\" rel=\"noopener\">S&rsquo;incrire<\/a><br \/>\nUn exercice franco-indien dans le ciel de l\u2019Hexagone<\/p>\n<p class=\" wall-content\">Comme le d\u00e9taille l\u2019\u00e9tat-major des Arm\u00e9es, des <strong>avions de combat<\/strong> indiens et fran\u00e7ais se sont en effet entra\u00een\u00e9s dans le ciel de l\u2019hexagone ces derniers jours<strong>,<\/strong> \u00e0 partir de la base a\u00e9rienne 118 de<strong> Mont-de-Marsan<\/strong> (Landes), \u00e0 l\u2019occasion d\u2019un exercice baptis\u00e9 <strong>Garuda<\/strong>. Si l\u2019Inde a envoy\u00e9 des avions de chasse russes, la France avait de son c\u00f4t\u00e9 d\u00e9ploy\u00e9 des Rafale et Mirage 2000.<\/p>\n<p class=\" wall-content\">\n<p class=\" wall-content\">Ces a\u00e9ronefs ont men\u00e9 \u00ab\u2009des vols conjoints pour am\u00e9liorer la capacit\u00e9 des aviateurs fran\u00e7ais et indiens \u00e0 op\u00e9rer ensemble dans des <strong>sc\u00e9narios de haute intensit\u00e9\u2009\u00bb,<\/strong> d\u00e9veloppe l\u2019\u00e9tat-major des Arm\u00e9es, qui pr\u00e9cise que \u00ab\u2009Garuda s\u2019inscrit dans la longue tradition de partenariat\u2009\u00bb entre les deux pays, faite de \u00ab\u2009confiance et projets communs\u2009\u00bb.<\/p>\n<p class=\" wall-content\">\n<p class=\" wall-content\">Personnalisez votre actualit\u00e9 en ajoutant vos villes et m\u00e9dias en favori avec <a href=\"https:\/\/moncompte.actu.fr\" title=\"D\u00e9couvez Mon Actu\" rel=\"nofollow noopener\" data-trk=\"{&quot;cta&quot;:{&quot;action&quot;:&quot;https:\\\/\\\/moncompte.actu.fr&quot;,&quot;category&quot;:&quot;mon compte&quot;,&quot;from&quot;:&quot;article footer&quot;,&quot;name&quot;:&quot;Mon actu&quot;,&quot;type&quot;:&quot;cta&quot;}}\" target=\"_blank\">Mon Actu<\/a>.<\/p>\n<p>                    <script async src=\"\/\/www.instagram.com\/embed.js\"><\/script><\/p>\n","protected":false},"excerpt":{"rendered":"Par Guillaume Laurens Publi\u00e9 le 1 d\u00e9c. 2025 \u00e0 18h08 Dans la capitale europ\u00e9enne de l\u2019a\u00e9ronautique, leur escale&hellip;\n","protected":false},"author":2,"featured_media":571867,"comment_status":"","ping_status":"","sticky":false,"template":"","format":"standard","meta":{"footnotes":""},"categories":[2816],"tags":[1111,11,103,1813,1777,674,1011,27,12,2680,25,104,2312],"class_list":{"0":"post-571866","1":"post","2":"type-post","3":"status-publish","4":"format-standard","5":"has-post-thumbnail","7":"category-toulouse","8":"tag-actu","9":"tag-actualites","10":"tag-aeroport-toulouse-blagnac","11":"tag-armee","12":"tag-eu","13":"tag-europe","14":"tag-fr","15":"tag-france","16":"tag-news","17":"tag-occitanie","18":"tag-republique-francaise","19":"tag-societe","20":"tag-toulouse"},"share_on_mastodon":{"url":"https:\/\/pubeurope.com\/@fr\/115646800762509769","error":""},"_links":{"self":[{"href":"https:\/\/www.europesays.com\/fr\/wp-json\/wp\/v2\/posts\/571866","targetHints":{"allow":["GET"]}}],"collection":[{"href":"https:\/\/www.europesays.com\/fr\/wp-json\/wp\/v2\/posts"}],"about":[{"href":"https:\/\/www.europesays.com\/fr\/wp-json\/wp\/v2\/types\/post"}],"author":[{"embeddable":true,"href":"https:\/\/www.europesays.com\/fr\/wp-json\/wp\/v2\/users\/2"}],"replies":[{"embeddable":true,"href":"https:\/\/www.europesays.com\/fr\/wp-json\/wp\/v2\/comments?post=571866"}],"version-history":[{"count":0,"href":"https:\/\/www.europesays.com\/fr\/wp-json\/wp\/v2\/posts\/571866\/revisions"}],"wp:featuredmedia":[{"embeddable":true,"href":"https:\/\/www.europesays.com\/fr\/wp-json\/wp\/v2\/media\/571867"}],"wp:attachment":[{"href":"https:\/\/www.europesays.com\/fr\/wp-json\/wp\/v2\/media?parent=571866"}],"wp:term":[{"taxonomy":"category","embeddable":true,"href":"https:\/\/www.europesays.com\/fr\/wp-json\/wp\/v2\/categories?post=571866"},{"taxonomy":"post_tag","embeddable":true,"href":"https:\/\/www.europesays.com\/fr\/wp-json\/wp\/v2\/tags?post=571866"}],"curies":[{"name":"wp","href":"https:\/\/api.w.org\/{rel}","templated":true}]}}