{"id":571872,"date":"2025-12-01T23:04:23","date_gmt":"2025-12-01T23:04:23","guid":{"rendered":"https:\/\/www.europesays.com\/fr\/571872\/"},"modified":"2025-12-01T23:04:23","modified_gmt":"2025-12-01T23:04:23","slug":"la-premiere-circular-fashion-week-ouvre-a-lille-2","status":"publish","type":"post","link":"https:\/\/www.europesays.com\/fr\/571872\/","title":{"rendered":"La premi\u00e8re \u00ab\u00a0Circular Fashion Week\u00a0\u00bb ouvre \u00e0 Lille"},"content":{"rendered":"<p>\n                                        <b>Par<\/b><br \/>\n                                        <br \/>AFP\n                                    <\/p>\n<p>\n                                    <b>Publi\u00e9 le<\/b><br \/>\n                                    <\/p>\n<p>                                        1 d\u00e9cembre 2025<\/p>\n<p class=\"article-content col-md-8 offset-md-1\">\n                                Donner de la visibilit\u00e9 aux acteurs de la mode circulaire: c&rsquo;est le but de la premi\u00e8re \u00ab\u00a0Circular Fashion Week\u00a0\u00bb, organis\u00e9e de lundi \u00e0 dimanche dans la m\u00e9tropole lilloise, avec d\u00e9fil\u00e9s, ateliers, forum professionnel et march\u00e9 de mode \u00ab\u00a0engag\u00e9e\u00a0\u00bb.<\/p>\n<p><img decoding=\"async\" class=\"news-image\" style=\"width:100%;max-width:738px;\" src=\"https:\/\/www.europesays.com\/fr\/wp-content\/uploads\/2025\/12\/2681.jpg\" alt=\"Un mannequin pr\u00e9sente une cr\u00e9ation \u00e0 bord d'un TGV dans le cadre de l'\u00e9v\u00e9nement 'Circular Fashion Week', sur le trajet Paris-Lille, le 1er d\u00e9cembre 2025\" loading=\"lazy\"\/>Un mannequin pr\u00e9sente une cr\u00e9ation \u00e0 bord d&rsquo;un TGV dans le cadre de l&rsquo;\u00e9v\u00e9nement \u00ab\u00a0Circular Fashion Week\u00a0\u00bb, sur le trajet Paris-Lille, le 1er d\u00e9cembre 2025 &#8211; Sameer Al-DOUMY \/ AFP<\/p>\n<p>Derri\u00e8re le terme mode circulaire, on trouve aussi bien des v\u00eatements \u00e0 la dur\u00e9e de vie prolong\u00e9e, gr\u00e2ce \u00e0 la r\u00e9paration et la r\u00e9utilisation, ou plus durables gr\u00e2ce \u00e0 l&rsquo;usage de mat\u00e9riaux recycl\u00e9s, des fibres naturelles et des circuits courts.<\/p>\n<p>Ce secteur se veut une alternative \u00e0 la fast fashion qui \u00e9crase tout sur son passage, et dont l&rsquo;un des symboles, la plateforme en ligne asiatique <a class=\"fnwAddLinks\" href=\"https:\/\/fr.fashionnetwork.com\/tags-shein\" title=\"Shein\" target=\"_blank\" rel=\"noopener\">Shein<\/a>, a accumul\u00e9 les pol\u00e9miques en France ces derniers temps.<\/p>\n<p class=\"col-md-8 offset-md-1 article-content--texte\">\u00ab\u00a0On sent que le consommateur est totalement perdu entre envie de faire les choses bien et \u00eatre en permanence stimul\u00e9 \u00e0 consommer\u00a0\u00bb, selon Anthony Jaugeard, consultant en \u00e9conomie circulaire.<\/p>\n<p>\u00ab\u00a0L&rsquo;objectif est de mettre en avant les solutions, les acteurs qui font une mode responsable et \u00e9cologique. La couverture m\u00e9diatique de la mode pas responsable est immense en ce moment. Donc nous, on voulait montrer tout ce qu&rsquo;on sait faire\u00a0\u00bb, a-t-il ajout\u00e9 lors de la conf\u00e9rence de presse d&rsquo;ouverture de l&rsquo;\u00e9v\u00e9nement lillois.<\/p>\n<p>\u00ab\u00a0Chaque ann\u00e9e, on s&rsquo;att\u00e8le \u00e0 des nouvelles mati\u00e8res. Cette ann\u00e9e, c&rsquo;est les chambres \u00e0 air des V\u00e9lib&rsquo; de Paris et les canots de sauvetage qu&rsquo;on r\u00e9cup\u00e8re pour faire des ceintures, et les ballons de rugby qu&rsquo;on a transform\u00e9s en porte-cartes\u00a0\u00bb, raconte Hubert Motte, le fondateur de La Vie est Belt, marque d&rsquo;upcycling bas\u00e9e \u00e0 Roubaix (Nord).<\/p>\n<p>Pour lancer cette semaine de mode circulaire, un d\u00e9fil\u00e9 a \u00e9t\u00e9 organis\u00e9 lundi dans un TGV Paris-Lille, surprenant les passagers.<\/p>\n<p>Un d\u00e9fil\u00e9 de mode vintage aura lieu mardi soir dans l&rsquo;usine textile Lemahieu dans la banlieue lilloise, puis un forum pour les professionnels jeudi et vendredi.<\/p>\n<p>Bien qu&rsquo;en croissance, la mode circulaire p\u00e8se encore tr\u00e8s peu au niveau \u00e9conomique, comme les produits neufs co\u00fbtent souvent moins chers. Or, 90% des consommateurs placent le prix comme premier crit\u00e8re d&rsquo;achat, bien loin devant l&rsquo;impact environnemental ou la durabilit\u00e9, selon une r\u00e9cente \u00e9tude de la chaire universitaire de la mode circulaire Tex&amp;Care.<\/p>\n<p>La Circular Fashion Week a vocation \u00e0 se tenir tous les deux ans \u00e0 Lille, selon ses organisateurs.<\/p>\n<p>Lille, 1 d\u00e9c 2025 (AFP)\n                            <\/p>\n<p>\n                                Tous droits de reproduction et de repr\u00e9sentation r\u00e9serv\u00e9s.<br \/>\u00a9 2025 Agence France-Presse<br \/>Toutes les informations reproduites dans cette rubrique (ou sur cette page selon le cas) sont prot\u00e9g\u00e9es par des droits de propri\u00e9t\u00e9 intellectuelle d\u00e9tenus par l&rsquo;AFP. Par cons\u00e9quent, aucune de ces informations ne peut \u00eatre reproduite, modifi\u00e9e, rediffus\u00e9e, traduite, exploit\u00e9e commercialement ou r\u00e9utilis\u00e9e de quelque mani\u00e8re que ce soit sans l&rsquo;accord pr\u00e9alable \u00e9crit de l&rsquo;AFP. L&rsquo;AFP ne pourra \u00eatre tenue pour responsable des d\u00e9lais, erreurs, omissions qui ne peuvent \u00eatre exclus, ni des cons\u00e9quences des actions ou transactions effectu\u00e9es sur la base de ces informations.\n                            <\/p>\n","protected":false},"excerpt":{"rendered":"Par AFP Publi\u00e9 le 1 d\u00e9cembre 2025 Donner de la visibilit\u00e9 aux acteurs de la mode circulaire: c&rsquo;est&hellip;\n","protected":false},"author":2,"featured_media":571636,"comment_status":"","ping_status":"","sticky":false,"template":"","format":"standard","meta":{"footnotes":""},"categories":[2815],"tags":[1111,11,2424,537,2423,1777,674,1011,27,811,1307,2425,985,12,2298,2426,2427,25,2421,1104,2422],"class_list":{"0":"post-571872","1":"post","2":"type-post","3":"status-publish","4":"format-standard","5":"has-post-thumbnail","7":"category-lille","8":"tag-actu","9":"tag-actualites","10":"tag-beaute","11":"tag-contact","12":"tag-cosmetiques","13":"tag-eu","14":"tag-europe","15":"tag-fr","16":"tag-france","17":"tag-hauts-de-france","18":"tag-lille","19":"tag-luxe","20":"tag-mode","21":"tag-news","22":"tag-parfum","23":"tag-professionnel","24":"tag-professionnels","25":"tag-republique-francaise","26":"tag-reseau","27":"tag-shein","28":"tag-textile"},"share_on_mastodon":{"url":"https:\/\/pubeurope.com\/@fr\/115646815697731806","error":""},"_links":{"self":[{"href":"https:\/\/www.europesays.com\/fr\/wp-json\/wp\/v2\/posts\/571872","targetHints":{"allow":["GET"]}}],"collection":[{"href":"https:\/\/www.europesays.com\/fr\/wp-json\/wp\/v2\/posts"}],"about":[{"href":"https:\/\/www.europesays.com\/fr\/wp-json\/wp\/v2\/types\/post"}],"author":[{"embeddable":true,"href":"https:\/\/www.europesays.com\/fr\/wp-json\/wp\/v2\/users\/2"}],"replies":[{"embeddable":true,"href":"https:\/\/www.europesays.com\/fr\/wp-json\/wp\/v2\/comments?post=571872"}],"version-history":[{"count":0,"href":"https:\/\/www.europesays.com\/fr\/wp-json\/wp\/v2\/posts\/571872\/revisions"}],"wp:featuredmedia":[{"embeddable":true,"href":"https:\/\/www.europesays.com\/fr\/wp-json\/wp\/v2\/media\/571636"}],"wp:attachment":[{"href":"https:\/\/www.europesays.com\/fr\/wp-json\/wp\/v2\/media?parent=571872"}],"wp:term":[{"taxonomy":"category","embeddable":true,"href":"https:\/\/www.europesays.com\/fr\/wp-json\/wp\/v2\/categories?post=571872"},{"taxonomy":"post_tag","embeddable":true,"href":"https:\/\/www.europesays.com\/fr\/wp-json\/wp\/v2\/tags?post=571872"}],"curies":[{"name":"wp","href":"https:\/\/api.w.org\/{rel}","templated":true}]}}