{"id":571873,"date":"2025-12-01T23:05:19","date_gmt":"2025-12-01T23:05:19","guid":{"rendered":"https:\/\/www.europesays.com\/fr\/571873\/"},"modified":"2025-12-01T23:05:19","modified_gmt":"2025-12-01T23:05:19","slug":"un-grand-show-son-et-lumiere-ce-dimanche-pour-celebrer-la-fin-des-travaux-a-notre-dame-de-la-garde-07-12-2025-marseille","status":"publish","type":"post","link":"https:\/\/www.europesays.com\/fr\/571873\/","title":{"rendered":"Un grand show son et lumi\u00e8re ce dimanche pour c\u00e9l\u00e9brer la fin des travaux \u00e0 Notre Dame de la Garde &#8211; 07\/12\/2025 &#8211; Marseille"},"content":{"rendered":"<p>Apr\u00e8s plusieurs mois de travaux et une solidarit\u00e9 exceptionnelle des Marseillais, la Bonne M\u00e8re dispose d\u00e9sormais de sa statue enti\u00e8rement redor\u00e9e \u00e0 l&rsquo;or fin, mais aussi d&rsquo;\u00e9l\u00e9ments et gargouilles en pierre restaur\u00e9s.<\/p>\n<p>&#13;<\/p>\n<p>Pour c\u00e9l\u00e9brer la fin de ces travaux historiques, le dioc\u00e8se de Marseille, sous la pr\u00e9sidence du Cardinal Aveline, organise une apr\u00e8s-midi religieuse et festive, avec en point d&rsquo;orgue, <strong>un spectacle son et lumi\u00e8re qui illuminera la Bonne M\u00e8re plus belle que jamais.<\/strong><\/p>\n<p>&#13;<\/p>\n<p>L\u2019apr\u00e8s-midi d\u00e9butera par <strong>une messe c\u00e9l\u00e9br\u00e9e en l\u2019\u00e9glise de Saint-Victor d\u00e8s 15h30.<\/strong> Puis d\u00e8s 17 heures, une procession gravira la colline de Notre Dame de la Garde, depuis la place Joseph Etienne et jusqu\u2019\u00e0 celle du Colonel Edon, l\u00e0 o\u00f9 est conserv\u00e9 un char Sherman de la seconde guerre mondiale.<\/p>\n<p>&#13;<\/p>\n<p>C\u2019est l\u00e0, vers 18 heures, que sera c\u00e9l\u00e9br\u00e9e une action de gr\u00e2ce avec la b\u00e9n\u00e9diction de la statue nouvellement dor\u00e9e.<\/p>\n<p>&#13;<br \/>\n<a href=\"https:\/\/www.europesays.com\/fr\/wp-content\/uploads\/2025\/12\/11752.jpg\" data-fancybox=\"gallery\" class=\"grouped_elements\" rel=\"example_group\"><img decoding=\"async\" src=\"https:\/\/www.europesays.com\/fr\/wp-content\/uploads\/2025\/12\/11752.jpg\" class=\"include_img\" loading=\"lazy\"\/><\/a><\/p>\n<p>Le programme de cet apr\u00e8s-midi du dimanche 7 d\u00e9cembre<\/p>\n<p>&#13;<\/p>\n<p>\t\t\t\tUn spectacle son et lumi\u00e8re visible de toute la ville&#13;<\/p>\n<p style=\"margin-left: 30px;\">Vers 18h15, \u00e0 l\u2019issue de cette b\u00e9n\u00e9diction, d\u00e9butera le spectacle son et lumi\u00e8re sur l\u2019\u00e9glise.<\/p>\n<p>&#13;<\/p>\n<p style=\"margin-left: 30px;\">C\u2019est l\u2019artiste Michael Canitrot, \u00e0 la t\u00eate de l&rsquo;entreprise Monumental Tour qui a \u00e9t\u00e9 s\u00e9lectionn\u00e9. On l\u2019a r\u00e9cemment remarqu\u00e9 pour Notre Dame de Paris, le Mont Saint-Michel ou encore la Tour Eiffel.<\/p>\n<p>&#13;<\/p>\n<p style=\"margin-left: 30px;\">Ce DJ pr\u00e9sente des shows grandioses, m\u00ealant effets visuels et musiques electro. Des vid\u00e9oprojecteurs et surtout une centaine de projecteurs tr\u00e8s puissants vont magnifier la basilique durant un spectacle assez court, d\u2019une dizaine de minutes.<\/p>\n<p>&#13;<\/p>\n<p style=\"margin-left: 30px;\">Pour la Bonne M\u00e8re, il a travaill\u00e9 avec le dioc\u00e8se sur <strong>un spectacle qui se d\u00e9roulera en quatre chapitres.<\/strong><\/p>\n<p>&#13;<\/p>\n<p style=\"margin-left: 30px;\">Cela d\u00e9butera avec <strong>une s\u00e9quence autour de la symbolique du lever du soleil<\/strong>, puis cela se poursuivra avec <strong>le lien entre la Bonne M\u00e8re et la mer et ses marins<\/strong> : \u00ab Avec des couleurs plut\u00f4t dans les bleus et turquoises et des effets et des vid\u00e9oprojecteurs qui vont venir s&rsquo;animer et qui vont jouer en rythme sur la musique. \u00bb pr\u00e9cise Michael Canitrot.<\/p>\n<p>&#13;<\/p>\n<p style=\"margin-left: 30px;\">Un troisi\u00e8me tableau fera<strong> le lien avec l\u2019\u00e9l\u00e9vation<\/strong>, et un rendu qui s\u2019annonce tr\u00e8s vertical avec ces projecteurs point\u00e9s vers le ciel et \u00ab la lumi\u00e8re qui communique entre le sol et le ciel, avec des grands faisceaux qui partiront d&rsquo;en bas jusque dans le ciel et qui communiqueront ensemble \u00bb<\/p>\n<p>&#13;<\/p>\n<p style=\"margin-left: 30px;\">Enfin,<strong> le dernier tableau s\u2019annonce comme le plus impressionnant et fort du spectacle : Il va c\u00e9l\u00e9brer la r\u00e9novation de la basilique et tout particuli\u00e8rement de sa statue<\/strong>.<\/p>\n<p>&#13;<\/p>\n<p style=\"margin-left: 30px;\">\u00ab Ce tableau sera plut\u00f4t dans les dor\u00e9s et les cuivres et va venir finalement sublimer le travail des artisans, des artistes, des architectes et de toutes les personnes qui ont \u0153uvr\u00e9 sur ce chantier. C\u2019est un tableau que j&rsquo;ai appel\u00e9 Rayonnement. \u00bb<\/p>\n<p>&#13;<\/p>\n<p style=\"margin-left: 30px;\">Le spectacle sera visible \u00e0 360\u00b0, gr\u00e2ce notamment aux 100 projecteurs tr\u00e8s puissants pouvant \u00e9clairer jusqu\u2019\u00e0 10 km. \u00ab L\u2019objectif est que le spectacle soit visible de tout Marseille \u00bb souligne Michael Canitrot.<\/p>\n<p>&#13;<br \/>\nUn \u00ab Ave Maria \u00bb revisit\u00e9 en mode electro&#13;<\/p>\n<p style=\"margin-left: 30px;\">Michael Canitrot a fait le pari de revisiter le traditionnel Ave Maria : \u00ab J&rsquo;ai voulu me challenger et sortir un peu des sentiers battus en r\u00e9interpr\u00e9tant et retravaillant un Ave Maria, qui va commencer de fa\u00e7on assez classique pour monter progressivement vers des sonorit\u00e9s beaucoup plus \u00e9lectroniques. Ce sera une rencontre aussi entre les univers, entre les diff\u00e9rents styles artistiques et de pouvoir avoir quelque chose d&rsquo;unique et de totalement cr\u00e9\u00e9e pour l&rsquo;occasion. \u00bb<\/p>\n<p>&#13;<\/p>\n<p style=\"margin-left: 30px;\">Pour cet Ave Maria revisit\u00e9,<strong> le DJ a travaill\u00e9 avec une chanteuse lyrique marseillaise, M\u00e9lodie Louledjian.<\/strong> Ce dimanche, elle sera accompagn\u00e9e dans sa prestation par les des ch\u0153urs de Notre-Dame.<\/p>\n<p>&#13;<br \/>\nUn \u00e9clairage visible jusqu\u2019\u00e0 minuit&#13;<\/p>\n<p style=\"margin-left: 30px;\">Si ce spectacle ne va durer finalement qu\u2019un temps assez court, entre 10 et 12 minutes, le sc\u00e9nariste promet de prolonger un \u00e9clairage in\u00e9dit de la Basilique durant toute la soir\u00e9e afin de permettre \u00e0 tous d\u2019en profiter.<\/p>\n<p>&#13;<br \/>\nInformations pratiques&#13;<\/p>\n<p style=\"margin-left: 30px;\"><strong>La basilique Notre Dame de la Garde sera ferm\u00e9e d\u00e8s 10 heures,<\/strong> apr\u00e8s la messe du matin. L\u2019int\u00e9gralit\u00e9 du site, jusqu\u2019aux grilles sera ainsi interdit au grand public durant toute cette journ\u00e9e et soir\u00e9e de dimanche.<\/p>\n<p>&#13;<\/p>\n<p style=\"margin-left: 30px;\"><strong>La circulation sera interdite sur toute la colline d\u00e8s 14 heures<\/strong>. Les tron\u00e7ons par lesquels vont passer la procession et les abords de Saint-Victor seront eux aussi temporairement pi\u00e9tonnis\u00e9s.<\/p>\n<p>&#13;<\/p>\n<p style=\"margin-left: 30px;\"><strong>Le public est invit\u00e9 \u00e0 venir sur la place du Colonel Edon,<\/strong> en contrebas de la basilique pour disposer du meilleur point de vue sur la Bonne M\u00e8re et le spectacle. Cet endroit sera \u00e9galement sonoris\u00e9.<\/p>\n<p>&#13;<\/p>\n<p style=\"margin-left: 30px;\">Le jardin du Pharo et le quai du Port sont \u00e9galement de bons spots pour observer le spectacle mais ne seront, \u00e0 priori, pas sonoris\u00e9s.<\/p>\n<p>&#13;<\/p>\n<p style=\"margin-left: 30px;\">Enfin, les sentiers permettant d\u2019acc\u00e9der \u00e0 la basilique depuis l\u2019ouest, via le Boulevard\u00a0Tellene et la rue du Bois Sacr\u00e9 seront exceptionnellement ferm\u00e9s au public.<\/p>\n","protected":false},"excerpt":{"rendered":"Apr\u00e8s plusieurs mois de travaux et une solidarit\u00e9 exceptionnelle des Marseillais, la Bonne M\u00e8re dispose d\u00e9sormais de sa&hellip;\n","protected":false},"author":2,"featured_media":571874,"comment_status":"","ping_status":"","sticky":false,"template":"","format":"standard","meta":{"footnotes":""},"categories":[2814],"tags":[1111,11,1777,674,1011,27,884,12,882,25],"class_list":{"0":"post-571873","1":"post","2":"type-post","3":"status-publish","4":"format-standard","5":"has-post-thumbnail","7":"category-marseille","8":"tag-actu","9":"tag-actualites","10":"tag-eu","11":"tag-europe","12":"tag-fr","13":"tag-france","14":"tag-marseille","15":"tag-news","16":"tag-provence-alpes-cote-dazur","17":"tag-republique-francaise"},"share_on_mastodon":{"url":"https:\/\/pubeurope.com\/@fr\/115646820305466778","error":""},"_links":{"self":[{"href":"https:\/\/www.europesays.com\/fr\/wp-json\/wp\/v2\/posts\/571873","targetHints":{"allow":["GET"]}}],"collection":[{"href":"https:\/\/www.europesays.com\/fr\/wp-json\/wp\/v2\/posts"}],"about":[{"href":"https:\/\/www.europesays.com\/fr\/wp-json\/wp\/v2\/types\/post"}],"author":[{"embeddable":true,"href":"https:\/\/www.europesays.com\/fr\/wp-json\/wp\/v2\/users\/2"}],"replies":[{"embeddable":true,"href":"https:\/\/www.europesays.com\/fr\/wp-json\/wp\/v2\/comments?post=571873"}],"version-history":[{"count":0,"href":"https:\/\/www.europesays.com\/fr\/wp-json\/wp\/v2\/posts\/571873\/revisions"}],"wp:featuredmedia":[{"embeddable":true,"href":"https:\/\/www.europesays.com\/fr\/wp-json\/wp\/v2\/media\/571874"}],"wp:attachment":[{"href":"https:\/\/www.europesays.com\/fr\/wp-json\/wp\/v2\/media?parent=571873"}],"wp:term":[{"taxonomy":"category","embeddable":true,"href":"https:\/\/www.europesays.com\/fr\/wp-json\/wp\/v2\/categories?post=571873"},{"taxonomy":"post_tag","embeddable":true,"href":"https:\/\/www.europesays.com\/fr\/wp-json\/wp\/v2\/tags?post=571873"}],"curies":[{"name":"wp","href":"https:\/\/api.w.org\/{rel}","templated":true}]}}