{"id":571875,"date":"2025-12-01T23:06:18","date_gmt":"2025-12-01T23:06:18","guid":{"rendered":"https:\/\/www.europesays.com\/fr\/571875\/"},"modified":"2025-12-01T23:06:18","modified_gmt":"2025-12-01T23:06:18","slug":"martine-vassal-nexclut-pas-douvrir-la-porte-a-une-alliance-avec-le-rassemblement-national","status":"publish","type":"post","link":"https:\/\/www.europesays.com\/fr\/571875\/","title":{"rendered":"Martine Vassal n&rsquo;exclut pas d&rsquo;ouvrir la porte \u00e0 une alliance avec le Rassemblement national"},"content":{"rendered":"<p class=\"intro \">La candidate LR, soutenue par Renaissance, Martine Vassal a laiss\u00e9 planer l\u2019hypoth\u00e8se d\u2019un accord avec le Rassemblement national au second tour des municipales \u00e0 Marseille, avant de revenir sur ses propos. Une ambigu\u00eft\u00e9 qui a provoqu\u00e9 une temp\u00eate politique dans la cit\u00e9 phoc\u00e9enne, poussant Renaissance \u00e0 exiger des clarifications imm\u00e9diates.<\/p>\n<p>Martine Vassal n\u2019exclut pas de s\u2019allier avec le Rassemblement national au second tour aux <a href=\"https:\/\/www.europe1.fr\/dossiers\/elections-municipales\" target=\"_blank\" rel=\"noopener\">\u00e9lections municipales<\/a> \u00e0 <a href=\"https:\/\/www.europe1.fr\/dossiers\/marseille\" target=\"_blank\" rel=\"noopener\">Marseille<\/a>. La candidate LR, soutenue par Renaissance, a laiss\u00e9 entendre cette rumeur dans une interview avant de revenir sur ses propos.<\/p>\n<p>    La suite apr\u00e8s cette publicit\u00e9<\/p>\n<p>    La suite apr\u00e8s cette publicit\u00e9<\/p>\n<p>Malgr\u00e9 ce d\u00e9menti, l\u2019hypoth\u00e8se d\u2019une alliance entre LR et le RN, m\u00eame au niveau local, a d\u00e9clench\u00e9 une temp\u00eate dans la cit\u00e9 phoc\u00e9enne.<\/p>\n<p>\u00ab\u00a0L&rsquo;\u00e9lection municipale, elle est locale, elle n&rsquo;est pas parisienne, elle est marseillaise\u00a0\u00bb<\/p>\n<p>Sa r\u00e9ponse est courte et \u00e9vasive mais a suffi \u00e0 d\u00e9clencher une pol\u00e9mique. Interrog\u00e9e sur une \u00e9ventuelle alliance avec le candidat RN Franck Allisio au second tour des municipales \u00e0 Marseille, Martine Vassal botte d\u2019abord en touche. \u00ab\u00a0On verra \u00e0 ce moment-l\u00e0\u00a0\u00bb, affirme-t-elle.<\/p>\n<p>    La suite apr\u00e8s cette publicit\u00e9<\/p>\n<p>    La suite apr\u00e8s cette publicit\u00e9<\/p>\n<p>La candidate LR soutenue par Renaissance insiste sur la sp\u00e9cificit\u00e9 du scrutin. \u00ab\u00a0L&rsquo;\u00e9lection municipale, elle est locale, elle n&rsquo;est pas parisienne, elle est marseillaise\u00a0\u00bb, livre-t-elle.<\/p>\n<p>De quoi alimenter les sp\u00e9culations sur un accord local LR-RN, une hypoth\u00e8se \u00e0 laquelle s\u2019opposerait frontalement Renaissance, \u00e9galement un soutien de Martine Vassal. \u00ab\u00a0Il y a trois mots : c&rsquo;est la col\u00e8re, la honte et l&rsquo;incompr\u00e9hension totale. Je demande tr\u00e8s simplement \u00e0 Gabriel Attal maintenant de prendre ses responsabilit\u00e9s\u00a0\u00bb, demande l\u2019ancienne ministre Sabrina Agresti Roubache, figure marseillaise proche d\u2019Emmanuel Macron.<\/p>\n<p>    La suite apr\u00e8s cette publicit\u00e9<\/p>\n<p>    La suite apr\u00e8s cette publicit\u00e9<\/p>\n<p>Finalement, Martine Vassal affirme sur X qu\u2019il n\u2019a jamais \u00e9t\u00e9 question d\u2019une alliance avec les extr\u00eames, un tweet partag\u00e9 par le parti Renaissance pour tenter d\u2019\u00e9teindre la pol\u00e9mique.<\/p>\n","protected":false},"excerpt":{"rendered":"La candidate LR, soutenue par Renaissance, Martine Vassal a laiss\u00e9 planer l\u2019hypoth\u00e8se d\u2019un accord avec le Rassemblement national&hellip;\n","protected":false},"author":2,"featured_media":571876,"comment_status":"","ping_status":"","sticky":false,"template":"","format":"standard","meta":{"footnotes":""},"categories":[2814],"tags":[1111,11,1777,674,1011,27,884,12,882,25],"class_list":{"0":"post-571875","1":"post","2":"type-post","3":"status-publish","4":"format-standard","5":"has-post-thumbnail","7":"category-marseille","8":"tag-actu","9":"tag-actualites","10":"tag-eu","11":"tag-europe","12":"tag-fr","13":"tag-france","14":"tag-marseille","15":"tag-news","16":"tag-provence-alpes-cote-dazur","17":"tag-republique-francaise"},"share_on_mastodon":{"url":"https:\/\/pubeurope.com\/@fr\/115646823382573690","error":""},"_links":{"self":[{"href":"https:\/\/www.europesays.com\/fr\/wp-json\/wp\/v2\/posts\/571875","targetHints":{"allow":["GET"]}}],"collection":[{"href":"https:\/\/www.europesays.com\/fr\/wp-json\/wp\/v2\/posts"}],"about":[{"href":"https:\/\/www.europesays.com\/fr\/wp-json\/wp\/v2\/types\/post"}],"author":[{"embeddable":true,"href":"https:\/\/www.europesays.com\/fr\/wp-json\/wp\/v2\/users\/2"}],"replies":[{"embeddable":true,"href":"https:\/\/www.europesays.com\/fr\/wp-json\/wp\/v2\/comments?post=571875"}],"version-history":[{"count":0,"href":"https:\/\/www.europesays.com\/fr\/wp-json\/wp\/v2\/posts\/571875\/revisions"}],"wp:featuredmedia":[{"embeddable":true,"href":"https:\/\/www.europesays.com\/fr\/wp-json\/wp\/v2\/media\/571876"}],"wp:attachment":[{"href":"https:\/\/www.europesays.com\/fr\/wp-json\/wp\/v2\/media?parent=571875"}],"wp:term":[{"taxonomy":"category","embeddable":true,"href":"https:\/\/www.europesays.com\/fr\/wp-json\/wp\/v2\/categories?post=571875"},{"taxonomy":"post_tag","embeddable":true,"href":"https:\/\/www.europesays.com\/fr\/wp-json\/wp\/v2\/tags?post=571875"}],"curies":[{"name":"wp","href":"https:\/\/api.w.org\/{rel}","templated":true}]}}