{"id":571883,"date":"2025-12-01T23:11:15","date_gmt":"2025-12-01T23:11:15","guid":{"rendered":"https:\/\/www.europesays.com\/fr\/571883\/"},"modified":"2025-12-01T23:11:15","modified_gmt":"2025-12-01T23:11:15","slug":"le-domicile-de-francois-hollande-et-julie-gayet-cambriole","status":"publish","type":"post","link":"https:\/\/www.europesays.com\/fr\/571883\/","title":{"rendered":"Le domicile de Fran\u00e7ois Hollande et Julie Gayet cambriol\u00e9"},"content":{"rendered":"<p class=\"mb-4 text-lg md:leading-8 break-words\">Le domicile parisien de <a href=\"https:\/\/www.parismatch.com\/actu\/politique\/il-y-a-des-retours-surprenants-parfois-francois-hollande-et-julie-gayet-un-couple-en-embuscade-pour-2027-252951\" rel=\"nofollow noopener\" target=\"_blank\" data-ylk=\"slk:Fran\u00e7ois Hollande et de Julie Gayet;elm:context_link;itc:0;sec:content-canvas\" class=\"link \">Fran\u00e7ois Hollande et de Julie Gayet<\/a> a \u00e9t\u00e9 cambriol\u00e9. Deux hommes ont \u00e9t\u00e9 mis en examen et \u00e9crou\u00e9s a indiqu\u00e9 lundi le parquet de Paris, confirmant une information de <a href=\"https:\/\/www.bfmtv.com\/police-justice\/info-bfmtv-francois-hollande-victime-d-un-cambriolage-deux-hommes-mis-en-examen-et-places-en-detention-provisoire_AN-202512010858.html\" rel=\"nofollow noopener\" target=\"_blank\" data-ylk=\"slk:BFMTV.;elm:context_link;itc:0;sec:content-canvas\" class=\"link \">BFMTV.<\/a><\/p>\n<p class=\"mb-4 text-lg md:leading-8 break-words\">Apr\u00e8s ce cambriolage le 22 novembre dernier, \u00ab une enqu\u00eate pour vol en bande organis\u00e9e diligent\u00e9e par le deuxi\u00e8me\u00a0district de police judiciaire a conduit \u00e0 l\u2019interpellation de deux hommes n\u00e9s en d\u00e9cembre 1994 et f\u00e9vrier 1995 en Alg\u00e9rie \u00bb, a pr\u00e9cis\u00e9 le parquet. \u00ab D\u00e9f\u00e9r\u00e9s, ils ont \u00e9t\u00e9 mis en examen et plac\u00e9s en d\u00e9tention provisoire le 28 novembre. \u00bb \u00ab Le cambriolage a eu peu de cons\u00e9quences gr\u00e2ce \u00e0 l\u2019intervention des policiers \u00bb, a pr\u00e9cis\u00e9 l&rsquo;entourage du pr\u00e9sident.<\/p>\n<p class=\"mb-4 text-lg md:leading-8 break-words\">\u00c0 lire aussi <a href=\"https:\/\/www.parismatch.com\/actu\/politique\/les-rites-du-pouvoir-ne-mont-jamais-fait-perdre-ma-lucidite-francois-hollande-renonce-260905\" rel=\"nofollow noopener\" target=\"_blank\" data-ylk=\"slk:\u00ab Les rites du pouvoir ne m&#039;ont jamais fait perdre ma lucidit\u00e9 \u00bb\u00a0: Fran\u00e7ois Hollande renonce;elm:context_link;itc:0;sec:content-canvas\" class=\"link \">\u00ab Les rites du pouvoir ne m&rsquo;ont jamais fait perdre ma lucidit\u00e9 \u00bb\u00a0: Fran\u00e7ois Hollande renonce <\/a><\/p>\n<p class=\"mb-4 text-lg md:leading-8 break-words\"><a href=\"https:\/\/www.parismatch.com\/actu\/politique\/le-domicile-de-francois-hollande-et-julie-gayet-cambriole-260973?at_medium=affiliate&amp;at_campaign=Yahoo\" rel=\"nofollow noopener\" target=\"_blank\" data-ylk=\"slk:Retrouvez cet article sur ParisMatch;elm:context_link;itc:0;sec:content-canvas\" class=\"link \">Retrouvez cet article sur ParisMatch<\/a><\/p>\n","protected":false},"excerpt":{"rendered":"Le domicile parisien de Fran\u00e7ois Hollande et de Julie Gayet a \u00e9t\u00e9 cambriol\u00e9. Deux hommes ont \u00e9t\u00e9 mis&hellip;\n","protected":false},"author":2,"featured_media":571884,"comment_status":"","ping_status":"","sticky":false,"template":"","format":"standard","meta":{"footnotes":""},"categories":[1888],"tags":[1111,1928,11,1927,1777,674,1011,27,3082,54186,12,1926,626,1925,67893,25],"class_list":{"0":"post-571883","1":"post","2":"type-post","3":"status-publish","4":"format-standard","5":"has-post-thumbnail","7":"category-paris","8":"tag-actu","9":"tag-actu-paris","10":"tag-actualites","11":"tag-actualites-paris","12":"tag-eu","13":"tag-europe","14":"tag-fr","15":"tag-france","16":"tag-francois-hollande","17":"tag-julie-gayet","18":"tag-news","19":"tag-news-paris","20":"tag-paris","21":"tag-paris-news","22":"tag-parismatch","23":"tag-republique-francaise"},"share_on_mastodon":{"url":"https:\/\/pubeurope.com\/@fr\/115646843195187360","error":""},"_links":{"self":[{"href":"https:\/\/www.europesays.com\/fr\/wp-json\/wp\/v2\/posts\/571883","targetHints":{"allow":["GET"]}}],"collection":[{"href":"https:\/\/www.europesays.com\/fr\/wp-json\/wp\/v2\/posts"}],"about":[{"href":"https:\/\/www.europesays.com\/fr\/wp-json\/wp\/v2\/types\/post"}],"author":[{"embeddable":true,"href":"https:\/\/www.europesays.com\/fr\/wp-json\/wp\/v2\/users\/2"}],"replies":[{"embeddable":true,"href":"https:\/\/www.europesays.com\/fr\/wp-json\/wp\/v2\/comments?post=571883"}],"version-history":[{"count":0,"href":"https:\/\/www.europesays.com\/fr\/wp-json\/wp\/v2\/posts\/571883\/revisions"}],"wp:featuredmedia":[{"embeddable":true,"href":"https:\/\/www.europesays.com\/fr\/wp-json\/wp\/v2\/media\/571884"}],"wp:attachment":[{"href":"https:\/\/www.europesays.com\/fr\/wp-json\/wp\/v2\/media?parent=571883"}],"wp:term":[{"taxonomy":"category","embeddable":true,"href":"https:\/\/www.europesays.com\/fr\/wp-json\/wp\/v2\/categories?post=571883"},{"taxonomy":"post_tag","embeddable":true,"href":"https:\/\/www.europesays.com\/fr\/wp-json\/wp\/v2\/tags?post=571883"}],"curies":[{"name":"wp","href":"https:\/\/api.w.org\/{rel}","templated":true}]}}