{"id":571885,"date":"2025-12-01T23:12:14","date_gmt":"2025-12-01T23:12:14","guid":{"rendered":"https:\/\/www.europesays.com\/fr\/571885\/"},"modified":"2025-12-01T23:12:14","modified_gmt":"2025-12-01T23:12:14","slug":"paris-deux-hommes-ecroues-pour-avoir-cambriole-francois-hollande-et-julie-gayet","status":"publish","type":"post","link":"https:\/\/www.europesays.com\/fr\/571885\/","title":{"rendered":"Paris : Deux hommes \u00e9crou\u00e9s pour avoir cambriol\u00e9 Fran\u00e7ois Hollande et Julie Gayet"},"content":{"rendered":"<p class=\"mb-4 text-lg md:leading-8 break-words\"><strong>JUSTICE &#8211; Apr\u00e8s un cambriolage le 22 novembre dernier, \u00ab une enqu\u00eate pour vol en bande organis\u00e9e diligent\u00e9e par le deuxi\u00e8me district de police judiciaire a conduit \u00e0 l\u2019interpellation de deux hommes\u00a0\u00bb<\/strong><\/p>\n<p class=\"mb-4 text-lg md:leading-8 break-words\">Deux hommes ont \u00e9t\u00e9 mis en examen et \u00e9crou\u00e9s pour avoir cambriol\u00e9 le domicile parisien de l\u2019ancien pr\u00e9sident <a href=\"https:\/\/www.20minutes.fr\/politique\/francois-hollande\/?at_medium=RSS%20feed&amp;at_campaign=ynews&amp;utm_source=yahoo&amp;utm_medium=rss&amp;utm_campaign=news_feed&amp;utm_content=in_article_link\" rel=\"nofollow noopener\" target=\"_blank\" data-ylk=\"slk:Fran\u00e7ois Hollande;elm:context_link;itc:0;sec:content-canvas\" class=\"link \">Fran\u00e7ois Hollande<\/a> et de l\u2019actrice et productrice <a href=\"https:\/\/www.20minutes.fr\/dossier\/julie_gayet?at_medium=RSS%20feed&amp;at_campaign=ynews&amp;utm_source=yahoo&amp;utm_medium=rss&amp;utm_campaign=news_feed&amp;utm_content=in_article_link\" rel=\"nofollow noopener\" target=\"_blank\" data-ylk=\"slk:Julie Gayet;elm:context_link;itc:0;sec:content-canvas\" class=\"link \">Julie Gayet<\/a>, a indiqu\u00e9 lundi le parquet de <a href=\"https:\/\/www.20minutes.fr\/paris\/?at_medium=RSS%20feed&amp;at_campaign=ynews&amp;utm_source=yahoo&amp;utm_medium=rss&amp;utm_campaign=news_feed&amp;utm_content=in_article_link\" rel=\"nofollow noopener\" target=\"_blank\" data-ylk=\"slk:Paris;elm:context_link;itc:0;sec:content-canvas\" class=\"link \">Paris<\/a>, confirmant une information de <a href=\"https:\/\/www.bfmtv.com\/police-justice\/info-bfmtv-francois-hollande-victime-d-un-cambriolage-deux-hommes-mis-en-examen-et-places-en-detention-provisoire_AN-202512010858.html?at_medium=RSS%20feed&amp;at_campaign=ynews&amp;utm_source=yahoo&amp;utm_medium=rss&amp;utm_campaign=news_feed&amp;utm_content=in_article_link\" rel=\"nofollow noopener\" target=\"_blank\" data-ylk=\"slk:BFMTV;elm:context_link;itc:0;sec:content-canvas\" class=\"link \">BFMTV<\/a>.<\/p>\n<p class=\"mb-4 text-lg md:leading-8 break-words\">Apr\u00e8s ce cambriolage le 22\u00a0novembre dernier, \u00ab\u00a0une enqu\u00eate pour vol en bande organis\u00e9e diligent\u00e9e par le deuxi\u00e8me district de police judiciaire a conduit \u00e0 l\u2019interpellation de deux hommes n\u00e9s en d\u00e9cembre\u00a01994 et f\u00e9vrier\u00a01995 en <a href=\"https:\/\/www.20minutes.fr\/dossier\/algerie?at_medium=RSS%20feed&amp;at_campaign=ynews&amp;utm_source=yahoo&amp;utm_medium=rss&amp;utm_campaign=news_feed&amp;utm_content=in_article_link\" rel=\"nofollow noopener\" target=\"_blank\" data-ylk=\"slk:Alg\u00e9rie;elm:context_link;itc:0;sec:content-canvas\" class=\"link \">Alg\u00e9rie<\/a>\u00a0\u00bb, a pr\u00e9cis\u00e9 le parquet. \u00ab\u00a0D\u00e9f\u00e9r\u00e9s, ils ont \u00e9t\u00e9 mis en examen et plac\u00e9s en d\u00e9tention provisoire le 28\u00a0novembre\u00a0\u00bb. \u00ab\u00a0Le cambriolage a eu peu de cons\u00e9quences gr\u00e2ce \u00e0 l\u2019intervention des policiers\u00a0\u00bb, a pr\u00e9cis\u00e9 l\u2019entourage du pr\u00e9sident.<\/p>\n<p class=\"mb-4 text-lg md:leading-8 break-words\"><a href=\"https:\/\/www.20minutes.fr\/societe\/4189128-20251201-paris-deux-hommes-ecroues-avoir-cambriole-francois-hollande-julie-gayet?at_medium=RSS%20feed&amp;at_campaign=ynews&amp;utm_source=yahoo&amp;utm_medium=rss&amp;utm_campaign=news_feed&amp;utm_content=read_more_link&quot;\" rel=\"nofollow noopener\" target=\"_blank\" data-ylk=\"slk:Lire la suite sur 20minutes;elm:context_link;itc:0;sec:content-canvas\" class=\"link \">Lire la suite sur 20minutes<\/a><\/p>\n<p>\u00c0 lire aussi :<br \/><a href=\"https:\/\/www.20minutes.fr\/arts-stars\/people\/4184002-20251106-julie-gayet-organise-fuite-amis-apres-revelation-liaison-francois-hollande?at_medium=RSS%20feed&amp;at_campaign=ynews&amp;utm_source=yahoo&amp;utm_medium=rss&amp;utm_campaign=news_feed&amp;utm_content=related_content_link\" rel=\"nofollow noopener\" target=\"_blank\" data-ylk=\"slk:Julie Gayet a organis\u00e9 une \u00ab\u00a0fuite\u00a0\u00bb avec des amis apr\u00e8s la r\u00e9v\u00e9lation de sa liaison avec Fran\u00e7ois Hollande;elm:context_link;itc:0;sec:content-canvas\" class=\"link \">Julie Gayet a organis\u00e9 une \u00ab\u00a0fuite\u00a0\u00bb avec des amis apr\u00e8s la r\u00e9v\u00e9lation de sa liaison avec Fran\u00e7ois Hollande<\/a><br \/><a href=\"https:\/\/www.20minutes.fr\/paris\/4177176-20251005-paris-francois-hollande-pourrit-vie-habitants-20e-arrondissement-malgre?at_medium=RSS%20feed&amp;at_campaign=ynews&amp;utm_source=yahoo&amp;utm_medium=rss&amp;utm_campaign=news_feed&amp;utm_content=related_content_link\" rel=\"nofollow noopener\" target=\"_blank\" data-ylk=\"slk:Paris\u00a0: Fran\u00e7ois Hollande pourrit la vie des habitants du 20e\u00a0arrondissement\u2026 malgr\u00e9 lui;elm:context_link;itc:0;sec:content-canvas\" class=\"link \">Paris\u00a0: Fran\u00e7ois Hollande pourrit la vie des habitants du 20e\u00a0arrondissement\u2026 malgr\u00e9 lui<\/a><\/p>\n","protected":false},"excerpt":{"rendered":"JUSTICE &#8211; Apr\u00e8s un cambriolage le 22 novembre dernier, \u00ab une enqu\u00eate pour vol en bande organis\u00e9e diligent\u00e9e&hellip;\n","protected":false},"author":2,"featured_media":571886,"comment_status":"","ping_status":"","sticky":false,"template":"","format":"standard","meta":{"footnotes":""},"categories":[1888],"tags":[1111,1928,11,1927,1777,674,1011,27,3082,54186,12,1926,626,1925,11855,25],"class_list":{"0":"post-571885","1":"post","2":"type-post","3":"status-publish","4":"format-standard","5":"has-post-thumbnail","7":"category-paris","8":"tag-actu","9":"tag-actu-paris","10":"tag-actualites","11":"tag-actualites-paris","12":"tag-eu","13":"tag-europe","14":"tag-fr","15":"tag-france","16":"tag-francois-hollande","17":"tag-julie-gayet","18":"tag-news","19":"tag-news-paris","20":"tag-paris","21":"tag-paris-news","22":"tag-police-judiciaire","23":"tag-republique-francaise"},"share_on_mastodon":{"url":"https:\/\/pubeurope.com\/@fr\/115646847165725151","error":""},"_links":{"self":[{"href":"https:\/\/www.europesays.com\/fr\/wp-json\/wp\/v2\/posts\/571885","targetHints":{"allow":["GET"]}}],"collection":[{"href":"https:\/\/www.europesays.com\/fr\/wp-json\/wp\/v2\/posts"}],"about":[{"href":"https:\/\/www.europesays.com\/fr\/wp-json\/wp\/v2\/types\/post"}],"author":[{"embeddable":true,"href":"https:\/\/www.europesays.com\/fr\/wp-json\/wp\/v2\/users\/2"}],"replies":[{"embeddable":true,"href":"https:\/\/www.europesays.com\/fr\/wp-json\/wp\/v2\/comments?post=571885"}],"version-history":[{"count":0,"href":"https:\/\/www.europesays.com\/fr\/wp-json\/wp\/v2\/posts\/571885\/revisions"}],"wp:featuredmedia":[{"embeddable":true,"href":"https:\/\/www.europesays.com\/fr\/wp-json\/wp\/v2\/media\/571886"}],"wp:attachment":[{"href":"https:\/\/www.europesays.com\/fr\/wp-json\/wp\/v2\/media?parent=571885"}],"wp:term":[{"taxonomy":"category","embeddable":true,"href":"https:\/\/www.europesays.com\/fr\/wp-json\/wp\/v2\/categories?post=571885"},{"taxonomy":"post_tag","embeddable":true,"href":"https:\/\/www.europesays.com\/fr\/wp-json\/wp\/v2\/tags?post=571885"}],"curies":[{"name":"wp","href":"https:\/\/api.w.org\/{rel}","templated":true}]}}