{"id":571889,"date":"2025-12-01T23:14:15","date_gmt":"2025-12-01T23:14:15","guid":{"rendered":"https:\/\/www.europesays.com\/fr\/571889\/"},"modified":"2025-12-01T23:14:15","modified_gmt":"2025-12-01T23:14:15","slug":"luniversite-paris-1-vote-une-hausse-contestee-des-frais-pour-les-etudiants-etrangers","status":"publish","type":"post","link":"https:\/\/www.europesays.com\/fr\/571889\/","title":{"rendered":"L\u2019universit\u00e9 Paris 1 vote une hausse contest\u00e9e des frais pour les \u00e9tudiants \u00e9trangers"},"content":{"rendered":"<p>\n    Cette lev\u00e9e de l\u2019exon\u00e9ration des droits d\u2019inscription concernera les \u00e9tudiants extra-europ\u00e9ens, sauf les \u00ab\u00e9tudiants en exil\u00bb et ceux \u00abfigurant sur la liste des 44 pays les moins avanc\u00e9s d\u00e9finis par l\u2019ONU\u00bb, a pr\u00e9cis\u00e9 l\u2019universit\u00e9.<\/p>\n<p class=\"fig-paragraph\">Une hausse des frais d\u2019inscription pour certains \u00e9tudiants \u00e9trangers extra-communautaires a \u00e9t\u00e9 vot\u00e9e lundi lors d\u2019un conseil d\u2019administration de l\u2019<a href=\"https:\/\/www.lefigaro.fr\/tag\/paris-1-pantheon-sorbonne\" target=\"_blank\" rel=\"sponsored noopener\" data-gtm-custom-categorie=\"navigation\" data-gtm-custom-action=\"crossclick\" data-gtm-custom-label=\"Contextuel\" data-gtm-event=\"customEventSPE\">universit\u00e9 Paris 1 Panth\u00e9on-Sorbonne<\/a>, au grand dam d\u2019\u00e9tudiants et enseignants-chercheurs qui la contestent.<\/p>\n<p class=\"fig-paragraph\">Cette lev\u00e9e de l\u2019exon\u00e9ration des droits d\u2019inscription diff\u00e9renci\u00e9s pour une partie des \u00e9tudiants ne venant pas d\u2019un pays de l\u2019Union europ\u00e9enne a \u00e9t\u00e9 vot\u00e9e par 18 voix pour, 15 voix contre et 3 absentions, a indiqu\u00e9 Paris 1 \u00e0 l\u2019AFP. Elle concernera les \u00e9tudiants extra-europ\u00e9ens, sauf les \u00ab\u00e9tudiants en exil\u00bb et ceux \u00abfigurant sur la liste des 44 pays les moins avanc\u00e9s d\u00e9finis par l\u2019ONU\u00bb, a pr\u00e9cis\u00e9 l\u2019universit\u00e9.<\/p>\n<p>                                            <a class=\"fig-a11y-skip\" href=\"#fig-a11y-skip-main-inarticle\" data-module=\"a11y-skip\" data-context=\"was @visible\"><br \/>\n    Passer la publicit\u00e9<br \/>\n<\/a>            <\/p>\n<p>                                            \u00abMesure vot\u00e9e \u00e0 regret\u00bb<\/p>\n<p class=\"fig-paragraph\">Cette possibilit\u00e9 de diff\u00e9rencier les droits d\u2019inscription a \u00e9t\u00e9 ouverte par la strat\u00e9gie \u00abBienvenue en France\u00bb, mise en place en 2019. Mais nombre d\u2019universit\u00e9s, dont Paris 1, ne l\u2019avaient jusque-l\u00e0 pas adopt\u00e9e.<\/p>\n<p class=\"fig-paragraph\">\u00abCette mesure a \u00e9t\u00e9 vot\u00e9e \u00e0 regret et sous la contrainte budg\u00e9taire, alors que l\u2019universit\u00e9 s\u2019y refusait depuis 2019\u00bb, et ce, alors qu\u2019elle \u00absubit depuis plusieurs ann\u00e9es la multiplication des mesures d\u00e9cid\u00e9es par l\u2019\u00c9tat, avec un impact budg\u00e9taire certain\u00bb, a soulign\u00e9 Paris 1 dans une d\u00e9claration transmise \u00e0 l\u2019AFP. L\u2019universit\u00e9 \u00abesp\u00e8re pouvoir revenir sur cette d\u00e9cision d\u00e8s qu\u2019elle aura retrouv\u00e9 une situation budg\u00e9taire plus stable\u00bb, a-t-elle ajout\u00e9.<\/p>\n<p class=\"fig-paragraph\">Avec cette mesure, ces \u00e9tudiants \u00e9trangers devront d\u00e9sormais payer 2895 euros pour une ann\u00e9e en cycle de licence, contre 178 euros, et 3941 euros en master, contre 254 euros, selon les chiffres de l\u2019organisme public Campus France.<\/p>\n<p>                                            \u00abUne ligne rouge\u00bb<\/p>\n<p class=\"fig-paragraph\">Une centaine d\u2019enseignants-chercheurs et personnels de Paris 1 d\u00e9noncent des \u00abrustines discriminatoires\u00bb, dont les cons\u00e9quences seront \u00abcatastrophiques\u00bb pour ces \u00e9tudiants, dans une tribune et une lettre ouverte \u00e0 la pr\u00e9sidente de l\u2019universit\u00e9 Paris 1 Christine Neau-Leduc, publi\u00e9es samedi sur le site Afrique XXI.<\/p>\n<p class=\"fig-paragraph\">Pour Marie-Emmanuelle Pommerolle, ma\u00eetresse de conf\u00e9rences en sciences politiques \u00e0 Paris 1 et signataire de la tribune, cette mesure \u00abest une ligne rouge\u00bb. Elle touchera des \u00e9tudiants en provenance du Maghreb, d\u2019Afrique ou d\u2019Am\u00e9rique Latine \u00ab\u00e0 qui on demande d\u00e9j\u00e0 de provisionner leurs comptes en banque, qui ont les frais de visa, le loyer \u00e0 payer\u00bb, a-t-elle soulign\u00e9. \u00abLeur demander de payer 4000 euros nous semble irr\u00e9aliste.\u00bb Une assembl\u00e9e g\u00e9n\u00e9rale rassemblant quelque 200 \u00e9tudiants et personnels avait d\u00e9j\u00e0 fait part la semaine derni\u00e8re de son opposition.<\/p>\n<p>                                            <a class=\"fig-a11y-skip\" href=\"#fig-a11y-skip-main-inarticle_mtf\" data-module=\"a11y-skip\" data-context=\"was @visible\"><br \/>\n    Passer la publicit\u00e9<br \/>\n<\/a>            <\/p>\n<p class=\"fig-paragraph\">\u00abC\u2019est une attaque \u00e9norme\u00bb, a r\u00e9agi lundi soir aupr\u00e8s de l\u2019AFP Luz Duchowney, \u00e9tudiante \u00e9lue au conseil d\u2019administration de Paris 1 pour l\u2019association \u00e9tudiante Le Poing Lev\u00e9. \u00ab\u00c9videmment on va rester mobilis\u00e9s.\u00bb Dans un communiqu\u00e9 publi\u00e9 lundi, Le Poing Lev\u00e9 a dit \u00abrefuser que la Sorbonne devienne une universit\u00e9 o\u00f9 (&#8230;) la pr\u00e9f\u00e9rence nationale devient la norme d\u2019accueil.\u00bb<\/p>\n","protected":false},"excerpt":{"rendered":"Cette lev\u00e9e de l\u2019exon\u00e9ration des droits d\u2019inscription concernera les \u00e9tudiants extra-europ\u00e9ens, sauf les \u00ab\u00e9tudiants en exil\u00bb et ceux&hellip;\n","protected":false},"author":2,"featured_media":571890,"comment_status":"","ping_status":"","sticky":false,"template":"","format":"standard","meta":{"footnotes":""},"categories":[1888],"tags":[11,1777,674,1011,27,12,626,25,5768],"class_list":{"0":"post-571889","1":"post","2":"type-post","3":"status-publish","4":"format-standard","5":"has-post-thumbnail","7":"category-paris","8":"tag-actualites","9":"tag-eu","10":"tag-europe","11":"tag-fr","12":"tag-france","13":"tag-news","14":"tag-paris","15":"tag-republique-francaise","16":"tag-universite"},"share_on_mastodon":{"url":"https:\/\/pubeurope.com\/@fr\/115646854925204618","error":""},"_links":{"self":[{"href":"https:\/\/www.europesays.com\/fr\/wp-json\/wp\/v2\/posts\/571889","targetHints":{"allow":["GET"]}}],"collection":[{"href":"https:\/\/www.europesays.com\/fr\/wp-json\/wp\/v2\/posts"}],"about":[{"href":"https:\/\/www.europesays.com\/fr\/wp-json\/wp\/v2\/types\/post"}],"author":[{"embeddable":true,"href":"https:\/\/www.europesays.com\/fr\/wp-json\/wp\/v2\/users\/2"}],"replies":[{"embeddable":true,"href":"https:\/\/www.europesays.com\/fr\/wp-json\/wp\/v2\/comments?post=571889"}],"version-history":[{"count":0,"href":"https:\/\/www.europesays.com\/fr\/wp-json\/wp\/v2\/posts\/571889\/revisions"}],"wp:featuredmedia":[{"embeddable":true,"href":"https:\/\/www.europesays.com\/fr\/wp-json\/wp\/v2\/media\/571890"}],"wp:attachment":[{"href":"https:\/\/www.europesays.com\/fr\/wp-json\/wp\/v2\/media?parent=571889"}],"wp:term":[{"taxonomy":"category","embeddable":true,"href":"https:\/\/www.europesays.com\/fr\/wp-json\/wp\/v2\/categories?post=571889"},{"taxonomy":"post_tag","embeddable":true,"href":"https:\/\/www.europesays.com\/fr\/wp-json\/wp\/v2\/tags?post=571889"}],"curies":[{"name":"wp","href":"https:\/\/api.w.org\/{rel}","templated":true}]}}