{"id":571893,"date":"2025-12-01T23:17:28","date_gmt":"2025-12-01T23:17:28","guid":{"rendered":"https:\/\/www.europesays.com\/fr\/571893\/"},"modified":"2025-12-01T23:17:28","modified_gmt":"2025-12-01T23:17:28","slug":"pezilla-la-riviere-un-115e-convoi-parti-pour-lukraine","status":"publish","type":"post","link":"https:\/\/www.europesays.com\/fr\/571893\/","title":{"rendered":"P\u00e9zilla-la-Rivi\u00e8re &#8211; Un 115e convoi parti pour l\u2019Ukraine"},"content":{"rendered":"<p>\n                                                                Du mat\u00e9riel m\u00e9dical et des jouets ont \u00e9t\u00e9 envoy\u00e9s.\n                            <\/p>\n<p>Le 115e convoi affr\u00e9t\u00e9 par l\u2019association Occitanie Ukraine est parti fin novembre en direction de Lviv en Ukraine, rempli de pr\u00e8s de 12 tonnes de lits m\u00e9dicalis\u00e9s, de mat\u00e9riel m\u00e9dical consommable, de fauteuils de chambre, de fauteuils roulants \u00e9lectriques et, bien s\u00fbr, en cette p\u00e9riode de l\u2019ann\u00e9e, de jouets.<\/p>\n<p>\u00ab\u00a0Il y a beaucoup moins de dons de mat\u00e9riel m\u00e9dical. Quasiment tous les \u00e9tablissements hospitaliers nous ont propos\u00e9 des choses. Il faut maintenant attendre les renouvellements de mat\u00e9riel. Les convois vont donc maintenant s\u2019espacer\u00a0\u00bb, constate le vice-pr\u00e9sident Jean-Pierre Margaill. Lui-m\u00eame et la pr\u00e9sidente Jeanine Lesko sont partis ce mardi 2 d\u00e9cembre sur place, <b>jusqu\u2019au lundi 8 d\u00e9cembre,<\/b> afin de s\u2019assurer de la destination de ce mat\u00e9riel que les Ukrainiens avaient demand\u00e9 pour les \u00e9tablissements de sant\u00e9 de Dolyna et l\u2019orphelinat.<\/p>\n<p>Ils seront accompagn\u00e9s du maire Jean-Paul Billes et de son \u00e9pouse, qui avaient notamment rencontr\u00e9 \u00e0 P\u00e9zilla Yaroslav Bakalyar, 1er adjoint au maire de Dolyna, et Mariya Bakalyar, repr\u00e9sentante de la mairie de Dolyna et correspondante Alliance Occitanie Ukraine pour la ville (lire notre \u00e9dition du 2 novembre), \u00e0 l\u2019occasion d\u2019une rencontre transfrontali\u00e8re avec les Catalans de la Granadella. Ils r\u00e9pondent ainsi \u00e0 l\u2019invitation qui leur avait \u00e9t\u00e9 lanc\u00e9e ce jour-l\u00e0.<\/p>\n<p>Ils seront \u00e9galement re\u00e7us \u00e0 la mairie de Lviv, par notamment Maksym Kozytsky, gouverneur de l\u2019Oblast de Lviv, pour des r\u00e9unions de travail en vue d\u2019am\u00e9liorer les \u00e9changes de stagiaires dans la restauration : chaque \u00e9t\u00e9, une quinzaine d\u2019\u00e9tudiants apprentis ukrainiens est employ\u00e9e par les h\u00f4teliers catalans et loz\u00e9riens qui sont par ailleurs \u00e0 la recherche de femmes de service. D\u2019autres \u00e9changes sur les fili\u00e8res bois et m\u00e9canique, toujours avec les \u00e9coles de Saint-Ch\u00e9ly-d\u2019Apcher (Loz\u00e8re), ainsi que l\u2019apprentissage de la langue fran\u00e7aise seront \u00e9galement \u00e9voqu\u00e9s.<\/p>\n<p>Un prochain convoi est pr\u00e9vu en avril-mai 2026.<\/p>\n","protected":false},"excerpt":{"rendered":"Du mat\u00e9riel m\u00e9dical et des jouets ont \u00e9t\u00e9 envoy\u00e9s. Le 115e convoi affr\u00e9t\u00e9 par l\u2019association Occitanie Ukraine est&hellip;\n","protected":false},"author":2,"featured_media":571894,"comment_status":"","ping_status":"","sticky":false,"template":"","format":"standard","meta":{"footnotes":""},"categories":[1590],"tags":[11,1777,674,12,220],"class_list":{"0":"post-571893","1":"post","2":"type-post","3":"status-publish","4":"format-standard","5":"has-post-thumbnail","7":"category-ukraine","8":"tag-actualites","9":"tag-eu","10":"tag-europe","11":"tag-news","12":"tag-ukraine"},"share_on_mastodon":{"url":"https:\/\/pubeurope.com\/@fr\/115646866620297427","error":""},"_links":{"self":[{"href":"https:\/\/www.europesays.com\/fr\/wp-json\/wp\/v2\/posts\/571893","targetHints":{"allow":["GET"]}}],"collection":[{"href":"https:\/\/www.europesays.com\/fr\/wp-json\/wp\/v2\/posts"}],"about":[{"href":"https:\/\/www.europesays.com\/fr\/wp-json\/wp\/v2\/types\/post"}],"author":[{"embeddable":true,"href":"https:\/\/www.europesays.com\/fr\/wp-json\/wp\/v2\/users\/2"}],"replies":[{"embeddable":true,"href":"https:\/\/www.europesays.com\/fr\/wp-json\/wp\/v2\/comments?post=571893"}],"version-history":[{"count":0,"href":"https:\/\/www.europesays.com\/fr\/wp-json\/wp\/v2\/posts\/571893\/revisions"}],"wp:featuredmedia":[{"embeddable":true,"href":"https:\/\/www.europesays.com\/fr\/wp-json\/wp\/v2\/media\/571894"}],"wp:attachment":[{"href":"https:\/\/www.europesays.com\/fr\/wp-json\/wp\/v2\/media?parent=571893"}],"wp:term":[{"taxonomy":"category","embeddable":true,"href":"https:\/\/www.europesays.com\/fr\/wp-json\/wp\/v2\/categories?post=571893"},{"taxonomy":"post_tag","embeddable":true,"href":"https:\/\/www.europesays.com\/fr\/wp-json\/wp\/v2\/tags?post=571893"}],"curies":[{"name":"wp","href":"https:\/\/api.w.org\/{rel}","templated":true}]}}