{"id":571895,"date":"2025-12-01T23:19:21","date_gmt":"2025-12-01T23:19:21","guid":{"rendered":"https:\/\/www.europesays.com\/fr\/571895\/"},"modified":"2025-12-01T23:19:21","modified_gmt":"2025-12-01T23:19:21","slug":"en-plein-bras-de-fer-avec-les-etats-unis-le-president-venezuelien-affirme-ne-pas-vouloir-la-paix-des-esclaves-lors-dune-manifestation","status":"publish","type":"post","link":"https:\/\/www.europesays.com\/fr\/571895\/","title":{"rendered":"En plein bras de fer avec les Etats-Unis, le pr\u00e9sident v\u00e9n\u00e9zu\u00e9lien affirme ne pas vouloir \u00ab\u00a0la paix des esclaves\u00a0\u00bb lors d&rsquo;une manifestation"},"content":{"rendered":"\n<p class=\"c-chapo \">\n  Washington, qui dit lutter contre les cartels de drogue, a d\u00e9ploy\u00e9 depuis ao\u00fbt des forces arm\u00e9es en mer des Cara\u00efbes.\n<\/p>\n<p>      lire plus tard<\/p>\n<p id=\"dialog__title\" class=\"dialog__title\">Pour sauvegarder cet article, connectez-vous ou cr\u00e9ez un compte franceinfo<\/p>\n<p class=\"dialog__description\">Sans paiement. Sans abonnement.<\/p>\n<p>        Fermer la fen\u00eatre d\u2019activation des notifications France Info<\/p>\n<p>      cr\u00e9er votre compte<\/p>\n<p>      se connecter<\/p>\n<p>        Fermer la fen\u00eatre de pr\u00e9sentation<\/p>\n<p>    <img loading=\"lazy\" decoding=\"async\" class=\"signature__image lazyload\" width=\"100\" height=\"100\" data- alt=\"\" src=\"https:\/\/www.europesays.com\/fr\/wp-content\/uploads\/2025\/05\/64a68815cd1a7_placeholder-36b69ec8.png\"\/><\/p>\n<p>    Publi\u00e9 le 01\/12\/2025 23:14<\/p>\n<p>        Temps de lecture : 1min<\/p>\n<p>    <img decoding=\"async\"  alt=\"Le pr\u00e9sident v\u00e9n\u00e9zu\u00e9lien Nicolas Maduro lors d'une manifestation \u00e0 Caracas (Colombie), le 1er d\u00e9cembre 2025. (JUAN BARRETO \/ AFP)\" width=\"432\" height=\"243\" src=\"https:\/\/www.europesays.com\/fr\/wp-content\/uploads\/2025\/12\/000-86rd2ue-692e12d66d640514086507.jpg\" fetchpriority=\"high\"\/><\/p>\n<p>      Le pr\u00e9sident v\u00e9n\u00e9zu\u00e9lien Nicolas Maduro lors d&rsquo;une manifestation \u00e0 Caracas (Colombie), le 1er d\u00e9cembre 2025. (JUAN BARRETO \/ AFP)<\/p>\n<p>Le pr\u00e9sident v\u00e9n\u00e9zu\u00e9lien Nicolas Maduro a affirm\u00e9 lundi 1er d\u00e9cembre, lors d&rsquo;une manifestation publique r\u00e9unissant des milliers de ses partisans \u00e0 Caracas (V\u00e9n\u00e9zuela), qu&rsquo;il refusait \u00ab\u00a0la paix des esclaves\u00a0\u00bb, assurant que cela faisait 22 semaines que le d\u00e9ploiement am\u00e9ricain dans les Cara\u00efbes mettait le pays \u00ab\u00a0\u00e0 l&rsquo;\u00e9preuve\u00a0\u00bb. \u00ab\u00a0Nous voulons la paix, mais une paix avec souverainet\u00e9, \u00e9galit\u00e9, libert\u00e9\u202f! Nous ne voulons pas la paix des esclaves, ni la paix des colonies\u202f!\u00a0\u00bb, a lanc\u00e9 Nicolas Maduro alors que le pr\u00e9sident am\u00e9ricain Donald Trump a pr\u00e9vu une r\u00e9union dans la journ\u00e9e avec son Conseil de s\u00e9curit\u00e9 nationale pour discuter du Venezuela.<\/p>\n<p>Washington, <a href=\"https:\/\/www.franceinfo.fr\/monde\/venezuela\/donald-trump-confirme-un-echange-telephonique-avec-nicolas-maduro-qui-denonce-une-agression-en-preparation-des-etats-unis_7650890.html\" target=\"_blank\" rel=\"noopener\">qui dit lutter contre les cartels de drogue<\/a>, a d\u00e9ploy\u00e9 <a href=\"https:\/\/www.franceinfo.fr\/monde\/usa\/donald-trump-affirme-que-l-espace-aerien-du-venezuela-doit-etre-considere-comme-entierement-ferme_7647800.html\" target=\"_blank\" rel=\"noopener\">depuis ao\u00fbt des forces arm\u00e9es en mer des Cara\u00efbes<\/a>, qui ont re\u00e7u en novembre le renfort du plus grand porte-avions du monde. \u00ab\u00a0Nous avons v\u00e9cu 22 semaines d&rsquo;une agression que l&rsquo;on peut qualifier de terrorisme psychologique, 22 semaines qu&rsquo;ils nous mettent \u00e0 l&rsquo;\u00e9preuve. Le peuple du Venezuela a d\u00e9montr\u00e9 son amour pour la patrie\u00a0\u00bb, a encore le pr\u00e9sident v\u00e9n\u00e9zuelien.<\/p>\n<p>Dimanche, Donald Trump a reconnu avoir parl\u00e9 au t\u00e9l\u00e9phone avec Nicolas Maduro, qui assure que son homologue am\u00e9ricain cherche \u00e0 le renverser et s&#8217;emparer des r\u00e9serves de p\u00e9trole v\u00e9n\u00e9zu\u00e9liennes. Au total, les Etats-Unis ont men\u00e9 des frappes contre plus de 20 navires dans les Cara\u00efbes et le Pacifique, tuant au moins 83 personnes, sans fournir de preuves que ces navires soient impliqu\u00e9s dans le trafic de drogue.<\/p>\n","protected":false},"excerpt":{"rendered":"Washington, qui dit lutter contre les cartels de drogue, a d\u00e9ploy\u00e9 depuis ao\u00fbt des forces arm\u00e9es en mer&hellip;\n","protected":false},"author":2,"featured_media":571896,"comment_status":"","ping_status":"","sticky":false,"template":"","format":"standard","meta":{"footnotes":""},"categories":[1589],"tags":[11,73,1866,12,1864,1865,1863,308],"class_list":{"0":"post-571895","1":"post","2":"type-post","3":"status-publish","4":"format-standard","5":"has-post-thumbnail","7":"category-etats-unis","8":"tag-actualites","9":"tag-etats-unis","10":"tag-etats-unis-damerique","11":"tag-news","12":"tag-united-states","13":"tag-united-states-of-america","14":"tag-us","15":"tag-usa"},"share_on_mastodon":{"url":"https:\/\/pubeurope.com\/@fr\/115646875519255284","error":""},"_links":{"self":[{"href":"https:\/\/www.europesays.com\/fr\/wp-json\/wp\/v2\/posts\/571895","targetHints":{"allow":["GET"]}}],"collection":[{"href":"https:\/\/www.europesays.com\/fr\/wp-json\/wp\/v2\/posts"}],"about":[{"href":"https:\/\/www.europesays.com\/fr\/wp-json\/wp\/v2\/types\/post"}],"author":[{"embeddable":true,"href":"https:\/\/www.europesays.com\/fr\/wp-json\/wp\/v2\/users\/2"}],"replies":[{"embeddable":true,"href":"https:\/\/www.europesays.com\/fr\/wp-json\/wp\/v2\/comments?post=571895"}],"version-history":[{"count":0,"href":"https:\/\/www.europesays.com\/fr\/wp-json\/wp\/v2\/posts\/571895\/revisions"}],"wp:featuredmedia":[{"embeddable":true,"href":"https:\/\/www.europesays.com\/fr\/wp-json\/wp\/v2\/media\/571896"}],"wp:attachment":[{"href":"https:\/\/www.europesays.com\/fr\/wp-json\/wp\/v2\/media?parent=571895"}],"wp:term":[{"taxonomy":"category","embeddable":true,"href":"https:\/\/www.europesays.com\/fr\/wp-json\/wp\/v2\/categories?post=571895"},{"taxonomy":"post_tag","embeddable":true,"href":"https:\/\/www.europesays.com\/fr\/wp-json\/wp\/v2\/tags?post=571895"}],"curies":[{"name":"wp","href":"https:\/\/api.w.org\/{rel}","templated":true}]}}