{"id":571898,"date":"2025-12-01T23:21:21","date_gmt":"2025-12-01T23:21:21","guid":{"rendered":"https:\/\/www.europesays.com\/fr\/571898\/"},"modified":"2025-12-01T23:21:21","modified_gmt":"2025-12-01T23:21:21","slug":"rtl-prevoit-de-supprimer-entre-800-et-1-000-emplois-en-allemagne","status":"publish","type":"post","link":"https:\/\/www.europesays.com\/fr\/571898\/","title":{"rendered":"RTL pr\u00e9voit de supprimer entre 800 et 1\u00a0000 emplois en Allemagne"},"content":{"rendered":"<p>Le groupe audiovisuel RTL, filiale du g\u00e9ant des m\u00e9dias Bertelsmann, envisage de proc\u00e9der \u00e0 une importante r\u00e9duction de ses effectifs en Allemagne, selon un rapport publi\u00e9 lundi par le magazine \u00ab\u00a0Wirtschaftswoche\u00a0\u00bb.<\/p>\n<p>RTL pr\u00e9voit de supprimer entre 800 et 1\u00a0000 postes au sein de l&rsquo;ensemble du groupe, qui comprend, outre la cha\u00eene principale RTL, les cha\u00eenes Vox, n-tv ainsi que la plateforme de streaming RTL+. Depuis plusieurs ann\u00e9es, le groupe fait face \u00e0 la faiblesse du march\u00e9 publicitaire et \u00e0 la concurrence croissante des services de streaming am\u00e9ricains tels que Netflix.<\/p>\n<p>Plusieurs filiales de RTL devraient \u00eatre ferm\u00e9es, entra\u00eenant des licenciements pour raisons \u00e9conomiques. Selon le rapport, la direction aurait n\u00e9goci\u00e9 avec le comit\u00e9 d&rsquo;entreprise un plan social pour accompagner cette restructuration. Les employ\u00e9s devraient \u00eatre inform\u00e9s de ces mesures mardi. Interrog\u00e9e, une porte-parole du groupe a d\u00e9clar\u00e9 qu&rsquo;elle ne pouvait pas commenter ces sp\u00e9culations.<\/p>\n<p>(Article r\u00e9dig\u00e9 par Olaf Brenner, \u00e9dit\u00e9 par Sabine Ehrhardt\u00a0; pour toute question, veuillez contacter notre r\u00e9daction \u00e0 berlin.newsroom@thomsonreuters.com (pour les rubriques politique et conjoncture) ou frankfurt.newsroom@thomsonreuters.com (pour les entreprises et march\u00e9s))<\/p>\n","protected":false},"excerpt":{"rendered":"Le groupe audiovisuel RTL, filiale du g\u00e9ant des m\u00e9dias Bertelsmann, envisage de proc\u00e9der \u00e0 une importante r\u00e9duction de&hellip;\n","protected":false},"author":2,"featured_media":571899,"comment_status":"","ping_status":"","sticky":false,"template":"","format":"standard","meta":{"footnotes":""},"categories":[1587],"tags":[11,672,340,1804,1805,1803,1777,674,1801,12,1802],"class_list":{"0":"post-571898","1":"post","2":"type-post","3":"status-publish","4":"format-standard","5":"has-post-thumbnail","7":"category-allemagne","8":"tag-actualites","9":"tag-allemagne","10":"tag-bourse","11":"tag-bundesrepublik-deutschland","12":"tag-de","13":"tag-deutschland","14":"tag-eu","15":"tag-europe","16":"tag-germany","17":"tag-news","18":"tag-republique-federale-dallemagne"},"share_on_mastodon":{"url":"https:\/\/pubeurope.com\/@fr\/115646882393398241","error":""},"_links":{"self":[{"href":"https:\/\/www.europesays.com\/fr\/wp-json\/wp\/v2\/posts\/571898","targetHints":{"allow":["GET"]}}],"collection":[{"href":"https:\/\/www.europesays.com\/fr\/wp-json\/wp\/v2\/posts"}],"about":[{"href":"https:\/\/www.europesays.com\/fr\/wp-json\/wp\/v2\/types\/post"}],"author":[{"embeddable":true,"href":"https:\/\/www.europesays.com\/fr\/wp-json\/wp\/v2\/users\/2"}],"replies":[{"embeddable":true,"href":"https:\/\/www.europesays.com\/fr\/wp-json\/wp\/v2\/comments?post=571898"}],"version-history":[{"count":0,"href":"https:\/\/www.europesays.com\/fr\/wp-json\/wp\/v2\/posts\/571898\/revisions"}],"wp:featuredmedia":[{"embeddable":true,"href":"https:\/\/www.europesays.com\/fr\/wp-json\/wp\/v2\/media\/571899"}],"wp:attachment":[{"href":"https:\/\/www.europesays.com\/fr\/wp-json\/wp\/v2\/media?parent=571898"}],"wp:term":[{"taxonomy":"category","embeddable":true,"href":"https:\/\/www.europesays.com\/fr\/wp-json\/wp\/v2\/categories?post=571898"},{"taxonomy":"post_tag","embeddable":true,"href":"https:\/\/www.europesays.com\/fr\/wp-json\/wp\/v2\/tags?post=571898"}],"curies":[{"name":"wp","href":"https:\/\/api.w.org\/{rel}","templated":true}]}}