{"id":571902,"date":"2025-12-01T23:23:18","date_gmt":"2025-12-01T23:23:18","guid":{"rendered":"https:\/\/www.europesays.com\/fr\/571902\/"},"modified":"2025-12-01T23:23:18","modified_gmt":"2025-12-01T23:23:18","slug":"on-na-jamais-eu-ca-karine-le-marchand-revient-sur-la-rupture-de-jean-louis-du-nord-et-isabelle-lamour-est-dans-le-pre-2025-au-bilan","status":"publish","type":"post","link":"https:\/\/www.europesays.com\/fr\/571902\/","title":{"rendered":"\u00ab\u00a0On n&rsquo;a jamais eu \u00e7a !\u00a0\u00bb : Karine Le Marchand revient sur la rupture de Jean-Louis du Nord et Isabelle (L&rsquo;amour est dans le pr\u00e9 2025) au bilan"},"content":{"rendered":"<p>Lors de la deuxi\u00e8me et derni\u00e8re partie du bilan de la saison 20 de L&rsquo;amour est dans le pr\u00e9 diffus\u00e9e ce lundi 1er d\u00e9cembre sur M6, Isabelle est venue pour accompagner Jean-Louis du Nord\u2026 Et rompre avec lui ! Karine Le Marchand, interrog\u00e9e par T\u00e9l\u00e9-Loisirs, revient sur ce retournement de situation.<\/p>\n<p>M\u00eame apr\u00e8s 20 saisons, <a href=\"https:\/\/www.programme-tv.net\/news\/tv\/366741-l-amour-est-dans-le-pre-2025-portraits-des-futurs-candidats-tournage-ce-que-l-on-sait-sur-la-saison-20\/\" data-api-deeplink=\"teleloisirs:\/\/news\/366741\" target=\"_blank\" rel=\"noopener\">L&rsquo;amour est dans le pr\u00e9 <\/a>continue de nous surprendre. La semaine derni\u00e8re, les t\u00e9l\u00e9spectateurs de M6 ont \u00e9t\u00e9 stup\u00e9faits d&rsquo;apprendre que <a href=\"https:\/\/www.programme-tv.net\/news\/tv\/392206-elle-s-est-moquee-de-nous-karine-le-marchand-s-exprime-sur-le-comportement-de-livie-pretendante-de-pierrick-l-amour-est-dans-le-pre-2025\/\" data-api-deeplink=\"teleloisirs:\/\/news\/392206\" target=\"_blank\" rel=\"noopener\">Pierrick avait \u00e9t\u00e9 pi\u00e9g\u00e9 par sa pr\u00e9tendante Livie<\/a> qui s&rsquo;\u00e9tait servie de l&rsquo;\u00e9mission pour reconqu\u00e9rir un ex-amant. Ce lundi 1er\u00a0d\u00e9cembre,<b> dans la deuxi\u00e8me et derni\u00e8re partie du bilan, c&rsquo;est un autre coup de th\u00e9\u00e2tre qui attendait le public<\/b>. Si on pensait que <a href=\"https:\/\/www.programme-tv.net\/news\/tv\/391470-jean-louis-du-nord-l-amour-est-dans-le-pre-2025-fait-une-tres-belle-declaration-a-isabelle-sur-son-fameux-pont-comme-il-l-avait-promis-a-karine-le-marchand\/\" data-api-deeplink=\"teleloisirs:\/\/news\/391470\" target=\"_blank\" rel=\"noopener\">Jean-Louis du Nord et Isabelle n&rsquo;\u00e9taient plus en couple<\/a>, comme cela avait \u00e9t\u00e9 montr\u00e9 dans l&rsquo;\u00e9pisode du lundi 17\u00a0novembre, les choses n&rsquo;\u00e9taient finalement pas grav\u00e9es dans le marbre. \u00ab\u00a0On a rediscut\u00e9 huit jours au t\u00e9l\u00e9phone. Elle m&rsquo;a dit que \u00e7a allait aller. Je l&rsquo;ai revue. <b>Elle s&rsquo;\u00e9tait m\u00eame projet\u00e9e pour arriver fin janvier \u00e0 la maison<\/b>\u00ab\u00a0, confie Jean-Louis apr\u00e8s avoir expliqu\u00e9 qu&rsquo;Isabelle l&rsquo;avait recontact\u00e9 un mois apr\u00e8s leur rupture.<\/p>\n<p>Surprise, Isabelle est donc bel et bien pr\u00e9sente au bilan\u2026 Mais le couple parle de leur relation au pass\u00e9 puisqu&rsquo;<b>on apprend qu&rsquo;ils se sont quitt\u00e9s \u00ab\u00a0<\/b><b>aujourd&rsquo;hui, il y a quelques heures<\/b><b>\u00ab\u00a0<\/b>\u00a0! \u00ab\u00a0Il y avait des diff\u00e9rends. J&rsquo;ai juste exprim\u00e9 le fait que j&rsquo;attendais plus d&rsquo;attention de sa part mais il y a des choses qu&rsquo;il ne peut pas m&rsquo;apporter\u00a0\u00bb, dit Isabelle. Apr\u00e8s quelques incompr\u00e9hensions, c&rsquo;est visiblement Jean-Louis qui a mis un terme \u00e0 leur relation. \u00ab\u00a0Je pr\u00e9f\u00e8re arr\u00eater parce qu&rsquo;on va refaire un effort et dans huit jours, \u00e7a recommencera. Je voulais que \u00e7a marche mais on n&rsquo;est pas faits l&rsquo;un pour l&rsquo;autre\u00a0\u00bb, livre-t-il face \u00e0 une Karine Le Marchand m\u00e9dus\u00e9e par tant de rebondissements. Interrog\u00e9e par T\u00e9l\u00e9-Loisirs, l&rsquo;animatrice n&rsquo;en revient toujours pas. \u00ab\u00a0<b>On n&rsquo;a jamais eu \u00e7a\u00a0! <\/b>Je ne savais m\u00eame pas qu&rsquo;il venait avec elle, on m&rsquo;avait dit que c&rsquo;\u00e9tait fini et les spectateurs avaient vu que c&rsquo;\u00e9tait fini\u00a0\u00bb, d\u00e9crit-elle.<\/p>\n<p>            \u00ab\u00a0Ce qu&rsquo;on n&rsquo;a pas vu\u2026\u00a0\u00bb\u00a0: Karine Le Marchand d\u00e9voile les coulisses de la rupture entre Jean-Louis du Nord et Isabelle (L&rsquo;amour est dans le pr\u00e9 2025)<\/p>\n<p>Au cours de notre interview, Karine Le Marchand d\u00e9voile les coulisses de cette s\u00e9quence. \u00ab\u00a0Ce qu&rsquo;on n&rsquo;a pas vu, c&rsquo;est que <b>cinq minutes avant, il y avait un psychodrame<\/b>. Effectivement, elle pleurait. Je me demandais ce que c&rsquo;\u00e9tait que cette histoire. Du coup, on a interc\u00e9d\u00e9. On a d\u00fb n\u00e9gocier pour leur faire dire pourquoi \u00e7a ne marchait pas. C&rsquo;est ce qu&rsquo;il s&rsquo;est pass\u00e9 d&rsquo;ailleurs\u00a0\u00bb, reconna\u00eet-elle.<\/p>\n<p><a href=\"https:\/\/www.programme-tv.net\/news\/tv\/392220-karine-le-marchand-se-confie-sur-les-20-ans-de-l-amour-est-dans-le-pre-c-est-l-emission-de-ma-carriere\/\" data-api-deeplink=\"teleloisirs:\/\/news\/392220\" target=\"_blank\" rel=\"noopener\">Celle qui pr\u00e9sente L&rsquo;amour est dans le pr\u00e9 depuis 2010<\/a> est satisfaite des cons\u00e9quences du tournage de ce bilan entre Jean-Louis et Isabelle. \u00ab\u00a0Le but \u00e9tait surtout qu&rsquo;ils arrivent \u00e0 se dire pourquoi c&rsquo;\u00e9tait fini et qu&rsquo;ils en sortent tous les deux grandis. <b>L\u00e0, il y a une incompatibilit\u00e9, personne ne sera heureux l&rsquo;un avec l&rsquo;autre<\/b>. Donc c&rsquo;est raisonnable de se dire qu&rsquo;il faut arr\u00eater d&rsquo;insister. Ils sont repartis et \u00e7a allait mieux\u00a0\u00bb, sourit-elle pour conclure.<\/p>\n","protected":false},"excerpt":{"rendered":"Lors de la deuxi\u00e8me et derni\u00e8re partie du bilan de la saison 20 de L&rsquo;amour est dans le&hellip;\n","protected":false},"author":2,"featured_media":571903,"comment_status":"","ping_status":"","sticky":false,"template":"","format":"standard","meta":{"footnotes":""},"categories":[1586],"tags":[11,244,1777,674,1779,1011,27,2173,68687,5413,7988,494,12,25,1778,364],"class_list":{"0":"post-571902","1":"post","2":"type-post","3":"status-publish","4":"format-standard","5":"has-post-thumbnail","7":"category-europe","8":"tag-actualites","9":"tag-commentaire","10":"tag-eu","11":"tag-europe","12":"tag-european-union","13":"tag-fr","14":"tag-france","15":"tag-interview","16":"tag-jean-louis-du-nord-lamour-est-dans-le-pru00e9-20","17":"tag-karine-le-marchand","18":"tag-lamour-est-dans-le-pru00e9","19":"tag-m6","20":"tag-news","21":"tag-republique-francaise","22":"tag-ue","23":"tag-union-europeenne"},"share_on_mastodon":{"url":"https:\/\/pubeurope.com\/@fr\/115646890273786883","error":""},"_links":{"self":[{"href":"https:\/\/www.europesays.com\/fr\/wp-json\/wp\/v2\/posts\/571902","targetHints":{"allow":["GET"]}}],"collection":[{"href":"https:\/\/www.europesays.com\/fr\/wp-json\/wp\/v2\/posts"}],"about":[{"href":"https:\/\/www.europesays.com\/fr\/wp-json\/wp\/v2\/types\/post"}],"author":[{"embeddable":true,"href":"https:\/\/www.europesays.com\/fr\/wp-json\/wp\/v2\/users\/2"}],"replies":[{"embeddable":true,"href":"https:\/\/www.europesays.com\/fr\/wp-json\/wp\/v2\/comments?post=571902"}],"version-history":[{"count":0,"href":"https:\/\/www.europesays.com\/fr\/wp-json\/wp\/v2\/posts\/571902\/revisions"}],"wp:featuredmedia":[{"embeddable":true,"href":"https:\/\/www.europesays.com\/fr\/wp-json\/wp\/v2\/media\/571903"}],"wp:attachment":[{"href":"https:\/\/www.europesays.com\/fr\/wp-json\/wp\/v2\/media?parent=571902"}],"wp:term":[{"taxonomy":"category","embeddable":true,"href":"https:\/\/www.europesays.com\/fr\/wp-json\/wp\/v2\/categories?post=571902"},{"taxonomy":"post_tag","embeddable":true,"href":"https:\/\/www.europesays.com\/fr\/wp-json\/wp\/v2\/tags?post=571902"}],"curies":[{"name":"wp","href":"https:\/\/api.w.org\/{rel}","templated":true}]}}