{"id":571915,"date":"2025-12-01T23:35:23","date_gmt":"2025-12-01T23:35:23","guid":{"rendered":"https:\/\/www.europesays.com\/fr\/571915\/"},"modified":"2025-12-01T23:35:23","modified_gmt":"2025-12-01T23:35:23","slug":"le-stade-rennais-pret-a-revenir-a-la-charge-pour-stassin","status":"publish","type":"post","link":"https:\/\/www.europesays.com\/fr\/571915\/","title":{"rendered":"Le Stade Rennais pr\u00eat \u00e0 revenir \u00e0 la charge pour Stassin ?"},"content":{"rendered":"<p>                                            Publi\u00e9 le 01\/12\/2025 \u00e0 21h21<br \/>\n                                                                                3 minutes de lecture\n                                                                    <\/p>\n<p>F\u00e9ru de sport et plus particuli\u00e8rement de ballon rond depuis ma plus tendre enfance.<\/p>\n<p>                                            Lire la suite<\/p>\n<p>Le mercato hivernal r\u00e9serve d\u00e9j\u00e0 ses premi\u00e8res surprises avec un retournement de situation spectaculaire concernant l\u00a0\u00bbavenir de <strong>Lucas Stassin<\/strong>. L&rsquo;attaquant belge de <strong>21 ans<\/strong>, actuellement sous contrat avec l&rsquo;AS Saint-\u00c9tienne en Ligue 2, fait l&rsquo;objet d&rsquo;une bataille acharn\u00e9e entre plusieurs clubs de l&rsquo;\u00e9lite fran\u00e7aise. Alors que le Paris FC semblait tenir la corde depuis plusieurs semaines et paraissait favori pour relancer Lucas Stassin au mercato hivernal, la donne vient de changer radicalement. Le <strong>Stade Rennais<\/strong> a en effet resurgi dans ce dossier avec une d\u00e9termination renouvel\u00e9e, bousculant ainsi la hi\u00e9rarchie \u00e9tablie. Cette situation illustre parfaitement la complexit\u00e9 et l&rsquo;impr\u00e9visibilit\u00e9 du march\u00e9 des transferts, o\u00f9 les rapports de force peuvent s&rsquo;inverser en quelques jours. Le jeune attaquant, qui aspire l\u00e9gitimement \u00e0 retrouver le plus haut niveau apr\u00e8s son passage en Ligue 2, se retrouve d\u00e9sormais au c\u0153ur d&rsquo;une v\u00e9ritable guerre des nerfs entre pr\u00e9tendants de qualit\u00e9.<\/p>\n<p>                                <img decoding=\"async\" src=\"https:\/\/www.europesays.com\/fr\/wp-content\/uploads\/2025\/04\/1744123449_543_logo.png\" alt=\"Logo\"\/><\/p>\n<p>100\u20ac offerts sur ton 1er pari !<\/p>\n<p>                            <a href=\"https:\/\/www.score.fr\/redirection\/1\/\" class=\"headband-button\" target=\"_blank\" rel=\"noopener\">J&rsquo;en profite<\/a><\/p>\n<p>                                                                <img loading=\"lazy\" decoding=\"async\" src=\"https:\/\/www.europesays.com\/fr\/wp-content\/uploads\/2025\/12\/mercato-asse-le-stade-rennais-pret-a-revenir-a-la-charge-pour-stassin.jpg\" alt=\"Illustration : &quot;Mercato ASSE : Le Stade Rennais pr\u00eat \u00e0 revenir \u00e0 la charge pour Stassin ?&quot;\" class=\"figure-img img-fluid\" width=\"780\" height=\"478\"\/><\/p>\n<p>                                    \u00a9 Site officiel de l&rsquo;ASSE                                <\/p>\n<p>Rennes reprend l&rsquo;offensive avec un avantage historique<\/p>\n<p>Le retour en force du <strong>Stade Rennais<\/strong> dans la course \u00e0 Lucas Stassin ne rel\u00e8ve pas du hasard mais s&rsquo;inscrit dans une logique de continuit\u00e9. Selon les informations r\u00e9v\u00e9l\u00e9es par <strong>Foot01<\/strong>, les Bretons ont toujours dans leur viseur l&rsquo;attaquant belge qui souhaite quitter l&rsquo;AS Saint-\u00c9tienne et la Ligue 2. Cette persistance t\u00e9moigne de l&rsquo;int\u00e9r\u00eat r\u00e9el et durable du club breton pour le profil du joueur. L&rsquo;avantage de Rennes r\u00e9side notamment dans son historique avec le joueur, puisque le club breton s&rsquo;\u00e9tait d\u00e9j\u00e0 int\u00e9ress\u00e9 \u00e0 lui lors du dernier mercato estival. Cette familiarit\u00e9 avec le dossier constitue un atout non n\u00e9gligeable, les dirigeants rennais connaissant parfaitement les attentes et les caract\u00e9ristiques du joueur. De plus, la capacit\u00e9 de Rennes \u00e0 \u00e9voluer en <strong>Ligue 1<\/strong> et \u00e0 offrir une vitrine europ\u00e9enne r\u00e9guli\u00e8re repr\u00e9sente un argument de poids face \u00e0 la concurrence. Le club dispose \u00e9galement d&rsquo;une structure moderne et d&rsquo;un projet sportif ambitieux qui peuvent s\u00e9duire un jeune talent en qu\u00eate de progression.<\/p>\n<p>Le facteur Embolo, catalyseur du transfert<\/p>\n<p>La situation pourrait s&rsquo;acc\u00e9l\u00e9rer consid\u00e9rablement gr\u00e2ce \u00e0 un \u00e9l\u00e9ment d\u00e9terminant r\u00e9v\u00e9l\u00e9 par <strong>L&rsquo;\u00c9quipe<\/strong> : le cas <strong>Breel Embolo<\/strong>. L&rsquo;attaquant suisse, pourtant bien int\u00e9gr\u00e9 au Stade Rennais, fait l&rsquo;objet de convoitises italiennes pressantes. L&rsquo;<strong>AS Rome<\/strong>, qui avait d\u00e9j\u00e0 tent\u00e9 sa chance lors du mercato estival avant de se faire devancer par le SRFC, n&rsquo;a pas abandonn\u00e9 ses ambitions et n&rsquo;a pas \u00e9cart\u00e9 l&rsquo;id\u00e9e de le recruter d\u00e8s janvier. Cette insistance romaine s&rsquo;explique par les difficult\u00e9s offensives rencontr\u00e9es par le club italien en ce d\u00e9but de saison. Malgr\u00e9 un excellent d\u00e9but de saison en Serie A, la Roma peine \u00e0 trouver le chemin des filets avec des statistiques pr\u00e9occupantes : <strong>Artem Dovbyk ne compte que 2 buts et Evan Ferguson 1 seul<\/strong>. Cette carence offensive pousse naturellement les dirigeants romains \u00e0 chercher des solutions sur le march\u00e9, faisant d&rsquo;Embolo une cible prioritaire pour redresser la barre.<\/p>\n<p>Un jeu de dominos favorable \u00e0 tous les protagonistes<\/p>\n<p>L&rsquo;\u00e9ventuel d\u00e9part d&rsquo;Embolo vers l&rsquo;Italie d\u00e9clencherait un v\u00e9ritable jeu de chaises musicales qui pourrait profiter aux deux clubs, de part et d&rsquo;autre des Alpes. Cette configuration id\u00e9ale permettrait \u00e0 Rennes de lib\u00e9rer une place dans son secteur offensif tout en g\u00e9n\u00e9rant des liquidit\u00e9s n\u00e9cessaires au recrutement de Stassin. Pour la Roma, l&rsquo;arriv\u00e9e d&rsquo;un buteur exp\u00e9riment\u00e9 comme Embolo r\u00e9pondrait parfaitement aux besoins imm\u00e9diats de l&rsquo;\u00e9quipe. Quant \u00e0 Lucas Stassin, cette opportunit\u00e9 lui offrirait une opportunit\u00e9 de retrouver l&rsquo;\u00e9lite fran\u00e7aise d\u00e8s cet hiver, r\u00e9alisant ainsi son objectif de remont\u00e9e en <strong>Ligue 1<\/strong>. Le timing semble parfait pour toutes les parties, cr\u00e9ant les conditions d&rsquo;un transfert gagnant-gagnant qui pourrait se concr\u00e9tiser rapidement si Rome formule le bon prix pour Embolo.<\/p>\n<p dir=\"ltr\" style=\"line-height:1.38;margin-top:12pt;margin-bottom:12pt;\">Ce samedi 6 d\u00e9cembre, l\u2019ASSE d\u00e9fie l\u2019USL Dunkerque \u00e0 l\u2019ext\u00e9rieur apr\u00e8s sa deuxi\u00e8me victoire de suite en Ligue 2 face \u00e0 Nancy. \u00c0 cette occasion, profitez de 100\u20ac offerts pour votre premi\u00e8re inscription sur Parions Sport en Ligne. <a href=\"https:\/\/www.score.fr\/redirection\/1\/\" style=\"text-decoration-line: none;\" target=\"_blank\" rel=\"noopener\">Pariez sur une victoire de l\u2019ASSE \u00e0 Dunkerque vous rapporte jusqu\u2019\u00e0 205\u20ac !<\/a><\/p>\n<p dir=\"ltr\" style=\"line-height:1.38;margin-top:12pt;margin-bottom:12pt;\">Pour en profiter, c\u2019est tr\u00e8s simple :<\/p>\n<p dir=\"ltr\" style=\"line-height:1.38;margin-top:12pt;margin-bottom:12pt;\">&#8211; Cr\u00e9ez votre compte joueur en seulement 2 \u00e9tapes <a href=\"https:\/\/www.score.fr\/redirection\/1\/\" style=\"text-decoration-line: none;\" target=\"_blank\" rel=\"noopener\">ici<\/a><\/p>\n<p dir=\"ltr\" style=\"line-height:1.38;margin-top:12pt;margin-bottom:12pt;\">&#8211; R\u00e9alisez votre 1er d\u00e9p\u00f4t puis placez votre 1er pari (Minimum 5\u20ac)<\/p>\n<p dir=\"ltr\" style=\"line-height:1.38;margin-top:12pt;margin-bottom:12pt;\">&#8211; Une fois votre 1er d\u00e9p\u00f4t et votre 1er pari r\u00e9alis\u00e9s, l\u2019int\u00e9gralit\u00e9 du montant de ce 1er pari sera cr\u00e9dit\u00e9e sur votre compte joueur dans la limite de 100\u20ac maximum et sous la forme de cr\u00e9dits de jeu non retirables. Le cr\u00e9dit s\u2019effectuera alors en une seule \u00e9tape et sous 3 jours<\/p>\n<p dir=\"ltr\" style=\"line-height:1.38;margin-top:12pt;margin-bottom:12pt;\">Jouer comporte des risques : endettement, d\u00e9pendance\u2026 Appelez le 09 74 75 13 13 (appel non surtax\u00e9)<\/p>\n","protected":false},"excerpt":{"rendered":"Publi\u00e9 le 01\/12\/2025 \u00e0 21h21 3 minutes de lecture F\u00e9ru de sport et plus particuli\u00e8rement de ballon rond&hellip;\n","protected":false},"author":2,"featured_media":571916,"comment_status":"","ping_status":"","sticky":false,"template":"","format":"standard","meta":{"footnotes":""},"categories":[1410],"tags":[63,1011,27,60],"class_list":{"0":"post-571915","1":"post","2":"type-post","3":"status-publish","4":"format-standard","5":"has-post-thumbnail","7":"category-football","8":"tag-football","9":"tag-fr","10":"tag-france","11":"tag-sports"},"share_on_mastodon":{"url":"https:\/\/pubeurope.com\/@fr\/115646938412248326","error":""},"_links":{"self":[{"href":"https:\/\/www.europesays.com\/fr\/wp-json\/wp\/v2\/posts\/571915","targetHints":{"allow":["GET"]}}],"collection":[{"href":"https:\/\/www.europesays.com\/fr\/wp-json\/wp\/v2\/posts"}],"about":[{"href":"https:\/\/www.europesays.com\/fr\/wp-json\/wp\/v2\/types\/post"}],"author":[{"embeddable":true,"href":"https:\/\/www.europesays.com\/fr\/wp-json\/wp\/v2\/users\/2"}],"replies":[{"embeddable":true,"href":"https:\/\/www.europesays.com\/fr\/wp-json\/wp\/v2\/comments?post=571915"}],"version-history":[{"count":0,"href":"https:\/\/www.europesays.com\/fr\/wp-json\/wp\/v2\/posts\/571915\/revisions"}],"wp:featuredmedia":[{"embeddable":true,"href":"https:\/\/www.europesays.com\/fr\/wp-json\/wp\/v2\/media\/571916"}],"wp:attachment":[{"href":"https:\/\/www.europesays.com\/fr\/wp-json\/wp\/v2\/media?parent=571915"}],"wp:term":[{"taxonomy":"category","embeddable":true,"href":"https:\/\/www.europesays.com\/fr\/wp-json\/wp\/v2\/categories?post=571915"},{"taxonomy":"post_tag","embeddable":true,"href":"https:\/\/www.europesays.com\/fr\/wp-json\/wp\/v2\/tags?post=571915"}],"curies":[{"name":"wp","href":"https:\/\/api.w.org\/{rel}","templated":true}]}}