{"id":571923,"date":"2025-12-01T23:40:16","date_gmt":"2025-12-01T23:40:16","guid":{"rendered":"https:\/\/www.europesays.com\/fr\/571923\/"},"modified":"2025-12-01T23:40:16","modified_gmt":"2025-12-01T23:40:16","slug":"ils-lont-attendu-pour-le-des-malfrats-font-limpensable-apres-lavoir-depouille","status":"publish","type":"post","link":"https:\/\/www.europesays.com\/fr\/571923\/","title":{"rendered":"\u00ab\u00a0Ils l\u2019ont attendu pour le&#8230;\u00a0\u00bb, des malfrats font l\u2019impensable apr\u00e8s l&rsquo;avoir d\u00e9pouill\u00e9"},"content":{"rendered":"<p>Par <a class=\"author_recette\" id=\"author_name\" href=\"https:\/\/www.nextplz.fr\/auteur\/noelle-binet\" target=\"_blank\" rel=\"noopener\">No\u00eblle<br \/>\nBinet<\/a> &#8211;<br \/>\nPubli\u00e9 le 01 D\u00e9c 2025 \u00e0<br \/>\n18:10 &#8211; Modifi\u00e9 le 01 D\u00e9c 2025 \u00e0 18:14<\/p>\n<p class=\"article-intro excerpt\">Un incident que Florent Pagny<br \/>\nn\u2019est pas pr\u00e8s d\u2019oublier. En effet, le c\u00e9l\u00e8bre chanteur de 64 ans<br \/>\nsemble avoir \u00e9t\u00e9 la cible de malfrats\u2026 Et ils n\u2019ont pas h\u00e9sit\u00e9 \u00e0 le<br \/>\nd\u00e9pouiller mais pas seulement !<\/p>\n<p>Une soir\u00e9e \u00e9v\u00e9nement particuli\u00e8rement attendue ! Le 29 novembre<br \/>\n2025, l\u00a0\u00bbanimateur Nagui a consacr\u00e9 Taratata, son \u00e9mission<br \/>\nf\u00e9tiche, \u00e0 Florent Pagny, visage phare de la sc\u00e8ne musicale<br \/>\nfran\u00e7aise depuis plusieurs d\u00e9cennies.<\/p>\n<p>Exit la Patagonie, Florent Pagny s&rsquo;installe d\u00e9finitivement en<br \/>\nFrance<\/p>\n<p>Apr\u00e8s plusieurs mois \u00e0 se battre contre la maladie, l&rsquo;\u00e9poux<br \/>\nd&rsquo;Azucena Caama\u00f1o est d\u00e9sormais en r\u00e9mission de son cancer du<br \/>\npoumon. Celui qui a pris plaisir \u00e0 retrouver son public sur sc\u00e8ne<br \/>\ns&rsquo;illustrera encore une fois en tant que coach dans la nouvelle<br \/>\n\u00e9dition de The Voice aux c\u00f4t\u00e9s de Tayc, Lara Fabien et<br \/>\nAmel Bent. Apr\u00e8s avoir longtemps v\u00e9cu en\u00a0Patagonie avec<br \/>\nl&rsquo;ensemble de son clan, le papa d&rsquo;Inca et A\u00ebl s&rsquo;est offert une<br \/>\n<a href=\"https:\/\/www.google.com\/search?q=azucena+florent+pagny.+nexyplz&amp;sca_esv=f34621fe0ac54d90&amp;biw=1268&amp;bih=678&amp;tbm=nws&amp;sxsrf=AE3TifPtI-O4y7rP-aZd6mxirkJtYJGHRQ%3A1764608215772&amp;ei=18gtab3mLtjq7M8P09vYiAo&amp;ved=0ahUKEwj9rfnu7ZyRAxVYNfsDHdMtFqEQ4dUDCA4&amp;uact=5&amp;oq=azucena+florent+pagny.+nexyplz&amp;gs_lp=Egxnd3Mtd2l6LW5ld3MiHmF6dWNlbmEgZmxvcmVudCBwYWdueS4gbmV4eXBsejIHECEYoAEYCkjOCVCdAViuCHAAeACQAQCYAV6gAcgFqgECMTC4AQPIAQD4AQGYAgqgAusFwgIKEAAYgAQYQxiKBcICBRAAGIAEwgIGEAAYFhgewgIIEAAYgAQYogTCAgUQIRigAZgDAIgGAZIHAjEwoAeqLLIHAjEwuAfrBcIHBTEuNi4zyAcT&amp;sclient=gws-wiz-news\" target=\"_blank\" rel=\"noopener\">nouvelle demeure\u00a0sur ses terres natales<\/a>,<br \/>\nen Bourgogne.<\/p>\n<p>L&rsquo;artiste braqu\u00e9 par des faux-policiers, une affaire qui a secou\u00e9<br \/>\nles m\u00e9dias<\/p>\n<p>Si pendant longtemps, il a divis\u00e9 les Fran\u00e7ais en fustigeant<br \/>\nles\u00a0imp\u00f4ts, notamment le fisc, Florent Pagny semble avoir<br \/>\ngagn\u00e9 en popularit\u00e9 ces derni\u00e8res ann\u00e9es. Talentueux et<br \/>\nauthentique, l&rsquo;ex-compagnon de Vanessa Paradis parait \u00e0 pr\u00e9sent<br \/>\nplus sage apr\u00e8s avoir v\u00e9cu de multiples \u00e9preuves. \u00c9tant plus ou<br \/>\nmoins tomb\u00e9 dans la pauvret\u00e9 dans les ann\u00e9es 90, il a certainement<br \/>\ndepuis bien renflou\u00e9 ses comptes .Comme d&rsquo;autres, le soixantenaire<br \/>\naime s&rsquo;offrir des belles choses&#8230; Si bien qu&rsquo;en 2017, <a href=\"https:\/\/www.leparisien.fr\/faits-divers\/yvelines-florent-pagny-se-fait-derober-sa-porsche-sous-la-menace-d-un-pistolet-15-01-2017-6570366.php\" target=\"_blank\" rel=\"noreferrer noopener nofollow\">comme l&rsquo;a<br \/>\nrapport\u00e9 Le Parisien<\/a>, le p\u00e8re de famille a<br \/>\ninvolontairement attir\u00e9 l\u2019\u0153il de malfrats.<\/p>\n<p>Ces voleurs bien rod\u00e9s ont mis la main sur un bolide invendable<br \/>\npour une raison bien sp\u00e9ciale<\/p>\n<p>Un malheureux incident qui se serait d\u00e9roul\u00e9 dans la nuit du<br \/>\nsamedi au dimanche 15 janvier 2017, en r\u00e9gion parisienne. Des<br \/>\ninformations confirm\u00e9es dans la foul\u00e9e par d&rsquo;autres m\u00e9dias \u00e0<br \/>\nl&rsquo;instar de Gala. \u00c0 savoir que Florent Pagny conduisait<br \/>\nl&rsquo;une de ses voitures de collection particuli\u00e8rement rare : une<br \/>\nPorsche 911 lorsqu&rsquo;il a \u00e9t\u00e9 arr\u00eat\u00e9 par des voleurs au volant d&rsquo;une<br \/>\nvoiture blanche dot\u00e9e d&rsquo;un gyrophare en se faisant passer pour des<br \/>\npoliciers. Toujours selon les r\u00e9v\u00e9lations de nos confr\u00e8res, les<br \/>\nmalfaiteurs tr\u00e8s organis\u00e9s l&rsquo;auraient fait descendre de son<br \/>\nv\u00e9hicule en le mena\u00e7ant avec un pistolet pour le lui d\u00e9rober.<\/p>\n<p>\u00ab\u00a0Cette<br \/>\nPorsche doit \u00eatre en route pour un pays \u00e9tranger\u00a0\u00bb<\/p>\n<p>En plus de ceux de Rambouillet, les gendarmes de la section de<br \/>\nrecherche de Versailles avaient multipli\u00e9 les efforts pour les<br \/>\nretrouver&#8230; En vain. \u00ab\u00a0Si c&rsquo;\u00e9taient des petits voyous, ils lui<br \/>\nauraient vol\u00e9 sa carte bancaire avec le code. Je pense qu\u2019on a<br \/>\naffaire \u00e0 des pros qui savaient que le chanteur poss\u00e9dait cette<br \/>\nvoiture. Ils l\u2019ont attendu pour le braquer et \u00e0 l\u2019heure actuelle,<br \/>\ncette Porsche doit \u00eatre en route pour un pays \u00e9tranger\u00a0\u00bb, avait<br \/>\nassur\u00e9 une source anonyme au Parisien.<\/p>\n<p>Le capital sympathie de l&rsquo;ic\u00f4ne aurait fait toute la<br \/>\ndiff\u00e9rence<\/p>\n<p>Une autre tout aussi \u00ab\u00a0proche de l&rsquo;affaire\u00a0\u00bb avaient<br \/>\ngliss\u00e9 que <a href=\"https:\/\/www.google.com\/search?q=florent+pagny+nextplz&amp;oq=florent+pagny+nextplz&amp;gs_lcrp=EgZjaHJvbWUqBggAEEUYOzIGCAAQRRg7MgcIARAAGO8FMgoIAhAAGIAEGKIEMgcIAxAAGO8FMgoIBBAAGIAEGKIEMgYIBRBFGDwyBggGEEUYPNIBCDM5OTJqMGo0qAIAsAIB&amp;sourceid=chrome&amp;ie=UTF-8%20a\" target=\"_blank\" rel=\"noopener\">les agresseurs de Florent Pagny<\/a> ne lui auraient<br \/>\npas tout d\u00e9rob\u00e9 avant leur fuite. En effet, selon leurs<br \/>\ninformations, l&rsquo;artiste braqu\u00e9 aurait pu conserver son t\u00e9l\u00e9phone<br \/>\nportable et sa sacoche, qui contenait surement ses papiers<br \/>\nd&rsquo;identit\u00e9. \u00ab\u00a0Comme il est sympa, il a d\u00fb amadouer les<br \/>\nvoleurs\u00a0\u00bb, apprenait-on. De son c\u00f4t\u00e9, l&rsquo;hebdomadaire r\u00e9v\u00e9lait<br \/>\n\u00e9galement que \u00ab\u00a0cette incroyable voiture \u00e9tait \u00e9quip\u00e9e<br \/>\nd&rsquo;\u00e9l\u00e9ments de freins jaunes alors qu&rsquo;ils sont tous rouges sur les<br \/>\nautres\u00a0\u00bb. Raison pour laquelle, s&rsquo;en d\u00e9barrasser n&rsquo;\u00e9tait pas<br \/>\nchose ais\u00e9e. \u00ab\u00a0Il y a de fortes chances qu&rsquo;elle soit retrouv\u00e9e<br \/>\nabandonn\u00e9e\u00a0\u00bb, avait estim\u00e9 un expert. Voir incendi\u00e9e&#8230;<\/p>\n","protected":false},"excerpt":{"rendered":"Par No\u00eblle Binet &#8211; Publi\u00e9 le 01 D\u00e9c 2025 \u00e0 18:10 &#8211; Modifi\u00e9 le 01 D\u00e9c 2025 \u00e0&hellip;\n","protected":false},"author":2,"featured_media":571924,"comment_status":"","ping_status":"","sticky":false,"template":"","format":"standard","meta":{"footnotes":""},"categories":[1355],"tags":[58,59,1011,27,1361,873],"class_list":{"0":"post-571923","1":"post","2":"type-post","3":"status-publish","4":"format-standard","5":"has-post-thumbnail","7":"category-musique","8":"tag-divertissement","9":"tag-entertainment","10":"tag-fr","11":"tag-france","12":"tag-music","13":"tag-musique"},"share_on_mastodon":{"url":"https:\/\/pubeurope.com\/@fr\/115646957284660454","error":""},"_links":{"self":[{"href":"https:\/\/www.europesays.com\/fr\/wp-json\/wp\/v2\/posts\/571923","targetHints":{"allow":["GET"]}}],"collection":[{"href":"https:\/\/www.europesays.com\/fr\/wp-json\/wp\/v2\/posts"}],"about":[{"href":"https:\/\/www.europesays.com\/fr\/wp-json\/wp\/v2\/types\/post"}],"author":[{"embeddable":true,"href":"https:\/\/www.europesays.com\/fr\/wp-json\/wp\/v2\/users\/2"}],"replies":[{"embeddable":true,"href":"https:\/\/www.europesays.com\/fr\/wp-json\/wp\/v2\/comments?post=571923"}],"version-history":[{"count":0,"href":"https:\/\/www.europesays.com\/fr\/wp-json\/wp\/v2\/posts\/571923\/revisions"}],"wp:featuredmedia":[{"embeddable":true,"href":"https:\/\/www.europesays.com\/fr\/wp-json\/wp\/v2\/media\/571924"}],"wp:attachment":[{"href":"https:\/\/www.europesays.com\/fr\/wp-json\/wp\/v2\/media?parent=571923"}],"wp:term":[{"taxonomy":"category","embeddable":true,"href":"https:\/\/www.europesays.com\/fr\/wp-json\/wp\/v2\/categories?post=571923"},{"taxonomy":"post_tag","embeddable":true,"href":"https:\/\/www.europesays.com\/fr\/wp-json\/wp\/v2\/tags?post=571923"}],"curies":[{"name":"wp","href":"https:\/\/api.w.org\/{rel}","templated":true}]}}