{"id":571927,"date":"2025-12-01T23:42:11","date_gmt":"2025-12-01T23:42:11","guid":{"rendered":"https:\/\/www.europesays.com\/fr\/571927\/"},"modified":"2025-12-01T23:42:11","modified_gmt":"2025-12-01T23:42:11","slug":"les-signes-a-ne-pas-ignorer","status":"publish","type":"post","link":"https:\/\/www.europesays.com\/fr\/571927\/","title":{"rendered":"les signes \u00e0 ne pas ignorer"},"content":{"rendered":"<p itemprop=\"description\">Froid glacial, journ\u00e9es raccourcies et<br \/>\nsilence dans le poulailler : l\u2019hiver met les nerfs des poules \u00e0<br \/>\nrude \u00e9preuve. Voici les signes qui doivent vous alerter.<\/p>\n<p>Quand les temp\u00e9ratures chutent et que les jours raccourcissent,<br \/>\nce ne sont pas que les humains qui tirent la langue. Dans les<br \/>\njardins, les poules pondeuses traversent elles aussi un passage \u00e0<br \/>\nvide. Manque de lumi\u00e8re, isolement, stress thermique\u2026 Chaque hiver,<br \/>\nun ph\u00e9nom\u00e8ne d\u00e9sormais surnomm\u00e9 le \u201cburn-out des poules\u201d frappe les<br \/>\npetits poulaillers. R\u00e9sultat : une chute brutale de la ponte, des<br \/>\ncomportements inhabituels, et des \u00e9leveurs parfois d\u00e9munis.<\/p>\n<p>L\u2019hiver perturbe leur m\u00e9tabolisme<\/p>\n<p>Les <strong>poules<\/strong> supportent relativement bien le<br \/>\nfroid sec. Mais d\u00e8s qu\u2019il s\u2019associe \u00e0 l\u2019humidit\u00e9, leur<br \/>\n<strong>\u00e9nergie<\/strong> se concentre sur le maintien de leur<br \/>\ntemp\u00e9rature corporelle, au d\u00e9triment de <a href=\"https:\/\/monjardinmamaison.maison-travaux.fr\/mon-jardin-ma-maison\/animaux\/poules\/4-astuces-testees-eleveurs-relancer-ponte-poules-quelques-jours-516932.html\" target=\"_blank\" rel=\"noopener\"><br \/>\nla <strong>ponte<\/strong><\/a>. Leur organisme se met alors en<br \/>\n<strong>mode survie<\/strong>, et la production d\u2019\u0153ufs ralentit ou<br \/>\ns\u2019arr\u00eate. Sans abri adapt\u00e9, l\u2019exposition au vent et aux courants<br \/>\nd\u2019air d\u00e9cuple leur <strong>stress<\/strong>.<\/p>\n<p>Comme beaucoup d\u2019animaux, les poules r\u00e9agissent \u00e0 la<br \/>\n<strong>dur\u00e9e du jour<\/strong>. Sous un certain seuil (g\u00e9n\u00e9ralement<br \/>\nen dessous de 10 heures de lumi\u00e8re par jour), leur <strong>cycle<br \/>\nhormonal<\/strong> se d\u00e9r\u00e8gle. R\u00e9sultat : les \u0153ufs se font attendre.<br \/>\nInstaller un \u00e9clairage doux dans <a href=\"https:\/\/monjardinmamaison.maison-travaux.fr\/mon-jardin-ma-maison\/animaux\/poules\/mauvaise-installation-poulailler-amende-425883.html\" target=\"_blank\" rel=\"noopener\"><br \/>\nle poulailler<\/a> peut les aider, mais cela ne suffit pas<br \/>\ntoujours.<\/p>\n<p>Les signes que vos poules n\u2019en peuvent plus<\/p>\n<p>Voici les <strong>signaux les plus fr\u00e9quents<\/strong> qui<br \/>\npeuvent indiquer que <a href=\"https:\/\/monjardinmamaison.maison-travaux.fr\/mon-jardin-ma-maison\/animaux\/poules\/relancer-ponte-des-poules-grace-astuce-fermier-511026.html\" target=\"_blank\" rel=\"noopener\"><br \/>\nvos poules<\/a> subissent un v\u00e9ritable burn-out saisonnier :<\/p>\n<ul>\n<li><strong>Perte d\u2019app\u00e9tit ou boulimie inhabituelle<\/strong><\/li>\n<li><strong>Arr\u00eat soudain ou diminution importante de la<br \/>\nponte<\/strong><\/li>\n<li><strong>Plumage \u00e9bouriff\u00e9, <a href=\"https:\/\/monjardinmamaison.maison-travaux.fr\/mon-jardin-ma-maison\/animaux\/poules\/poule-perd-plumes-que-faire-plumage-360371.html\" target=\"_blank\" rel=\"noopener\"><br \/>\nplumes tombantes<\/a><\/strong><\/li>\n<li><strong>Agressivit\u00e9 entre cong\u00e9n\u00e8res ou repli sur<br \/>\nsoi<\/strong><\/li>\n<li><strong>Position fig\u00e9e, prostration dans un coin du<br \/>\npoulailler<\/strong><\/li>\n<\/ul>\n<p>Ces sympt\u00f4mes peuvent \u00e9galement cacher des maladies, mais ils<br \/>\nsont souvent li\u00e9s \u00e0 un \u00e9tat de <strong>fatigue nerveuse ou<br \/>\nphysique<\/strong> li\u00e9 \u00e0 l\u2019environnement.<\/p>\n<p>Que faire pour les aider \u00e0 passer l\u2019hiver ?<\/p>\n<p>Aucun rem\u00e8de miracle, mais une chose est s\u00fbre : <a href=\"https:\/\/monjardinmamaison.maison-travaux.fr\/mon-jardin-ma-maison\/animaux\/poules\/poules-avant-decembre-geste-indispensable-473079.html\" target=\"_blank\" rel=\"noopener\"><br \/>\nvos poules ont besoin qu\u2019on prenne soin d\u2019elles<\/a> quand le<br \/>\nthermom\u00e8tre d\u00e9gringole. L\u2019objectif, c\u2019est de leur offrir <strong>du<br \/>\nconfort et de la chaleur<\/strong> pour tenir jusqu\u2019au printemps.<br \/>\nCommencez par l\u2019essentiel : un <strong>abri sec, bien isol\u00e9, sans<br \/>\ncourant d\u2019air<\/strong>, avec une liti\u00e8re \u00e9paisse \u00e0 base de paille<br \/>\nou de copeaux de bois. <strong>Changez-la r\u00e9guli\u00e8rement<\/strong><br \/>\npour \u00e9viter l\u2019humidit\u00e9, qui favorise les engelures aux pattes.<br \/>\nPensez aussi \u00e0 sur\u00e9lever l\u00e9g\u00e8rement le poulailler pour limiter les<br \/>\nremont\u00e9es froides du sol.<\/p>\n<p>C\u00f4t\u00e9 nourriture, adaptez leur alimentation \u00e0 la saison. En<br \/>\nhiver, elles ont besoin de <strong>plus de calories pour se<br \/>\nr\u00e9chauffer<\/strong> : ajoutez des <a href=\"https:\/\/monjardinmamaison.maison-travaux.fr\/mon-jardin-ma-maison\/animaux\/oiseaux\/graine-faire-venir-oiseaux-jardin-472277.html\" target=\"_blank\" rel=\"noopener\"><br \/>\ngraines de tournesol<\/a>, des vers s\u00e9ch\u00e9s, ou m\u00eame un peu d\u2019huile<br \/>\nv\u00e9g\u00e9tale dans leurs restes de riz ou de l\u00e9gumes. Un petit boost de<br \/>\n<strong>vitamines naturelles<\/strong>, via du chou fris\u00e9, du<br \/>\nbrocoli ou des orties s\u00e9ch\u00e9es, peut faire une vraie diff\u00e9rence. Et<br \/>\npuis il y a l\u2019ennui. Enferm\u00e9es plus longtemps, avec moins de<br \/>\nlumi\u00e8re et d\u2019espace, vos poules peuvent vite d\u00e9primer. Pour<br \/>\nstimuler leur curiosit\u00e9, suspendez une <strong>grappe de ma\u00efs<br \/>\ns\u00e9ch\u00e9<\/strong>, un <strong>b\u00e2ton de chou<\/strong> ou une<br \/>\n<strong>boule de graines maison<\/strong>. M\u00eame un simple tas de<br \/>\nfeuilles mortes dans l\u2019enclos peut suffire \u00e0 les occuper pendant<br \/>\ndes heures. Parce que oui, une poule qui picore, gratte, bouge\u2026 est<br \/>\nune poule qui va mieux.<\/p>\n","protected":false},"excerpt":{"rendered":"Froid glacial, journ\u00e9es raccourcies et silence dans le poulailler : l\u2019hiver met les nerfs des poules \u00e0 rude&hellip;\n","protected":false},"author":2,"featured_media":571928,"comment_status":"","ping_status":"","sticky":false,"template":"","format":"standard","meta":{"footnotes":""},"categories":[10],"tags":[1011,27,72,71,729],"class_list":{"0":"post-571927","1":"post","2":"type-post","3":"status-publish","4":"format-standard","5":"has-post-thumbnail","7":"category-sante","8":"tag-fr","9":"tag-france","10":"tag-health","11":"tag-sante","12":"tag-yout_video"},"share_on_mastodon":{"url":"https:\/\/pubeurope.com\/@fr\/115646964901428748","error":""},"_links":{"self":[{"href":"https:\/\/www.europesays.com\/fr\/wp-json\/wp\/v2\/posts\/571927","targetHints":{"allow":["GET"]}}],"collection":[{"href":"https:\/\/www.europesays.com\/fr\/wp-json\/wp\/v2\/posts"}],"about":[{"href":"https:\/\/www.europesays.com\/fr\/wp-json\/wp\/v2\/types\/post"}],"author":[{"embeddable":true,"href":"https:\/\/www.europesays.com\/fr\/wp-json\/wp\/v2\/users\/2"}],"replies":[{"embeddable":true,"href":"https:\/\/www.europesays.com\/fr\/wp-json\/wp\/v2\/comments?post=571927"}],"version-history":[{"count":0,"href":"https:\/\/www.europesays.com\/fr\/wp-json\/wp\/v2\/posts\/571927\/revisions"}],"wp:featuredmedia":[{"embeddable":true,"href":"https:\/\/www.europesays.com\/fr\/wp-json\/wp\/v2\/media\/571928"}],"wp:attachment":[{"href":"https:\/\/www.europesays.com\/fr\/wp-json\/wp\/v2\/media?parent=571927"}],"wp:term":[{"taxonomy":"category","embeddable":true,"href":"https:\/\/www.europesays.com\/fr\/wp-json\/wp\/v2\/categories?post=571927"},{"taxonomy":"post_tag","embeddable":true,"href":"https:\/\/www.europesays.com\/fr\/wp-json\/wp\/v2\/tags?post=571927"}],"curies":[{"name":"wp","href":"https:\/\/api.w.org\/{rel}","templated":true}]}}