{"id":571929,"date":"2025-12-01T23:43:10","date_gmt":"2025-12-01T23:43:10","guid":{"rendered":"https:\/\/www.europesays.com\/fr\/571929\/"},"modified":"2025-12-01T23:43:10","modified_gmt":"2025-12-01T23:43:10","slug":"yates-dans-lattente-de-la-decision-de-vingegaard","status":"publish","type":"post","link":"https:\/\/www.europesays.com\/fr\/571929\/","title":{"rendered":"Yates dans l&rsquo;attente de la d\u00e9cision de Vingegaard"},"content":{"rendered":"<p><strong>Vainqueur du Giro 2025, Simon<br \/>\nYates a confi\u00e9 \u00e0 Cyclingnews qu&rsquo;il aimerait d\u00e9fendre son titre l&rsquo;an<br \/>\nprochain, mais cela d\u00e9pendra principalement de la volont\u00e9 du leader<br \/>\nde son \u00e9quipe Jonas Vingegaard d&rsquo;y prendre part ou<br \/>\nnon.<\/strong><\/p>\n<p>Simon Yates est un excellent coureur, vainqueur d\u2019une Vuelta et<br \/>\nd\u2019un Giro et de onze \u00e9tapes de Grands Tours. Mais au sein de<br \/>\nl\u2019\u00e9quipe Visma \u2013 Lease a Bike, qu\u2019il a rejointe en 2025,<br \/>\nl\u2019Australien de 33 ans reste derri\u00e8re Jonas Vingegaard dans la<br \/>\nhi\u00e9rarchie. Si bien qu\u2019au moment de faire son programme pour 2026,<br \/>\nil devra s\u2019adapter aux choix de son leader danois.<br \/>\n<strong>Vainqueur du Giro en mai dernier, Simon Yates n\u2019a pas<br \/>\ncach\u00e9, ce lundi en marge de la pr\u00e9sentation du parcours de<br \/>\nl\u2019\u00e9dition 2026, qu\u2019il aimerait d\u00e9fendre son titre<\/strong>. Mais<br \/>\ndans le m\u00eame temps, Jonas Vingegaard pourrait \u00e9galement d\u00e9cider de<br \/>\ns\u2019aligner sur le Tour d\u2019Italie pour tenter de devenir le huiti\u00e8me<br \/>\ncoureur \u00e0 avoir remport\u00e9 les trois Grands Tours.<\/p>\n<p>Simon Yates est donc dans l\u2019attente, comme il l\u2019a confi\u00e9 \u00e0<br \/>\nCyclingnews. \u00ab Il serait difficile de dissuader qui que ce<br \/>\nsoit de viser la triple couronne des Grands Tours, nous verrons<br \/>\ndonc ce que Jonas et l\u2019\u00e9quipe d\u00e9cideront. J\u2019adorerais revenir. Peu<br \/>\nde coureurs ont la chance de disputer un Grand Tour avec un dossard<br \/>\nnum\u00e9ro un. Au sein de l\u2019\u00e9quipe, les discussions vont bon train<br \/>\nquant aux coureurs qui viseront les diff\u00e9rentes courses. Nous le<br \/>\nsaurons bient\u00f4t. Nous \u00e9tions \u00e0 Amsterdam la semaine derni\u00e8re et il<br \/>\ny a eu beaucoup de r\u00e9unions, ce qui \u00e9tait assez \u00e9puisant.<br \/>\n<strong>C\u2019est un casse-t\u00eate complexe qui inclut \u00e9galement mon r\u00f4le<br \/>\ndans le Tour de France et celui des autres coureurs<\/strong>. \u00bb<br \/>\nL\u2019Australien pourrait d\u2019ailleurs lui aussi viser la \u00ab\u00a0triple<br \/>\ncouronne\u00a0\u00bb en tentant de gagner le Tour de France, mais il n\u2019a<br \/>\njamais fait mieux que 4e, en 2023, et la pr\u00e9sence de l\u2019ogre Pogacar<br \/>\nsemble le dissuader de croire \u00e0 l\u2019exploit.<\/p>\n<p>Yates: \u00ab\u00a0L\u2019ascension du<br \/>\nBlockhaus peut faire basculer une course\u00a0\u00bb<\/p>\n<p>En attendant, qu\u2019il soit pr\u00e9sent ou pas au d\u00e9part en Bulgarie en<br \/>\nmai prochain, Simon Yates a donn\u00e9 son avis sur le trac\u00e9 de<br \/>\nl\u2019\u00e9dition 2026 : \u00ab\u00a0Le Giro de cette ann\u00e9e \u00e9tait tellement<br \/>\ndifficile que nous avons d\u00fb le modifier ; le parcours de 2026<br \/>\nsemble plus \u00e9quilibr\u00e9. Il y a l\u2019arriv\u00e9e en montagne (d\u00e8s la 7e<br \/>\n\u00e9tape) sur le Blockhaus, puis le long contre-la-montre. Il pourrait<br \/>\ny avoir des \u00e9carts importants apr\u00e8s seulement deux semaines.<br \/>\nEnsuite, il y a les \u00e9tapes 19 et 20 en haute montagne, qui seront<br \/>\ndifficiles et donc d\u00e9cisives. <strong>Le contre-la-montre de 40<br \/>\nkilom\u00e8tres ne me convient pas.<\/strong> Je suis capable de r\u00e9aliser<br \/>\nun bon contre-la-montre technique avec quelques ascensions, mais un<br \/>\ncontre-la-montre plat et rectiligne le long de la c\u00f4te pourrait<br \/>\ns\u2019av\u00e9rer difficile. J\u2019ai \u00e9galement souffert sur le Blockhaus lors<br \/>\ndu Giro 2022 ; ma course s\u2019est pratiquement termin\u00e9e ce jour-l\u00e0.<br \/>\nC\u2019est une ascension qui peut faire basculer une course. Apr\u00e8s avoir<br \/>\nvu la vid\u00e9o de la course lors de la pr\u00e9sentation, et surtout en<br \/>\nrepensant \u00e0 l\u2019\u00e9motion que j\u2019ai ressentie \u00e0 Sestri\u00e8res en portant le<br \/>\nmaillot rose, j\u2019adorerais \u00eatre de retour ici en 2026. \u00bb La balle<br \/>\nest dans le camp de Jonas Vingegaard.<\/p>\n","protected":false},"excerpt":{"rendered":"Vainqueur du Giro 2025, Simon Yates a confi\u00e9 \u00e0 Cyclingnews qu&rsquo;il aimerait d\u00e9fendre son titre l&rsquo;an prochain, mais&hellip;\n","protected":false},"author":2,"featured_media":571930,"comment_status":"","ping_status":"","sticky":false,"template":"","format":"standard","meta":{"footnotes":""},"categories":[9],"tags":[1011,27,19716,452,27464,57681,60,68688,68689],"class_list":{"0":"post-571929","1":"post","2":"type-post","3":"status-publish","4":"format-standard","5":"has-post-thumbnail","7":"category-sports","8":"tag-fr","9":"tag-france","10":"tag-giro","11":"tag-italie","12":"tag-simon-yates","13":"tag-sport365-fr","14":"tag-sports","15":"tag-vingegaard","16":"tag-visma-lease-a-bike"},"share_on_mastodon":{"url":"","error":""},"_links":{"self":[{"href":"https:\/\/www.europesays.com\/fr\/wp-json\/wp\/v2\/posts\/571929","targetHints":{"allow":["GET"]}}],"collection":[{"href":"https:\/\/www.europesays.com\/fr\/wp-json\/wp\/v2\/posts"}],"about":[{"href":"https:\/\/www.europesays.com\/fr\/wp-json\/wp\/v2\/types\/post"}],"author":[{"embeddable":true,"href":"https:\/\/www.europesays.com\/fr\/wp-json\/wp\/v2\/users\/2"}],"replies":[{"embeddable":true,"href":"https:\/\/www.europesays.com\/fr\/wp-json\/wp\/v2\/comments?post=571929"}],"version-history":[{"count":0,"href":"https:\/\/www.europesays.com\/fr\/wp-json\/wp\/v2\/posts\/571929\/revisions"}],"wp:featuredmedia":[{"embeddable":true,"href":"https:\/\/www.europesays.com\/fr\/wp-json\/wp\/v2\/media\/571930"}],"wp:attachment":[{"href":"https:\/\/www.europesays.com\/fr\/wp-json\/wp\/v2\/media?parent=571929"}],"wp:term":[{"taxonomy":"category","embeddable":true,"href":"https:\/\/www.europesays.com\/fr\/wp-json\/wp\/v2\/categories?post=571929"},{"taxonomy":"post_tag","embeddable":true,"href":"https:\/\/www.europesays.com\/fr\/wp-json\/wp\/v2\/tags?post=571929"}],"curies":[{"name":"wp","href":"https:\/\/api.w.org\/{rel}","templated":true}]}}