{"id":571935,"date":"2025-12-01T23:46:18","date_gmt":"2025-12-01T23:46:18","guid":{"rendered":"https:\/\/www.europesays.com\/fr\/571935\/"},"modified":"2025-12-01T23:46:18","modified_gmt":"2025-12-01T23:46:18","slug":"apres-la-defaillance-dun-logiciel-vendredi-des-a320-dairbus-affectes-par-un-defaut-de-qualite-de-production","status":"publish","type":"post","link":"https:\/\/www.europesays.com\/fr\/571935\/","title":{"rendered":"Apr\u00e8s la d\u00e9faillance d\u2019un logiciel, vendredi, des A320\u00a0d\u2019Airbus affect\u00e9s par un d\u00e9faut de qualit\u00e9 de production"},"content":{"rendered":"<p>                     <img loading=\"lazy\" decoding=\"async\" src=\"https:\/\/www.europesays.com\/fr\/wp-content\/uploads\/2025\/12\/75514e6_upload-1-12n5aowob7hb-000-42mc7g2.jpg\" alt=\"Un Airbus A320-251N de la compagnie China Eastern Airlines survole\u00a0l\u2019a\u00e9roport international de Shangha\u00ef (Chine), en avril 2025. \"   width=\"664\" height=\"443\"\/>    Un Airbus A320-251N de la compagnie China Eastern Airlines survole\u00a0l\u2019a\u00e9roport international de Shangha\u00ef (Chine), en avril 2025.  HECTOR RETAMAL\/AFP                 <\/p>\n<p class=\"article__paragraph  \">\u00ab\u00a0Les ennuis volent en escadrille\u00a0!\u00a0\u00bb, avait coutume de dire un ancien pr\u00e9sident de la R\u00e9publique. Airbus est en train d\u2019en faire la d\u00e9sagr\u00e9able exp\u00e9rience. Confirmant une information de l\u2019agence Reuters, le num\u00e9ro un mondial de l\u2019a\u00e9ronautique a indiqu\u00e9, lundi 1er\u00a0d\u00e9cembre, \u00eatre confront\u00e9 \u00e0 <a href=\"https:\/\/www.lemonde.fr\/economie\/article\/2025\/12\/01\/airbus-confirme-des-problemes-de-qualite-dans-des-panneaux-metalliques-sur-des-appareils-a320_6655571_3234.html\" target=\"_blank\" rel=\"noopener\">un probl\u00e8me de qualit\u00e9 de production sur un \u00ab\u00a0nombre limit\u00e9\u00a0\u00bb de panneaux de fuselages d\u2019appareils de la famille A320<\/a>. Et ce 72\u00a0heures seulement apr\u00e8s une alerte mondiale de s\u00e9curit\u00e9 concernant cette m\u00eame cat\u00e9gorie d\u2019a\u00e9ronefs.<\/p>\n<p class=\"article__paragraph  \">C\u2019est chez un fournisseur qu\u2019Airbus annonce avoir rep\u00e9r\u00e9 l\u2019anomalie, laquelle affecte une quantit\u00e9 restreinte de panneaux m\u00e9talliques. Le groupe n\u2019a toutefois pas indiqu\u00e9 le nombre d\u2019appareils concern\u00e9s par le d\u00e9faut. \u00ab\u00a0La source du probl\u00e8me a \u00e9t\u00e9 identifi\u00e9e, circonscrite et tous les panneaux r\u00e9cemment produits sont conformes au cahier des charges\u00a0\u00bb, a fait savoir l\u2019avionneur europ\u00e9en. Toutefois, il n\u2019\u00e9tait pas encore en mesure, lundi, de pr\u00e9ciser si le probl\u00e8me \u00e9tait limit\u00e9 aux seuls avions en cours d\u2019assemblage ou s\u2019il pouvait se retrouver aussi sur des appareils d\u00e9j\u00e0 livr\u00e9s et donc en exploitation par les compagnies a\u00e9riennes.<\/p>\n<p class=\"reading-mode-only \"><strong>Il vous reste 76.47% de cet article \u00e0 lire. La suite est r\u00e9serv\u00e9e aux abonn\u00e9s.<\/strong><\/p>\n","protected":false},"excerpt":{"rendered":"Un Airbus A320-251N de la compagnie China Eastern Airlines survole\u00a0l\u2019a\u00e9roport international de Shangha\u00ef (Chine), en avril 2025. HECTOR&hellip;\n","protected":false},"author":2,"featured_media":571936,"comment_status":"","ping_status":"","sticky":false,"template":"","format":"standard","meta":{"footnotes":""},"categories":[6],"tags":[35,33,34,1011,27],"class_list":{"0":"post-571935","1":"post","2":"type-post","3":"status-publish","4":"format-standard","5":"has-post-thumbnail","7":"category-economie","8":"tag-business","9":"tag-economie","10":"tag-economy","11":"tag-fr","12":"tag-france"},"share_on_mastodon":{"url":"https:\/\/pubeurope.com\/@fr\/115646982523712323","error":""},"_links":{"self":[{"href":"https:\/\/www.europesays.com\/fr\/wp-json\/wp\/v2\/posts\/571935","targetHints":{"allow":["GET"]}}],"collection":[{"href":"https:\/\/www.europesays.com\/fr\/wp-json\/wp\/v2\/posts"}],"about":[{"href":"https:\/\/www.europesays.com\/fr\/wp-json\/wp\/v2\/types\/post"}],"author":[{"embeddable":true,"href":"https:\/\/www.europesays.com\/fr\/wp-json\/wp\/v2\/users\/2"}],"replies":[{"embeddable":true,"href":"https:\/\/www.europesays.com\/fr\/wp-json\/wp\/v2\/comments?post=571935"}],"version-history":[{"count":0,"href":"https:\/\/www.europesays.com\/fr\/wp-json\/wp\/v2\/posts\/571935\/revisions"}],"wp:featuredmedia":[{"embeddable":true,"href":"https:\/\/www.europesays.com\/fr\/wp-json\/wp\/v2\/media\/571936"}],"wp:attachment":[{"href":"https:\/\/www.europesays.com\/fr\/wp-json\/wp\/v2\/media?parent=571935"}],"wp:term":[{"taxonomy":"category","embeddable":true,"href":"https:\/\/www.europesays.com\/fr\/wp-json\/wp\/v2\/categories?post=571935"},{"taxonomy":"post_tag","embeddable":true,"href":"https:\/\/www.europesays.com\/fr\/wp-json\/wp\/v2\/tags?post=571935"}],"curies":[{"name":"wp","href":"https:\/\/api.w.org\/{rel}","templated":true}]}}