{"id":571937,"date":"2025-12-01T23:47:13","date_gmt":"2025-12-01T23:47:13","guid":{"rendered":"https:\/\/www.europesays.com\/fr\/571937\/"},"modified":"2025-12-01T23:47:13","modified_gmt":"2025-12-01T23:47:13","slug":"tuer-tout-le-monde-le-chef-du-pentagone-a-t-il-ordonne-deux-executions-en-mer-des-caraibes","status":"publish","type":"post","link":"https:\/\/www.europesays.com\/fr\/571937\/","title":{"rendered":"\u00ab\u00a0Tuer tout le monde\u00a0\u00bb\u2026 Le chef du Pentagone a-t-il ordonn\u00e9 deux ex\u00e9cutions en mer des Cara\u00efbes\u00a0?"},"content":{"rendered":"<p>Des informations de presse fracassantes sur lesquelles Donald Trump a dit dimanche vouloir se pencher. Au c\u0153ur de la pol\u00e9mique\u00a0? Une double frappe mortelle contre une embarcation en mer des Cara\u00efbes. Le Washington Post et CNN ont r\u00e9v\u00e9l\u00e9 vendredi que l\u2019arm\u00e9e am\u00e9ricaine, apr\u00e8s une premi\u00e8re frappe le 2\u00a0septembre contre une embarcation transportant selon elle des stup\u00e9fiants, avait proc\u00e9d\u00e9 \u00e0 une seconde frappe pour \u00e9liminer deux survivants qui s\u2019accrochaient au bateau en flammes. \u00ab\u00a0L\u2019ordre \u00e9tait de tuer tout le monde\u00a0\u00bb, a indiqu\u00e9 l\u2019une des sources du <a href=\"https:\/\/www.washingtonpost.com\/national-security\/2025\/11\/28\/hegseth-kill-them-all-survivors-boat-strike\/\" target=\"_blank\" class=\"c-link c-link--is-underlined\" rel=\"noopener\">Washington Post.<\/a><\/p>\n<\/p>\n<p>Trump croit son ministre<\/p>\n<p>\u00ab\u00a0Nous allons regarder\u00a0\u00bb, a dit le pr\u00e9sident am\u00e9ricain pendant un \u00e9change avec la presse \u00e0 bord de son avion. \u00ab\u00a0Je ne sais rien de \u00e7a. Il (le <a href=\"https:\/\/www.20minutes.fr\/dossier\/ministre_de_la_defense\" class=\"c-link c-link--is-underlined\" target=\"_blank\" rel=\"noopener\">ministre de la D\u00e9fense<\/a> Pete Hegseth, ndlr) dit qu\u2019il n\u2019a pas dit \u00e7a et je le crois\u00a0\u00bb, a ajout\u00e9 le pr\u00e9sident, se retranchant derri\u00e8re les d\u00e9n\u00e9gations du chef du <a href=\"https:\/\/www.20minutes.fr\/monde\/pentagone\/\" class=\"c-link c-link--is-underlined\" target=\"_blank\" rel=\"noopener\">Pentagone<\/a>. <a href=\"https:\/\/www.20minutes.fr\/politique\/pete-hegseth\/\" class=\"c-link c-link--is-underlined\" target=\"_blank\" rel=\"noopener\">Pete Hegseth<\/a> a r\u00e9agi en d\u00e9non\u00e7ant de \u00ab\u00a0fausses informations\u00a0\u00bb (fake news).<\/p>\n<p>\u00ab\u00a0Non, je n\u2019aurais pas voulu \u00e7a\u00a0\u00bb, a encore dit Donald Trump dimanche, \u00e0 propos de cette seconde frappe suppos\u00e9e. \u00ab\u00a0Pete dit que ce n\u2019est pas arriv\u00e9\u00a0\u00bb, a-t-il insist\u00e9. L\u2019arm\u00e9e am\u00e9ricaine a conduit depuis septembre une s\u00e9rie de frappes contre des embarcations en mer des Cara\u00efbes en particulier, au nom de la lutte contre le trafic des stup\u00e9fiants. Mais la pol\u00e9mique se poursuit aux Etats-Unis sur ces frappes. \u00ab\u00a0Au <a href=\"https:\/\/www.20minutes.fr\/dossier\/senat\" class=\"c-link c-link--is-underlined\" target=\"_blank\" rel=\"noopener\">S\u00e9nat<\/a> comme \u00e0 l\u2019Assembl\u00e9e, les commissions consacr\u00e9es \u00e0 l\u2019arm\u00e9e que pilotent les r\u00e9publicains ont annonc\u00e9 ouvrir une enqu\u00eate transpartisane\u00a0\u00bb, ajoute le <a href=\"https:\/\/www.20minutes.fr\/economie\/wall_street\/\" class=\"c-link c-link--is-underlined\" target=\"_blank\" rel=\"noopener\">Wall Street<\/a> Journal, cit\u00e9 par <a href=\"https:\/\/www.courrierinternational.com\/article\/etats-unis-le-patron-du-pentagone-accuse-d-avoir-ordonne-l-execution-de-deux-hommes-dans-les-caraibes_237992\" target=\"_blank\" class=\"c-link c-link--is-underlined\" rel=\"noopener\">Courrier International.<\/a><\/p>\n<p>La Maison Blanche fait bloc<\/p>\n<p>Ce lundi la Maison Blanche a pr\u00e9cis\u00e9 que cette frappe am\u00e9ricaine en septembre au large du Venezuela sur une embarcation suspect\u00e9e de narcotrafic a \u00e9t\u00e9 ordonn\u00e9e par un amiral, d\u00e9fendant sa l\u00e9galit\u00e9 malgr\u00e9 une pol\u00e9mique croissante aux Etats-Unis.<\/p>\n<p>L\u2019amiral Frank Bradley, \u00e0 la t\u00eate du commandement des op\u00e9rations sp\u00e9ciales des forces arm\u00e9es am\u00e9ricaines, a ordonn\u00e9 cette frappe, qui selon des informations du Washington Post avait pour but de tuer deux survivants d\u2019une frappe initiale, a confirm\u00e9 la porte-parole de la Maison Blanche, Karoline Leavitt. L\u2019amiral \u00ab\u00a0\u00e9tait pleinement dans son bon droit\u00a0\u00bb pour prendre cette d\u00e9cision, a-t-elle ajout\u00e9. Le minist\u00e8re am\u00e9ricain de la Justice affirme que ces op\u00e9rations sont l\u00e9gales, mais le Haut-Commissaire de l\u2019<a href=\"https:\/\/www.20minutes.fr\/monde\/onu\/\" class=\"c-link c-link--is-underlined\" target=\"_blank\" rel=\"noopener\">ONU<\/a> aux droits de l&rsquo;homme, Volker T\u00fcrk, a dit relever de \u00ab\u00a0solides indices\u00a0\u00bb d\u2019ex\u00e9cutions \u00ab\u00a0extrajudiciaires\u00a0\u00bb.<\/p>\n","protected":false},"excerpt":{"rendered":"Des informations de presse fracassantes sur lesquelles Donald Trump a dit dimanche vouloir se pencher. Au c\u0153ur de&hellip;\n","protected":false},"author":2,"featured_media":571938,"comment_status":"","ping_status":"","sticky":false,"template":"","format":"standard","meta":{"footnotes":""},"categories":[5],"tags":[47,11,554,75,73,1011,27,33159,14,74,12,1066,28],"class_list":{"0":"post-571937","1":"post","2":"type-post","3":"status-publish","4":"format-standard","5":"has-post-thumbnail","7":"category-international","8":"tag-actualite","9":"tag-actualites","10":"tag-defense","11":"tag-donald-trump","12":"tag-etats-unis","13":"tag-fr","14":"tag-france","15":"tag-frappes-aeriennes","16":"tag-international","17":"tag-monde","18":"tag-news","19":"tag-pete-hegseth","20":"tag-world"},"share_on_mastodon":{"url":"https:\/\/pubeurope.com\/@fr\/115646984598711312","error":""},"_links":{"self":[{"href":"https:\/\/www.europesays.com\/fr\/wp-json\/wp\/v2\/posts\/571937","targetHints":{"allow":["GET"]}}],"collection":[{"href":"https:\/\/www.europesays.com\/fr\/wp-json\/wp\/v2\/posts"}],"about":[{"href":"https:\/\/www.europesays.com\/fr\/wp-json\/wp\/v2\/types\/post"}],"author":[{"embeddable":true,"href":"https:\/\/www.europesays.com\/fr\/wp-json\/wp\/v2\/users\/2"}],"replies":[{"embeddable":true,"href":"https:\/\/www.europesays.com\/fr\/wp-json\/wp\/v2\/comments?post=571937"}],"version-history":[{"count":0,"href":"https:\/\/www.europesays.com\/fr\/wp-json\/wp\/v2\/posts\/571937\/revisions"}],"wp:featuredmedia":[{"embeddable":true,"href":"https:\/\/www.europesays.com\/fr\/wp-json\/wp\/v2\/media\/571938"}],"wp:attachment":[{"href":"https:\/\/www.europesays.com\/fr\/wp-json\/wp\/v2\/media?parent=571937"}],"wp:term":[{"taxonomy":"category","embeddable":true,"href":"https:\/\/www.europesays.com\/fr\/wp-json\/wp\/v2\/categories?post=571937"},{"taxonomy":"post_tag","embeddable":true,"href":"https:\/\/www.europesays.com\/fr\/wp-json\/wp\/v2\/tags?post=571937"}],"curies":[{"name":"wp","href":"https:\/\/api.w.org\/{rel}","templated":true}]}}