{"id":571939,"date":"2025-12-01T23:48:16","date_gmt":"2025-12-01T23:48:16","guid":{"rendered":"https:\/\/www.europesays.com\/fr\/571939\/"},"modified":"2025-12-01T23:48:16","modified_gmt":"2025-12-01T23:48:16","slug":"lex-anesthesiste-fond-en-larmes-en-ecoutant-sa-fille","status":"publish","type":"post","link":"https:\/\/www.europesays.com\/fr\/571939\/","title":{"rendered":"l\u2019ex-anesth\u00e9siste fond en larmes en \u00e9coutant sa fille"},"content":{"rendered":"<p>        <img decoding=\"async\" loading=\"lazy\" src=\"https:\/\/www.europesays.com\/fr\/wp-content\/uploads\/2025\/12\/8b4c81d_upload-1-n09f4ahjwifu-afp-20250909-hl-amermet-2872364-v1-highres-franceopeningofthetrialofan.jpeg\"  width=\"728\" height=\"409\" alt=\"Fr\u00e9d\u00e9ric Pechier arrive au tribunal \u00e0 Besan\u00e7on pour l\u2019ouverture de son proc\u00e8s, devant la cour d\u2019assises, le 8\u00a0septembre 2025.\"\/>  <\/p>\n<p>ANTOINE MERMET \/ Hans Lucas via AFP<\/p>\n<p>Fr\u00e9d\u00e9ric Pechier arrive au tribunal \u00e0 Besan\u00e7on pour l\u2019ouverture de son proc\u00e8s, devant la cour d\u2019assises, le 8\u00a0septembre 2025.<\/p>\n<p class=\"asset asset-text\">\u00ab\u00a0Je l\u2019ai vu se battre et je l\u2019ai vu perdre espoir.\u00a0\u00bb En entendant les mots de sa fille<a href=\"https:\/\/www.huffingtonpost.fr\/justice\/article\/proces-de-frederic-pechier-la-premiere-declaration-de-l-ex-anesthesiste-est-sans-surprise-sur-sa-ligne-de-defense_254580.html\" target=\"_blank\" rel=\"noopener\">, Fr\u00e9d\u00e9ric P\u00e9chier <\/a>a pleur\u00e9 ce lundi 1er\u00a0d\u00e9cembre, pour la premi\u00e8re depuis le d\u00e9but du <a href=\"https:\/\/www.huffingtonpost.fr\/justice\/article\/proces-de-frederic-pechier-une-premiere-victime-presumee-de-l-anesthesiste-livre-son-calvaire_255000.html\" target=\"_blank\" rel=\"noopener\">proc\u00e8s<\/a> le 8\u00a0septembre. Persuad\u00e9e de son innocence, c\u2019est tout la famille de l\u2019anesth\u00e9siste de Besan\u00e7on, accus\u00e9 de 30 empoisonnements dont 12 mortels, qui a fait bloc derri\u00e8re lui.<\/p>\n<p class=\"asset asset-text\">\u00ab\u00a0Je sens au fond de mon c\u0153ur que mon fils est innocent\u00a0\u00bb, a martel\u00e9 devant la cour d\u2019assises du Doubs\u00a0la m\u00e8re de l\u2019accus\u00e9, Marie-Jos\u00e9 P\u00e9chier. \u00ab\u00a0Il a eu une enfance heureuse et je ne comprends pas pourquoi il se serait transform\u00e9 en serial killer du jour au lendemain\u00a0\u00bb.<\/p>\n<p class=\"asset asset-text\">Les parents de Fr\u00e9d\u00e9ric P\u00e9chier, son ex-femme et l\u2019une de ses filles se sont succ\u00e9d\u00e9 \u00e0 la barre pour dessiner le portrait d\u2019un homme \u00ab\u00a0altruiste, g\u00e9n\u00e9reux\u00a0\u00bb, d\u2019un p\u00e8re aimant, d\u2019un mari \u00ab\u00a0attentionn\u00e9\u00a0\u00bb et d\u2019un m\u00e9decin anesth\u00e9siste-r\u00e9animateur qui \u00ab\u00a0aimait son m\u00e9tier\u00a0\u00bb.<\/p>\n<p>    \u00ab\u00a0On lui a hurl\u00e9 dessus\u00a0: \u201cdis-nous la v\u00e9rit\u00e9\u00a0!\u201d\u00a0\u00bb    <\/p>\n<p class=\"asset asset-text\">\u00ab\u00a0Je ne changerai jamais de nom de famille\u00a0\u00bb, a de son c\u00f4t\u00e9 dit Juliette, la fille a\u00een\u00e9e de Fr\u00e9d\u00e9ric P\u00e9chier, \u00e2g\u00e9e de 25\u00a0ans et de 16\u00a0ans au moment des faits, rapporte <a href=\"https:\/\/www.estrepublicain.fr\/faits-divers-justice\/2025\/12\/01\/proces-pechier-les-parents-de-l-anesthesiste-et-son-ex-epouse-face-aux-jures-un-possible-tournant-suivez-le-55e-jour\" target=\"_blank\" rel=\"noopener\" title=\"Nouvelle fen\u00eatre\">L\u2019Est R\u00e9publicain<\/a>. \u00ab\u00a0Cela\u00a0fait huit ans que je le vois tourner les pages de la proc\u00e9dure \u00e0 la recherche d\u2019une explication\u00a0\u00bb, a poursuivi la jeune femme, selon la<a href=\"https:\/\/www.francebleu.fr\/infos\/faits-divers-justice\/proces-pechier-les-larmes-de-frederic-pechier-devant-sa-fille-et-son-ex-epouse-6208702\" target=\"_blank\" rel=\"noopener\" title=\"Nouvelle fen\u00eatre\"> radio Ici<\/a>. Elle a aussi dit toute sa col\u00e8re contre les journalistes qui venaient en masse devant sa maison pour obtenir des informations. \u00c0 l\u2019\u00e9coute de sa fille, Fr\u00e9d\u00e9ric P\u00e9chier a fondu en larmes.<\/p>\n<p class=\"asset asset-text\">Son fr\u00e8re cadet, Marc P\u00e9chier, a spontan\u00e9ment racont\u00e9 comment sa s\u0153ur, son autre fr\u00e8re et lui-m\u00eame avaient \u00ab\u00a0convoqu\u00e9\u00a0\u00bb Fr\u00e9d\u00e9ric P\u00e9chier dimanche, se disant \u00ab\u00a0chamboul\u00e9\u00a0\u00bb par les empoisonnements d\u00e9montr\u00e9s au cours des deux mois et demi de proc\u00e8s.<\/p>\n<p class=\"asset asset-text\">\u00ab\u00a0On lui a hurl\u00e9 dessus\u00a0: \u201cdis-nous la v\u00e9rit\u00e9\u00a0!\u201d\u00a0\u00bb, a-t-il racont\u00e9. \u00ab\u00a0Mon fr\u00e8re s\u2019est effondr\u00e9. Il a pleur\u00e9, beaucoup. Il a parl\u00e9 aussi\u00a0: de son enfance, de ses erreurs pendant l\u2019instruction, de sa vie d\u2019avant\u00a0\u00bb, mais il a maintenu \u00eatre innocent. \u00ab\u00a0Devant moi, j\u2019ai vu un homme, et j\u2019ai vu son \u00e2me. Il ne mentait pas\u00a0\u00bb, a-t-il dit, convaincu de l\u2019innocence de son fr\u00e8re.<\/p>\n<p class=\"asset asset-text\">Le commandant de police Laurent Dumont avait \u00e9voqu\u00e9 de son c\u00f4t\u00e9 les \u00ab\u00a0failles personnelles\u00a0\u00bb de Fr\u00e9d\u00e9ric P\u00e9chier, domin\u00e9 par son p\u00e8re puis par sa femme, \u00e9vocatrices selon lui d\u2019un \u00ab\u00a0tueur en s\u00e9rie\u00a0\u00bb.<\/p>\n<p>                     \u00ab\u00a0Un homme d\u00e9truit\u00a0\u00bb    <\/p>\n<p class=\"asset asset-text\">Le p\u00e8re de l\u2019accus\u00e9, Jean-Michel P\u00e9chier, 78\u00a0ans, s\u2019est lui dit \u00ab\u00a0fier\u00a0\u00bb de son fils, devenu anesth\u00e9siste comme lui, assurant n\u2019avoir \u00ab\u00a0jamais eu de contentieux\u00a0\u00bb avec lui.<\/p>\n<p class=\"asset asset-text\">Fr\u00e9d\u00e9ric P\u00e9chier a v\u00e9cu chez ses parents jusqu\u2019\u00e0 ses 24\u00a0ans, avant de partir \u00e0 Besan\u00e7on pour ses \u00e9tudes. Revenu vivre chez eux \u00e0 Poitiers apr\u00e8s sa mise en cause judiciaire, en 2017, il a perdu son emploi, son statut social et divorc\u00e9 de son \u00e9pouse. C\u2019est chez ses parents que, fortement alcoolis\u00e9, il s\u2019est d\u00e9fenestr\u00e9 en 2021.<\/p>\n<p class=\"asset asset-text\">\u00ab\u00a0Fr\u00e9d\u00e9ric est un homme d\u00e9truit. Il n\u2019a pour lui que sa famille et l\u2019amour inconditionnel de ses propres enfants\u00a0\u00bb, a d\u00e9clar\u00e9 sa m\u00e8re.<\/p>\n<p class=\"asset asset-text\">Selon le directeur d\u2019enqu\u00eate Olivier Verguet, \u00ab\u00a0la seule personne qui aurait les cl\u00e9s pour le d\u00e9verrouiller, c\u2019est Mme P\u00e9chier\u00a0\u00bb. Il a estim\u00e9 que son ex-femme avait une \u00ab\u00a0emprise sur son \u00e9poux\u00a0\u00bb.<\/p>\n<p>    Son ex-\u00e9pouse a racont\u00e9 un \u00ab\u00a0couple\u00a0tr\u00e8s fusionnel\u00a0\u00bb    <\/p>\n<p class=\"asset asset-text\">\u00ab\u00a0Je n\u2019\u00e9tais pas une \u00e9pouse soumise et Fr\u00e9d\u00e9ric n\u2019\u00e9tait pas un mari soumis, nous \u00e9tions juste un couple qui travaillait, avec de jeunes enfants\u00a0\u00bb, a r\u00e9torqu\u00e9 lundi devant la cour Nathalie P\u00e9chier. Elle avait demand\u00e9 \u00e0 son mari de moins travailler pour \u00eatre davantage pr\u00e9sent dans la vie de famille.<\/p>\n<p class=\"asset asset-text\">L\u2019avocate g\u00e9n\u00e9rale Christine de Curraize s\u2019est interrog\u00e9e sur ce mari \u00ab\u00a0\u00e9cartel\u00e9\u00a0\u00bb\u00a0: \u00ab\u00a0comment pouvait-il s\u2019en sortir\u00a0? Il fallait qu\u2019il soit plus \u00e0 la maison et en m\u00eame temps qu\u2019il soit le meilleur\u00a0au travail\u00a0\u00bb.<\/p>\n<p class=\"asset asset-text\">Son ex-\u00e9pouse a racont\u00e9 un \u00ab\u00a0couple\u00a0tr\u00e8s fusionnel\u00a0\u00bb qui s\u2019est \u00ab\u00a0beaucoup aim\u00e9\u00a0\u00bb, et a d\u00e9peint une vie de famille ais\u00e9e, idyllique, malgr\u00e9 une tentative de suicide du p\u00e8re de famille en 2014, le suivi psychologique de son mari d\u00e9pressif et l\u2019ombre du divorce qui a plan\u00e9 plusieurs ann\u00e9es. Les \u00e9poux ont finalement divorc\u00e9 en 2021, tout en restant proches. \u00ab\u00a0Si j\u2019avais le moindre doute quant \u00e0 la culpabilit\u00e9 de Fr\u00e9d\u00e9ric, je ne serais pas l\u00e0 pour le d\u00e9fendre. Si j\u2019avais le moindre doute, il n\u2019approcherait pas mes enfants\u00a0\u00bb, a affirm\u00e9 cette brillante cardiologue.<\/p>\n<p class=\"asset asset-text\">Les proches de l\u2019accus\u00e9 entendus lundi ont tous fait part de leur \u00ab\u00a0besoin de v\u00e9rit\u00e9\u00a0\u00bb et d\u00e9nonc\u00e9 \u00ab\u00a0une enqu\u00eate \u00e0 charge contre lui depuis le d\u00e9part, sans aucune preuve\u00a0\u00bb.<\/p>\n<p class=\"asset asset-text\">Des t\u00e9moins ont dit \u00e0 la barre leur plaisir \u00e0 travailler avec le docteur P\u00e9chier, un m\u00e9decin avec de \u00ab\u00a0l\u2019empathie\u00a0\u00bb, \u00ab\u00a0sympa\u00a0\u00bb et \u00ab\u00a0tr\u00e8s professionnel\u00a0\u00bb.<\/p>\n<p class=\"asset asset-text\">Jug\u00e9 pour 30 empoisonnements commis entre 2008 et 2017 \u00e0 Besan\u00e7on, Fr\u00e9d\u00e9ric P\u00e9chier encourt la r\u00e9clusion criminelle \u00e0 perp\u00e9tuit\u00e9. Le verdict est attendu d\u2019ici au 19\u00a0d\u00e9cembre.<\/p>\n","protected":false},"excerpt":{"rendered":"ANTOINE MERMET \/ Hans Lucas via AFP Fr\u00e9d\u00e9ric Pechier arrive au tribunal \u00e0 Besan\u00e7on pour l\u2019ouverture de son&hellip;\n","protected":false},"author":2,"featured_media":571940,"comment_status":"","ping_status":"","sticky":false,"template":"","format":"standard","meta":{"footnotes":""},"categories":[4],"tags":[11,32328,1011,27,303,12,25],"class_list":{"0":"post-571939","1":"post","2":"type-post","3":"status-publish","4":"format-standard","5":"has-post-thumbnail","7":"category-france","8":"tag-actualites","9":"tag-empoisonnement","10":"tag-fr","11":"tag-france","12":"tag-justice","13":"tag-news","14":"tag-republique-francaise"},"share_on_mastodon":{"url":"","error":""},"_links":{"self":[{"href":"https:\/\/www.europesays.com\/fr\/wp-json\/wp\/v2\/posts\/571939","targetHints":{"allow":["GET"]}}],"collection":[{"href":"https:\/\/www.europesays.com\/fr\/wp-json\/wp\/v2\/posts"}],"about":[{"href":"https:\/\/www.europesays.com\/fr\/wp-json\/wp\/v2\/types\/post"}],"author":[{"embeddable":true,"href":"https:\/\/www.europesays.com\/fr\/wp-json\/wp\/v2\/users\/2"}],"replies":[{"embeddable":true,"href":"https:\/\/www.europesays.com\/fr\/wp-json\/wp\/v2\/comments?post=571939"}],"version-history":[{"count":0,"href":"https:\/\/www.europesays.com\/fr\/wp-json\/wp\/v2\/posts\/571939\/revisions"}],"wp:featuredmedia":[{"embeddable":true,"href":"https:\/\/www.europesays.com\/fr\/wp-json\/wp\/v2\/media\/571940"}],"wp:attachment":[{"href":"https:\/\/www.europesays.com\/fr\/wp-json\/wp\/v2\/media?parent=571939"}],"wp:term":[{"taxonomy":"category","embeddable":true,"href":"https:\/\/www.europesays.com\/fr\/wp-json\/wp\/v2\/categories?post=571939"},{"taxonomy":"post_tag","embeddable":true,"href":"https:\/\/www.europesays.com\/fr\/wp-json\/wp\/v2\/tags?post=571939"}],"curies":[{"name":"wp","href":"https:\/\/api.w.org\/{rel}","templated":true}]}}