{"id":57194,"date":"2025-04-27T16:19:09","date_gmt":"2025-04-27T16:19:09","guid":{"rendered":"https:\/\/www.europesays.com\/fr\/57194\/"},"modified":"2025-04-27T16:19:09","modified_gmt":"2025-04-27T16:19:09","slug":"et-si-les-droits-de-douane-americains-provoquaient-une-hausse-du-prix-des-medicaments-en-europe","status":"publish","type":"post","link":"https:\/\/www.europesays.com\/fr\/57194\/","title":{"rendered":"Et si les droits de douane am\u00e9ricains provoquaient une hausse du prix des m\u00e9dicaments en Europe"},"content":{"rendered":"<p><strong>ANALYSE &#8211;<\/strong> Les prix pay\u00e9s en Europe sont bien plus bas qu\u2019aux \u00c9tats-Unis.<\/p>\n<p class=\"fig-paragraph\">Les patients europ\u00e9ens seront-ils les victimes collat\u00e9rales de la guerre commerciale lanc\u00e9e par\u00a0<a href=\"http:\/\/www.lefigaro.fr\/international\/sondages-inquietants-rebellions-internes-ces-premieres-resistances-auxquelles-donald-trump-doit-faire-face-20250424\" data-fig-type=\"NewsFlash\" data-gtm-custom-categorie=\"navigation\" data-gtm-custom-action=\"crossclick\" data-gtm-custom-label=\"Contextuel\" data-gtm-event=\"customEventSPE\" data-fig-domain=\"LEFIGARO\" target=\"_blank\" rel=\"noopener\">Donald Trump<\/a>\u00a0? Le pr\u00e9sident am\u00e9ricain n\u2019a pas encore impos\u00e9 de droits de douane sur les m\u00e9dicaments, mais cela ne saurait tarder. \u00ab\u00a0Nous allons (en) annoncer tr\u00e8s prochainement d\u2019importants, a-t-il promis mi-avril \u00e0 l\u2019occasion d\u2019un d\u00eener du comit\u00e9 r\u00e9publicain du Congr\u00e8s. Lorsque (les laboratoires) entendront cela, ils quitteront la\u00a0<a href=\"http:\/\/www.lefigaro.fr\/conjoncture\/des-consequences-graves-pour-les-etats-unis-pourquoi-la-chine-a-suspendu-ses-exportations-de-terres-rares-20250414\" data-fig-type=\"NewsFlash\" data-gtm-custom-categorie=\"navigation\" data-gtm-custom-action=\"crossclick\" data-gtm-custom-label=\"Contextuel\" data-gtm-event=\"customEventSPE\" data-fig-domain=\"LEFIGARO\" target=\"_blank\" rel=\"noopener\">Chine<\/a> \u00a0et ils quitteront d\u2019autres endroits parce qu\u2019ils doivent vendre ici\u00a0\u00bb, aux \u00c9tats-Unis.<\/p>\n<p class=\"fig-paragraph\">Sans attendre d\u2019\u00eatre touch\u00e9s, les labos ont commenc\u00e9 \u00e0 s\u2019adapter. Depuis un mois, ils multiplient les investissements afin d\u2019accro\u00eetre leur production outre-Atlantique. Roche pr\u00e9voit de consacrer \u00e0 cette fin 50\u00a0milliards de dollars ces cinq prochaines ann\u00e9es. \u00c0 terme, le laboratoire suisse exportera plus de m\u00e9dicaments des \u00c9tats-Unis qu\u2019il n\u2019en importera. Johnson &amp; Johnson va d\u00e9bourser 55\u00a0milliards de dollars, Eli Lilly 27\u00a0milliards de dollars et Novartis 23\u00a0milliards\u2026<\/p>\n<p class=\"fig-premium-paywall__infos\">\n        Cet article est r\u00e9serv\u00e9 aux abonn\u00e9s.        Il vous reste 74% \u00e0 d\u00e9couvrir.\n    <\/p>\n<p>                <img  data- alt=\"Le Figaro\" class=\"fig-img--complete fig-img\"\/><\/p>\n<p class=\"fig-premium-paywall__title\">Vous avez envie de lire la suite ?<\/p>\n<p class=\"fig-premium-paywall__subtitle\">D\u00e9bloquez tous les articles imm\u00e9diatement.<\/p>\n<p class=\"fig-premium-paywall__connect\">\n                D\u00e9j\u00e0 abonn\u00e9\u00a0?                <a class=\"fig-premium-paywall__connect-link\" href=\"https:\/\/connect.lefigaro.fr\/login?client=horizon_web&amp;type=main&amp;redirect_uri=https%3A%2F%2Fwww.lefigaro.fr%2Fconjoncture%2Fet-si-les-droits-de-douane-americains-provoquaient-une-hausse-du-prix-des-medicaments-en-europe-20250427\" data-js-gtm=\"{&quot;customCategorie&quot;: &quot;conversion&quot;, &quot;customAction&quot;: &quot;before_Landing_Connexion_paywall_auto&quot;, &quot;customLabel&quot;: &quot;bGVmaWdhcm8uZnJfXzFmMDIxZThiLTM2OGQtNjRlMC05MDQyLTM5YWQwM2EwMzg3Y19fQXJ0aWNsZQ==_Et si les droits de douane am\u00e9ricains provoquaient une hausse du prix des m\u00e9dicaments en Europe_472&quot;, &quot;customIDSPE&quot;: &quot;bGVmaWdhcm8uZnJfXzFmMDIxZThiLTM2OGQtNjRlMC05MDQyLTM5YWQwM2EwMzg3Y19fQXJ0aWNsZQ==&quot;, &quot;event&quot;: &quot;customEventSPE&quot;}\" target=\"_blank\" rel=\"noopener\"><br \/>\n                    Connectez-vous<br \/>\n                <\/a>\n            <\/p>\n","protected":false},"excerpt":{"rendered":"ANALYSE &#8211; Les prix pay\u00e9s en Europe sont bien plus bas qu\u2019aux \u00c9tats-Unis. Les patients europ\u00e9ens seront-ils les&hellip;\n","protected":false},"author":2,"featured_media":57195,"comment_status":"","ping_status":"","sticky":false,"template":"","format":"standard","meta":{"footnotes":""},"categories":[1586],"tags":[339,11,340,343,345,350,130,344,352,349,33,341,313,1777,674,1011,27,346,342,353,351,347,12,15299,348,25,354],"class_list":{"0":"post-57194","1":"post","2":"type-post","3":"status-publish","4":"format-standard","5":"has-post-thumbnail","7":"category-europe","8":"tag-actualite-economique","9":"tag-actualites","10":"tag-bourse","11":"tag-cac-40","12":"tag-chef-dentreprise","13":"tag-concurrence","14":"tag-consommation","15":"tag-creation-dentreprise","16":"tag-crise","17":"tag-delocalisations","18":"tag-economie","19":"tag-emploi","20":"tag-entreprises","21":"tag-eu","22":"tag-europe","23":"tag-fr","24":"tag-france","25":"tag-grands-patrons","26":"tag-impots","27":"tag-licenciements","28":"tag-monopole","29":"tag-multinationales","30":"tag-news","31":"tag-pharmacie","32":"tag-privatisation","33":"tag-republique-francaise","34":"tag-unio"},"share_on_mastodon":{"url":"https:\/\/pubeurope.com\/@fr\/114410839325578023","error":""},"_links":{"self":[{"href":"https:\/\/www.europesays.com\/fr\/wp-json\/wp\/v2\/posts\/57194","targetHints":{"allow":["GET"]}}],"collection":[{"href":"https:\/\/www.europesays.com\/fr\/wp-json\/wp\/v2\/posts"}],"about":[{"href":"https:\/\/www.europesays.com\/fr\/wp-json\/wp\/v2\/types\/post"}],"author":[{"embeddable":true,"href":"https:\/\/www.europesays.com\/fr\/wp-json\/wp\/v2\/users\/2"}],"replies":[{"embeddable":true,"href":"https:\/\/www.europesays.com\/fr\/wp-json\/wp\/v2\/comments?post=57194"}],"version-history":[{"count":0,"href":"https:\/\/www.europesays.com\/fr\/wp-json\/wp\/v2\/posts\/57194\/revisions"}],"wp:featuredmedia":[{"embeddable":true,"href":"https:\/\/www.europesays.com\/fr\/wp-json\/wp\/v2\/media\/57195"}],"wp:attachment":[{"href":"https:\/\/www.europesays.com\/fr\/wp-json\/wp\/v2\/media?parent=57194"}],"wp:term":[{"taxonomy":"category","embeddable":true,"href":"https:\/\/www.europesays.com\/fr\/wp-json\/wp\/v2\/categories?post=57194"},{"taxonomy":"post_tag","embeddable":true,"href":"https:\/\/www.europesays.com\/fr\/wp-json\/wp\/v2\/tags?post=57194"}],"curies":[{"name":"wp","href":"https:\/\/api.w.org\/{rel}","templated":true}]}}