{"id":571949,"date":"2025-12-01T23:54:36","date_gmt":"2025-12-01T23:54:36","guid":{"rendered":"https:\/\/www.europesays.com\/fr\/571949\/"},"modified":"2025-12-01T23:54:36","modified_gmt":"2025-12-01T23:54:36","slug":"le-gf38-affrontera-nancy-en-32e-de-finale","status":"publish","type":"post","link":"https:\/\/www.europesays.com\/fr\/571949\/","title":{"rendered":"le GF38 affrontera Nancy en 32e de finale"},"content":{"rendered":"<p itemprop=\"description\"><strong>Duel de Ligue 2 en perspective pour le GF38.<\/strong><\/p>\n<p>Ce lundi soir, le tirage au sort des 32e de finale de la coupe de France s\u2019est d\u00e9roul\u00e9 au Parc des Princes en pr\u00e9sence, notamment, de l&rsquo;ancien attaquant portugais du PSG Pedro Miguel Pauleta, mais aussi l&rsquo;ex-joueur de l\u2019OL, Fr\u00e9d\u00e9ric Piquionne.<\/p>\n<p>Grenoble, qui a arrach\u00e9 sa qualification vendredi \u00e0 Annecy (1-2), affrontera donc une autre \u00e9quipe de Ligue 2 au prochain tour. Les hommes de Franck Rizzetto recevront l&rsquo;AS Nancy Lorraine le week-end du 20 d\u00e9cembre.<\/p>\n<p>Les deux formations s&rsquo;affronteront justement en championnat ce vendredi au Stade des Alpes. Une r\u00e9p\u00e9tition g\u00e9n\u00e9rale avant le match de Coupe de France, qui sera le dernier de l&rsquo;ann\u00e9e 2025.<\/p>\n<blockquote class=\"twitter-tweet\"><p>&#13;<\/p>\n<p dir=\"ltr\" lang=\"fr\">\ud835\udddf\ud835\uddf2 \ud835\ude01\ud835\uddf6\ud835\uddff\ud835\uddee\ud835\uddf4\ud835\uddf2 \ud835\uddf1\ud835\uddf2\ud835\ude00 \ud835\udfef\ud835\udfee\ud835\uddf2 \ud835\uddf1\ud835\uddf2 \ud835\uddf3\ud835\uddf6\ud835\uddfb\ud835\uddee\ud835\uddf9\ud835\uddf2 \ud835\uddf1\ud835\uddf2 \ud835\uddd6\ud835\uddfc\ud835\ude02\ud835\uddfd\ud835\uddf2 \ud835\uddf1\ud835\uddf2 \ud835\uddd9\ud835\uddff\ud835\uddee\ud835\uddfb\ud835\uddf0\ud835\uddf2 \ud835\uddee \ud835\uddf2\ud835\ude02 \ud835\uddf9\ud835\uddf6\ud835\uddf2\ud835\ude02 !<\/p>\n<p>Nos Grenoblois affronterons l\u2019AS Nancy Lorraine \u00e0 domicile, le week-end du 20 d\u00e9cembre !<a href=\"https:\/\/twitter.com\/hashtag\/GF38?src=hash&amp;ref_src=twsrc%5Etfw\" target=\"_blank\" rel=\"noopener\">#GF38<\/a> <a href=\"https:\/\/t.co\/dJdnsC7wJY\">pic.twitter.com\/dJdnsC7wJY<\/a><\/p>\n<p>&#13;<br \/>\n\u2014 Grenoble Foot 38 (@GF38_Officiel) <a href=\"https:\/\/twitter.com\/GF38_Officiel\/status\/1995559022502838307?ref_src=twsrc%5Etfw\" target=\"_blank\" rel=\"noopener\">December 1, 2025<\/a><\/p><\/blockquote>\n<p>\t\t  <script async src=\"https:\/\/platform.twitter.com\/widgets.js\" charset=\"utf-8\"><\/script><\/p>\n","protected":false},"excerpt":{"rendered":"Duel de Ligue 2 en perspective pour le GF38. Ce lundi soir, le tirage au sort des 32e&hellip;\n","protected":false},"author":2,"featured_media":571950,"comment_status":"","ping_status":"","sticky":false,"template":"","format":"standard","meta":{"footnotes":""},"categories":[9635],"tags":[1111,11,2813,1109,251,1112,2811,1777,674,118,1011,27,21780,775,2731,14004,1922,1110,1114,108,1702,12,316,25,2812,517,800],"class_list":{"0":"post-571949","1":"post","2":"type-post","3":"status-publish","4":"format-standard","5":"has-post-thumbnail","7":"category-nancy","8":"tag-actu","9":"tag-actualites","10":"tag-article","11":"tag-breves","12":"tag-culture","13":"tag-depeches","14":"tag-economique","15":"tag-eu","16":"tag-europe","17":"tag-faits-divers","18":"tag-fr","19":"tag-france","20":"tag-gf38","21":"tag-grand-est","22":"tag-grenoble","23":"tag-grenoblemag","24":"tag-info","25":"tag-informations","26":"tag-infos","27":"tag-isere","28":"tag-nancy","29":"tag-news","30":"tag-politique","31":"tag-republique-francaise","32":"tag-sociale","33":"tag-sport","34":"tag-transports"},"share_on_mastodon":{"url":"https:\/\/pubeurope.com\/@fr\/115647012494128916","error":""},"_links":{"self":[{"href":"https:\/\/www.europesays.com\/fr\/wp-json\/wp\/v2\/posts\/571949","targetHints":{"allow":["GET"]}}],"collection":[{"href":"https:\/\/www.europesays.com\/fr\/wp-json\/wp\/v2\/posts"}],"about":[{"href":"https:\/\/www.europesays.com\/fr\/wp-json\/wp\/v2\/types\/post"}],"author":[{"embeddable":true,"href":"https:\/\/www.europesays.com\/fr\/wp-json\/wp\/v2\/users\/2"}],"replies":[{"embeddable":true,"href":"https:\/\/www.europesays.com\/fr\/wp-json\/wp\/v2\/comments?post=571949"}],"version-history":[{"count":0,"href":"https:\/\/www.europesays.com\/fr\/wp-json\/wp\/v2\/posts\/571949\/revisions"}],"wp:featuredmedia":[{"embeddable":true,"href":"https:\/\/www.europesays.com\/fr\/wp-json\/wp\/v2\/media\/571950"}],"wp:attachment":[{"href":"https:\/\/www.europesays.com\/fr\/wp-json\/wp\/v2\/media?parent=571949"}],"wp:term":[{"taxonomy":"category","embeddable":true,"href":"https:\/\/www.europesays.com\/fr\/wp-json\/wp\/v2\/categories?post=571949"},{"taxonomy":"post_tag","embeddable":true,"href":"https:\/\/www.europesays.com\/fr\/wp-json\/wp\/v2\/tags?post=571949"}],"curies":[{"name":"wp","href":"https:\/\/api.w.org\/{rel}","templated":true}]}}