{"id":571951,"date":"2025-12-01T23:56:11","date_gmt":"2025-12-01T23:56:11","guid":{"rendered":"https:\/\/www.europesays.com\/fr\/571951\/"},"modified":"2025-12-01T23:56:11","modified_gmt":"2025-12-01T23:56:11","slug":"le-rct-en-feu-toulon-peut-egaler-un-record-historique-des-la-reception-de-perpignan","status":"publish","type":"post","link":"https:\/\/www.europesays.com\/fr\/571951\/","title":{"rendered":"Le RCT en feu : Toulon peut \u00e9galer un record historique d\u00e8s la r\u00e9ception de Perpignan !"},"content":{"rendered":"<p data-start=\"331\" data-end=\"594\">Le RCT avance \u00e0 un rythme impressionnant.<\/p>\n<p data-start=\"331\" data-end=\"594\">Apr\u00e8s avoir encha\u00een\u00e9 les victoires face \u00e0 Pau, au Racing 92, \u00e0 Lyon, \u00e0 La Rochelle et \u00e0 Montauban, Toulon reste sur <strong data-start=\"489\" data-end=\"530\">cinq succ\u00e8s bonifi\u00e9s de suite \u00e0 Mayol<\/strong>.<\/p>\n<p data-start=\"331\" data-end=\"594\">Une s\u00e9rie qui pourrait bient\u00f4t entrer dans l\u2019histoire du club comme l\u2019annonce Var-matin.<\/p>\n<p><strong data-start=\"599\" data-end=\"645\">Un record vieux de sept ans dans le viseur<\/strong><\/p>\n<p data-start=\"646\" data-end=\"843\">Le dimanche 28 d\u00e9cembre, lors de la r\u00e9ception de Perpignan, le RCT aura l\u2019occasion d\u2019\u00e9galer l\u2019un de ses plus beaux accomplissements r\u00e9cents : <strong data-start=\"788\" data-end=\"842\">six victoires \u00e0 cinq points cons\u00e9cutives en Top 14<\/strong>.<\/p>\n<p data-start=\"845\" data-end=\"1056\">Ce record avait \u00e9t\u00e9 \u00e9tabli lors de la saison 2017-2018\u2026 puis d\u00e9j\u00e0 \u00e9gal\u00e9 l\u2019ann\u00e9e derni\u00e8re.<\/p>\n<p data-start=\"845\" data-end=\"1056\">Si Toulon s\u2019impose encore une fois avec le bonus, il r\u00e9\u00e9ditera une performance rarissime dans le rugby fran\u00e7ais actuel.<\/p>\n<p><strong data-start=\"1061\" data-end=\"1096\">Une dynamique id\u00e9ale avant 2026<\/strong><\/p>\n<p data-start=\"1097\" data-end=\"1287\">Cette s\u00e9rie confirme surtout un \u00e9l\u00e9ment cl\u00e9 : Toulon est redevenu irr\u00e9sistible \u00e0 Mayol. La confiance est au maximum \u00e0 domicile, le syst\u00e8me fonctionne, et le groupe semble avoir trouv\u00e9 la bonne formule.<\/p>\n<p data-start=\"1289\" data-end=\"1395\">Perpignan devra r\u00e9aliser un immense match pour emp\u00eacher le RCT de confirmer sa bonne forme du moment \u00e0 Mayol.<\/p>\n","protected":false},"excerpt":{"rendered":"Le RCT avance \u00e0 un rythme impressionnant. Apr\u00e8s avoir encha\u00een\u00e9 les victoires face \u00e0 Pau, au Racing 92,&hellip;\n","protected":false},"author":2,"featured_media":571952,"comment_status":"","ping_status":"","sticky":false,"template":"","format":"standard","meta":{"footnotes":""},"categories":[9619],"tags":[1111,11,1777,674,1011,27,12,882,25,2310],"class_list":{"0":"post-571951","1":"post","2":"type-post","3":"status-publish","4":"format-standard","5":"has-post-thumbnail","7":"category-toulon","8":"tag-actu","9":"tag-actualites","10":"tag-eu","11":"tag-europe","12":"tag-fr","13":"tag-france","14":"tag-news","15":"tag-provence-alpes-cote-dazur","16":"tag-republique-francaise","17":"tag-toulon"},"share_on_mastodon":{"url":"https:\/\/pubeurope.com\/@fr\/115647020856876703","error":""},"_links":{"self":[{"href":"https:\/\/www.europesays.com\/fr\/wp-json\/wp\/v2\/posts\/571951","targetHints":{"allow":["GET"]}}],"collection":[{"href":"https:\/\/www.europesays.com\/fr\/wp-json\/wp\/v2\/posts"}],"about":[{"href":"https:\/\/www.europesays.com\/fr\/wp-json\/wp\/v2\/types\/post"}],"author":[{"embeddable":true,"href":"https:\/\/www.europesays.com\/fr\/wp-json\/wp\/v2\/users\/2"}],"replies":[{"embeddable":true,"href":"https:\/\/www.europesays.com\/fr\/wp-json\/wp\/v2\/comments?post=571951"}],"version-history":[{"count":0,"href":"https:\/\/www.europesays.com\/fr\/wp-json\/wp\/v2\/posts\/571951\/revisions"}],"wp:featuredmedia":[{"embeddable":true,"href":"https:\/\/www.europesays.com\/fr\/wp-json\/wp\/v2\/media\/571952"}],"wp:attachment":[{"href":"https:\/\/www.europesays.com\/fr\/wp-json\/wp\/v2\/media?parent=571951"}],"wp:term":[{"taxonomy":"category","embeddable":true,"href":"https:\/\/www.europesays.com\/fr\/wp-json\/wp\/v2\/categories?post=571951"},{"taxonomy":"post_tag","embeddable":true,"href":"https:\/\/www.europesays.com\/fr\/wp-json\/wp\/v2\/tags?post=571951"}],"curies":[{"name":"wp","href":"https:\/\/api.w.org\/{rel}","templated":true}]}}