{"id":571957,"date":"2025-12-01T23:59:17","date_gmt":"2025-12-01T23:59:17","guid":{"rendered":"https:\/\/www.europesays.com\/fr\/571957\/"},"modified":"2025-12-01T23:59:17","modified_gmt":"2025-12-01T23:59:17","slug":"la-classe-de-cm2-detruite-par-un-incendie-pres-de-rouen-devrait-rouvrir-en-septembre-2026","status":"publish","type":"post","link":"https:\/\/www.europesays.com\/fr\/571957\/","title":{"rendered":"La classe de CM2 d\u00e9truite par un incendie pr\u00e8s de Rouen, devrait rouvrir en septembre 2026"},"content":{"rendered":"<p>                    Par<br \/>\n        <strong><br \/>\n            <a href=\"https:\/\/actu.fr\/auteur\/isabellevilly\" title=\"Consulter tous les articles de Isabelle Villy\" target=\"_blank\" rel=\"noopener\">Isabelle Villy<\/a><br \/>\n                    <\/strong><\/p>\n<p>        Publi\u00e9 le<\/p>\n<p>            1 d\u00e9c. 2025 \u00e0 11h20        <\/p>\n<p>Lundi 27 octobre dernier, alors qu\u2019un chantier touchait \u00e0 sa fin<strong> \u00e0 l\u2019\u00e9cole de Saint-Aubin-\u00c9pinay<\/strong>, <a href=\"https:\/\/actu.fr\/normandie\/saint-aubin-epinay_76560\/pres-de-rouen-une-ecole-ravagee-par-un-incendie-le-toit-s-effondre_63356138.html\" target=\"_blank\" rel=\"noopener\">un incendie accidentel d\u00e9truisait totalement une classe<\/a> de l\u2019\u00e9tablissement. Un \u00e9v\u00e9nement qui a suscit\u00e9 une vive \u00e9motion dans le village, tant chez les \u00e9lus que les enseignants, les parents d\u2019\u00e9l\u00e8ves et les habitants. <br \/>Les d\u00e9g\u00e2ts \u00e9taient tellement importants que la rentr\u00e9e des \u00e9l\u00e8ves pr\u00e9vue le lundi a \u00e9t\u00e9 report\u00e9e au jeudi suivant, le temps pour la commune d\u2019installer des structures modulaires afin d\u2019accueillir la classe de CM 2. Nous avons rencontr\u00e9 le maire Benoit Anquetin et deux de ses adjoints, Catherine Finetti (affaires sanitaires et scolaires) et Patrice Delorrier (travaux), pour faire le point sur la situation.<\/p>\n<p>\u00ab\u00a0L\u2019humain et la solidarit\u00e9 m\u2019ont beaucoup touch\u00e9\u00a0\u00bb<\/p>\n<p class=\" wall-content\">\u00ab La vie de l\u2019\u00e9cole a repris. Les enfants sont contents \u00bb, constate Benoit Anquetin, qui tient \u00e0 souligner la belle r\u00e9activit\u00e9 des \u00e9lus qui \u00e9taient pr\u00e9sents au moment du sinistre. \u00ab On a re\u00e7u beaucoup de soutien. Les enseignants et les parents d\u2019\u00e9l\u00e8ves \u00e9taient l\u00e0 aussi et je tiens, une fois encore, \u00e0 remercier la Ville de Darn\u00e9tal qui nous a pr\u00eat\u00e9 des tables et des chaises pour accueillir les \u00e9l\u00e8ves dans les structures modulaires \u00bb, insiste le maire : \u00ab L\u2019humain et la solidarit\u00e9 m\u2019ont beaucoup touch\u00e9 \u00bb.<\/p>\n<p class=\" wall-content\">Un soutien qui s\u2019\u00e9tend aussi sur un plan culturel : Fran\u00e7ois Lecarpentier (guitare) et Violaine Longueville (violoncelle) proposeront en effet un concert, vendredi 19 d\u00e9cembre, en soutien \u00e0 l\u2019\u00e9cole, au centre culturel Saint-Romain.\u00a0<\/p>\n<p>Place \u00e0 la reconstruction<\/p>\n<p class=\" wall-content\">Au-del\u00e0 du mat\u00e9riel, un soutien moral s\u2019est aussi mis en place apr\u00e8s l\u2019incendie. \u00ab Des psychologues sont venus, les enfants ont \u00e9t\u00e9 re\u00e7us par petits groupes. L\u2019inspection acad\u00e9mique a \u00e9galement donn\u00e9 du temps aux deux directrices. Les parents ont appr\u00e9ci\u00e9 la r\u00e9activit\u00e9 dont tout le monde a fait preuve \u00bb, souligne Benoit Anquetin.<\/p>\n<p class=\" wall-content\">Maintenant, il faut donc reconstruire la salle aujourd\u2019hui ferm\u00e9e et condamn\u00e9e. Les experts sont pass\u00e9s et des devis doivent \u00eatre valid\u00e9s par l\u2019assurance. \u00ab L\u2019objectif, c\u2019est de rouvrir la classe en septembre\u00a02026 \u00bb, annonce Benoit Anquetin, qui pr\u00e9cise que les travaux auront s\u00fbrement lieu pendant des p\u00e9riodes de vacances. Il faut en effet que la cour soit vide pour laisser passer les camions. \u00ab On va garder seulement les murs. La charpente est br\u00fbl\u00e9e \u00e0 90 % et il faut la d\u00e9monter \u00bb, \u00e9num\u00e8re l\u2019\u00e9lu, qui ajoute que tout sera reconstruit \u00e0 l\u2019identique.<\/p>\n<p>\u00c9tude de structure et expertise pour l\u2019amiante<\/p>\n<p class=\" wall-content\">C\u00f4t\u00e9 financier, tout ce qui va \u00eatre reconstruit sera pris en charge par l\u2019assurance, mais des travaux compl\u00e9mentaires, feront l\u2019objet d\u2019une demande de subventions. \u00ab On va \u00e9couter les enseignants pour savoir ce dont ils ont besoin. Il faut leur demander ce qu\u2019ils veulent \u00bb, insiste Benoit Anquetin. Pour l\u2019heure, avant d\u2019entamer les travaux, une \u00e9tude de structure doit avoir lieu, ainsi qu\u2019une expertise pour l\u2019amiante : \u00ab c\u2019est obligatoire, m\u00eame si cela a d\u00e9j\u00e0 \u00e9t\u00e9 fait \u00bb, pr\u00e9cise le maire.<\/p>\n<p>Vendredi 19 d\u00e9cembre, d\u00e8s 18h, concert en soutien de l\u2019\u00e9cole de Saint-Aubin-Epinay, par Violaine Longueville (violonvelle) et Fran\u00e7ois Lecarpentier (guitare). Entr\u00e9e gratuite. Chapeau au profit de la coop\u00e9rative scolaire.\u00a0<\/p>\n<p class=\" wall-content\">Personnalisez votre actualit\u00e9 en ajoutant vos villes et m\u00e9dias en favori avec <a href=\"https:\/\/moncompte.actu.fr\" title=\"D\u00e9couvez Mon Actu\" rel=\"nofollow noopener\" data-trk=\"{&quot;cta&quot;:{&quot;action&quot;:&quot;https:\\\/\\\/moncompte.actu.fr&quot;,&quot;category&quot;:&quot;mon compte&quot;,&quot;from&quot;:&quot;article footer&quot;,&quot;name&quot;:&quot;Mon actu&quot;,&quot;type&quot;:&quot;cta&quot;}}\" target=\"_blank\">Mon Actu<\/a>.<\/p>\n","protected":false},"excerpt":{"rendered":"Par Isabelle Villy Publi\u00e9 le 1 d\u00e9c. 2025 \u00e0 11h20 Lundi 27 octobre dernier, alors qu\u2019un chantier touchait&hellip;\n","protected":false},"author":2,"featured_media":571958,"comment_status":"","ping_status":"","sticky":false,"template":"","format":"standard","meta":{"footnotes":""},"categories":[9587],"tags":[1111,11,4019,1777,674,1011,27,1310,12,5161,25,9590,104,2086],"class_list":{"0":"post-571957","1":"post","2":"type-post","3":"status-publish","4":"format-standard","5":"has-post-thumbnail","7":"category-rouen","8":"tag-actu","9":"tag-actualites","10":"tag-ecoles","11":"tag-eu","12":"tag-europe","13":"tag-fr","14":"tag-france","15":"tag-incendie","16":"tag-news","17":"tag-normandie","18":"tag-republique-francaise","19":"tag-rouen","20":"tag-societe","21":"tag-travaux"},"share_on_mastodon":{"url":"https:\/\/pubeurope.com\/@fr\/115647031751078322","error":""},"_links":{"self":[{"href":"https:\/\/www.europesays.com\/fr\/wp-json\/wp\/v2\/posts\/571957","targetHints":{"allow":["GET"]}}],"collection":[{"href":"https:\/\/www.europesays.com\/fr\/wp-json\/wp\/v2\/posts"}],"about":[{"href":"https:\/\/www.europesays.com\/fr\/wp-json\/wp\/v2\/types\/post"}],"author":[{"embeddable":true,"href":"https:\/\/www.europesays.com\/fr\/wp-json\/wp\/v2\/users\/2"}],"replies":[{"embeddable":true,"href":"https:\/\/www.europesays.com\/fr\/wp-json\/wp\/v2\/comments?post=571957"}],"version-history":[{"count":0,"href":"https:\/\/www.europesays.com\/fr\/wp-json\/wp\/v2\/posts\/571957\/revisions"}],"wp:featuredmedia":[{"embeddable":true,"href":"https:\/\/www.europesays.com\/fr\/wp-json\/wp\/v2\/media\/571958"}],"wp:attachment":[{"href":"https:\/\/www.europesays.com\/fr\/wp-json\/wp\/v2\/media?parent=571957"}],"wp:term":[{"taxonomy":"category","embeddable":true,"href":"https:\/\/www.europesays.com\/fr\/wp-json\/wp\/v2\/categories?post=571957"},{"taxonomy":"post_tag","embeddable":true,"href":"https:\/\/www.europesays.com\/fr\/wp-json\/wp\/v2\/tags?post=571957"}],"curies":[{"name":"wp","href":"https:\/\/api.w.org\/{rel}","templated":true}]}}