{"id":571961,"date":"2025-12-02T00:04:16","date_gmt":"2025-12-02T00:04:16","guid":{"rendered":"https:\/\/www.europesays.com\/fr\/571961\/"},"modified":"2025-12-02T00:04:16","modified_gmt":"2025-12-02T00:04:16","slug":"a-quoi-faut-il-sattendre-en-isere-savoie-et-haute-savoie","status":"publish","type":"post","link":"https:\/\/www.europesays.com\/fr\/571961\/","title":{"rendered":"\u00e0 quoi faut-il s&rsquo;attendre en Is\u00e8re, Savoie et Haute-Savoie ?"},"content":{"rendered":"<p class=\"article__intro\">Trois organisations syndicales ont lanc\u00e9 un appel national interprofessionnel \u00e0 la gr\u00e8ve ce mardi 2 d\u00e9cembre. Ils contestent le projet de loi de finances 2026 dont ils d\u00e9noncent \u00ab\u00a0l&rsquo;aust\u00e9rit\u00e9\u00a0\u00bb. Quelle est la mobilisation pr\u00e9vue dans les Alpes ?<\/p>\n<p>\n      L\u2019actu des r\u00e9gions\n    <\/p>\n<p>\n      Chaque jour, un tour d\u2019horizon des principales infos de toutes les r\u00e9gions.\n    <\/p>\n<p>    France T\u00e9l\u00e9visions utilise votre adresse e-mail afin de vous envoyer la newsletter \u00ab\u00a0L\u2019actu des r\u00e9gions\u00a0\u00bb. Vous pouvez vous d\u00e9sinscrire \u00e0 tout moment via le lien en bas de cette newsletter. <a target=\"_blank\" href=\"https:\/\/www.francetelevisions.fr\/groupe\/confidentialite\/politique-de-confidentialite\/politique-de-confidentialite-de-france-televisions-6503\" rel=\"noopener\">Notre politique de confidentialit\u00e9<\/a><\/p>\n<p>L&rsquo;intersyndicale (CGT, FSU, Solidaires) exige plus de \u00ab\u00a0justice sociale et fiscale\u00a0\u00bb et appelle \u00e0 une nouvelle journ\u00e9e de mobilisation. Alors que le projet de loi des finances 2026 est en examen au Parlement, un nouveau mouvement de gr\u00e8ve interprofessionnel se profile ce mardi 2 d\u00e9cembre. Voici les mobilisations annonc\u00e9es en Is\u00e8re, Savoie et Haute-Savoie.<\/p>\n<p>En Savoie, plusieurs pr\u00e9avis de gr\u00e8ve ont \u00e9t\u00e9 d\u00e9pos\u00e9s dans l&rsquo;industrie, les services publics et les transports. Difficile cependant d&rsquo;anticiper le degr\u00e9 de mobilisation. L&rsquo;union d\u00e9partementale de la CGT 73 d\u00e9nonce une politique qui \u00ab\u00a0sacrifie l&#8217;emploi, l&rsquo;industrie et les territoires\u00a0\u00bb. L&rsquo;organisation syndicale d\u00e9plore la situation des entreprises <a href=\"https:\/\/france3-regions.franceinfo.fr\/auvergne-rhone-alpes\/savoie\/ferroglobe-je-veux-croire-que-tout-n-est-pas-perdu-toujours-pas-de-reponse-de-bruxelles-sur-la-sauvegarde-du-silicium-europeen-3252556.html\" target=\"_blank\" rel=\"noopener noreferrer nofollow\" data-tooltip-url=\"https:\/\/france3-regions.franceinfo.fr\/auvergne-rhone-alpes\/savoie\/ferroglobe-je-veux-croire-que-tout-n-est-pas-perdu-toujours-pas-de-reponse-de-bruxelles-sur-la-sauvegarde-du-silicium-europeen-3252556.html\">Ferroglobe \u00e0 Montricher-Albane<\/a> et <a href=\"https:\/\/france3-regions.franceinfo.fr\/auvergne-rhone-alpes\/savoie\/video-la-chronique-d-une-mort-annoncee-une-centaine-d-emplois-menaces-par-la-fermeture-d-une-cartonnerie-en-savoie-3248494.html\" target=\"_blank\" rel=\"noopener noreferrer nofollow\" data-tooltip-url=\"https:\/\/france3-regions.franceinfo.fr\/auvergne-rhone-alpes\/savoie\/video-la-chronique-d-une-mort-annoncee-une-centaine-d-emplois-menaces-par-la-fermeture-d-une-cartonnerie-en-savoie-3248494.html\">DS Smith \u00e0 La Rochette<\/a>, o\u00f9 plusieurs centaines d&#8217;emplois sont menac\u00e9s. Le secr\u00e9taire g\u00e9n\u00e9ral de la CGT Savoie, Kevin Dos Santos, y voit \u00ab\u00a0l\u2019impact concret\u00a0\u00bb d&rsquo;une \u00ab\u00a0politique aust\u00e9ritaire\u00a0\u00bb.<\/p>\n<p>Deux rassemblements sont pr\u00e9vus en Savoie en fin de journ\u00e9e :<\/p>\n<ul>\n<li>Devant la pr\u00e9fecture de Chamb\u00e9ry \u00e0 17h30 ;<\/li>\n<li>Devant la sous-pr\u00e9fecture de Saint-Jean-de-Maurienne \u00e0 18 heures.<\/li>\n<\/ul>\n<p>L&rsquo;\u00e9lan est le m\u00eame du c\u00f4t\u00e9 de l&rsquo;Is\u00e8re, notamment dans le bassin industriel du Gr\u00e9sivaudan. Une mobilisation se tiendra d\u00e8s 10h30 au d\u00e9part de l&rsquo;usine Teisseire, <a href=\"https:\/\/france3-regions.franceinfo.fr\/auvergne-rhone-alpes\/isere\/grenoble\/c-est-facile-de-venir-faire-des-declarations-tonitruantes-la-lutte-contre-la-fermeture-de-teisseire-devient-politique-3249574.html\" target=\"_blank\" rel=\"noopener noreferrer nofollow\" data-tooltip-url=\"https:\/\/france3-regions.franceinfo.fr\/auvergne-rhone-alpes\/isere\/grenoble\/c-est-facile-de-venir-faire-des-declarations-tonitruantes-la-lutte-contre-la-fermeture-de-teisseire-devient-politique-3249574.html\">dont la fermeture a \u00e9t\u00e9 annonc\u00e9e au mois d&rsquo;octobre<\/a>. Elle se poursuivra par un d\u00e9fil\u00e9 devant les entreprises STMicroelectronics, Atraltech et Soitec, \u00e9galement en difficult\u00e9, avec pour objectif de d\u00e9noncer la \u00ab\u00a0casse industrielle\u00a0\u00bb.<\/p>\n<p>D&rsquo;autres rassemblements et prises de parole sont programm\u00e9s en Is\u00e8re au cours de la journ\u00e9e :<\/p>\n<ul>\n<li>Place Saint Michel (Bourgoin-Jallieu) \u00e0 10 heures ;<\/li>\n<li>Place de Verdun (Grenoble) \u00e0 14 heures ;<\/li>\n<li>Place Jacques-Antoine Gau (Voiron) \u00e0 17 heures.<\/li>\n<\/ul>\n<p>Les revendications pour la protection des salari\u00e9s concernent de nombreux secteurs. C&rsquo;est le cas de l&rsquo;\u00c9ducation o\u00f9, selon la CGT, la diminution des dotations d\u00e9partementales prive les coll\u00e8ges publics de 200\u00a0000 euros de moyens p\u00e9dagogiques, accentuant ainsi \u00ab\u00a0les tensions au sein des \u00e9quipes\u00a0\u00bb et renfor\u00e7ant \u00ab\u00a0les in\u00e9galit\u00e9s entre \u00e9tablissements publics et priv\u00e9s\u00a0\u00bb.<\/p>\n<p>\u00c0 Grenoble, des \u00e9tablissements du premier degr\u00e9 (\u00e9coles maternelles et \u00e9l\u00e9mentaires) seront tr\u00e8s impact\u00e9s, comme l&rsquo;\u00c9cole primaire Joseph Vallier. Des perturbations des activit\u00e9s p\u00e9riscolaires sont \u00e9galement \u00e0 pr\u00e9voir. Certaines cantines seront ferm\u00e9es ou en fonctionnement d\u00e9grad\u00e9 avec la fourniture de repas froid, comme au Lyc\u00e9e g\u00e9n\u00e9ral et technologique des Eaux Claires. Difficile d&rsquo;anticiper les gr\u00e8ves en ce qui concerne les \u00e9tablissements du second degr\u00e9 (coll\u00e8ges et lyc\u00e9es).<\/p>\n<p>Le SNES-FSU Is\u00e8re soul\u00e8ve une double probl\u00e9matique : l&rsquo;attractivit\u00e9 du m\u00e9tier dont la r\u00e9mun\u00e9ration est jug\u00e9e insuffisante, ainsi que le manque criant de personnel. La gr\u00e8ve du mardi 2 d\u00e9cembre ne devrait cependant pas \u00eatre massive : \u00ab\u00a0Compte tenu du climat actuel, marqu\u00e9 par de nombreux piquets de gr\u00e8ve depuis la rentr\u00e9e et par l\u2019approche des f\u00eates de fin d\u2019ann\u00e9e, nous ne pr\u00e9voyons pas de mouvement social d\u2019ampleur\u00a0\u00bb, estime Fran\u00e7ois Lecointe, secr\u00e9taire g\u00e9n\u00e9ral du SNES-FSU Is\u00e8re.<\/p>\n<p>La section is\u00e9roise de l&rsquo;organisation syndicale Solidaires se joint \u00e9galement au mouvement de gr\u00e8ve et d\u00e9nonce un \u00ab\u00a0manque de moyens qui contribue \u00e0 la d\u00e9gradation de la qualit\u00e9\u00a0\u00bb des services publics.<\/p>\n<p>Le r\u00e9seau de la Direction d\u00e9partementale des finances publiques (DDFiP) de l\u2019Is\u00e8re fait part de la perte, ces dix derni\u00e8res ann\u00e9es, de leurs implantations dans 32 des 47 communes o\u00f9 \u00e9taient repr\u00e9sent\u00e9s les services de la DDFiP. Un rassemblement se tiendra \u00e0 partir de 11 heures devant le Centre des finances publiques de Grenoble Rhin et Danube. Des mobilisations sont aussi pr\u00e9vues dans le secteur de la sant\u00e9 o\u00f9 le manque de moyens rend les conditions de travail et d\u2019accueil toujours plus difficiles dans les h\u00f4pitaux et les Ehpad.<\/p>\n<p>Dans les transports en commun, aucune gr\u00e8ve n&rsquo;est pr\u00e9vue dans l&rsquo;agglom\u00e9ration grenobloise sur le r\u00e9seau M Tag. De son c\u00f4t\u00e9, la SNCF pr\u00e9voit une \u00ab\u00a0circulation des trains tr\u00e8s l\u00e9g\u00e8rement perturb\u00e9e\u00a0\u00bb sur le r\u00e9seau TER Aura, notamment en Auvergne, mais le trafic est annonc\u00e9 comme \u00ab\u00a0normal\u00a0\u00bb en Is\u00e8re, Savoie et Haute-Savoie.<\/p>\n<p>L&rsquo;organisation syndicale FO ne s&rsquo;est pas ralli\u00e9e au mouvement de gr\u00e8ve, un choix strat\u00e9gique tant que le budget est toujours en cours d&rsquo;examen, selon son secr\u00e9taire f\u00e9d\u00e9ral.<\/p>\n","protected":false},"excerpt":{"rendered":"Trois organisations syndicales ont lanc\u00e9 un appel national interprofessionnel \u00e0 la gr\u00e8ve ce mardi 2 d\u00e9cembre. Ils contestent&hellip;\n","protected":false},"author":2,"featured_media":571962,"comment_status":"","ping_status":"","sticky":false,"template":"","format":"standard","meta":{"footnotes":""},"categories":[9566],"tags":[1111,11,2430,1777,674,1011,27,2731,12,25],"class_list":{"0":"post-571961","1":"post","2":"type-post","3":"status-publish","4":"format-standard","5":"has-post-thumbnail","7":"category-grenoble","8":"tag-actu","9":"tag-actualites","10":"tag-auvergne-rhone-alpes","11":"tag-eu","12":"tag-europe","13":"tag-fr","14":"tag-france","15":"tag-grenoble","16":"tag-news","17":"tag-republique-francaise"},"share_on_mastodon":{"url":"https:\/\/pubeurope.com\/@fr\/115647051557809241","error":""},"_links":{"self":[{"href":"https:\/\/www.europesays.com\/fr\/wp-json\/wp\/v2\/posts\/571961","targetHints":{"allow":["GET"]}}],"collection":[{"href":"https:\/\/www.europesays.com\/fr\/wp-json\/wp\/v2\/posts"}],"about":[{"href":"https:\/\/www.europesays.com\/fr\/wp-json\/wp\/v2\/types\/post"}],"author":[{"embeddable":true,"href":"https:\/\/www.europesays.com\/fr\/wp-json\/wp\/v2\/users\/2"}],"replies":[{"embeddable":true,"href":"https:\/\/www.europesays.com\/fr\/wp-json\/wp\/v2\/comments?post=571961"}],"version-history":[{"count":0,"href":"https:\/\/www.europesays.com\/fr\/wp-json\/wp\/v2\/posts\/571961\/revisions"}],"wp:featuredmedia":[{"embeddable":true,"href":"https:\/\/www.europesays.com\/fr\/wp-json\/wp\/v2\/media\/571962"}],"wp:attachment":[{"href":"https:\/\/www.europesays.com\/fr\/wp-json\/wp\/v2\/media?parent=571961"}],"wp:term":[{"taxonomy":"category","embeddable":true,"href":"https:\/\/www.europesays.com\/fr\/wp-json\/wp\/v2\/categories?post=571961"},{"taxonomy":"post_tag","embeddable":true,"href":"https:\/\/www.europesays.com\/fr\/wp-json\/wp\/v2\/tags?post=571961"}],"curies":[{"name":"wp","href":"https:\/\/api.w.org\/{rel}","templated":true}]}}