{"id":571966,"date":"2025-12-02T00:08:44","date_gmt":"2025-12-02T00:08:44","guid":{"rendered":"https:\/\/www.europesays.com\/fr\/571966\/"},"modified":"2025-12-02T00:08:44","modified_gmt":"2025-12-02T00:08:44","slug":"a-strasbourg-une-boutique-ephemere-reunit-50-artisanes-pour-noel","status":"publish","type":"post","link":"https:\/\/www.europesays.com\/fr\/571966\/","title":{"rendered":"\u00e0 Strasbourg, une boutique \u00e9ph\u00e9m\u00e8re r\u00e9unit 50 artisan(e)s pour No\u00ebl"},"content":{"rendered":"<p>    <img loading=\"lazy\" width=\"1800\" height=\"900\" src=\"https:\/\/www.europesays.com\/fr\/wp-content\/uploads\/2025\/11\/jeanne-callthepolice.jpg\" class=\"attachment-full size-full\" alt=\"\" id=\"imageLove\" decoding=\"async\"  \/><\/p>\n<p id=\"breadcrumbs\"><a href=\"https:\/\/pokaa.fr\/\" target=\"_blank\" rel=\"noopener\">Accueil<\/a> \/ <a href=\"https:\/\/pokaa.fr\/categories\/noel\/\" target=\"_blank\" rel=\"noopener\">No\u00ebl<\/a> \/ La magie d\u2019\u00ab OZ \u00bb : \u00e0 Strasbourg, une boutique \u00e9ph\u00e9m\u00e8re r\u00e9unit 50 artisan(e)s pour No\u00ebl<\/p>\n<p>                    No\u00ebl<\/p>\n<p><strong>Envie de faire des cadeaux de No\u00ebl uniques tout en soutenant la cr\u00e9ation locale ? On a le bon plan : comme chaque ann\u00e9e, le march\u00e9 OZ, port\u00e9 par la <a href=\"https:\/\/www.fremaa.com\/\" target=\"_blank\" rel=\"noopener\">Fr\u00e9maa<\/a> (M\u00e9tiers d\u2019art d\u2019Alsace), investit le rez-de-chauss\u00e9e de l\u2019Aubette \u00e0 Strasbourg. C\u00e9ramique, bijoux, cr\u00e9ations textiles, luminaires\u2026 Le choix est vaste, et surtout, ponctu\u00e9 de nouveaut\u00e9s jusqu\u2019au 3 janvier. On vous dit tout. <\/strong><\/p>\n<p><strong>OZ, c\u2019est l\u2019un des rendez-vous strasbourgeois incontournables pour faire ses cadeaux de No\u00ebl. De quoi d\u00e9couvrir le travail d\u2019artisan(e)s locaux\/les, pour faire des cadeaux ou se faire plaisir \u00e0 tous les prix.<\/strong> Cette ann\u00e9e, petit changement : une boutique \u00e9ph\u00e9m\u00e8re r\u00e9unissant une cinquantaine de cr\u00e9ateurs\/rices prend son ind\u00e9pendance, pour un espace d\u2019exposition plus grand, et donc toujours plus de choix.<\/p>\n<p>    <img width=\"800\" height=\"522\" src=\"https:\/\/www.europesays.com\/fr\/wp-content\/uploads\/2025\/12\/fremaa-oz-boutiques-des-createurs-yves-trotzier-4-800x522.png\" class=\"attachment-image-size-L size-image-size-L\" alt=\"fr\u00e9maa oz boutiques des cr\u00e9ateurs yves trotzier (4)\" decoding=\"async\" loading=\"lazy\"  \/>         \u00a9 Yves Trotzier \/ Document remis <\/p>\n<p><strong>D\u00e9coration, arts de la table, bijoux, textiles, c\u00e9ramiques\u2026 Il y aura ce qu\u2019il faut pour trouver des cadeaux uniques, reflets d\u2019un savoir-faire authentique.<\/strong> Par ailleurs, <strong>un espace galerie est propos\u00e9 au sous-sol, pour mettre en avant les pi\u00e8ces haut de gamme.<\/strong> De quoi d\u00e9couvrir des travaux \u00e0 couper le souffle, se r\u00e9galer les mirettes, et m\u00eame craquer pour une \u0153uvre d\u2019exception.<\/p>\n<p>Ouverte depuis le 17 octobre au rez-de-chauss\u00e9e de l\u2019Aubette, la boutique pr\u00e9figure la traditionnelle expo-vente du mois de d\u00e9cembre qui arrive. On vous explique tout.<\/p>\n<p>                <img width=\"758\" height=\"500\" src=\"https:\/\/www.europesays.com\/fr\/wp-content\/uploads\/2025\/12\/fremaa-oz-boutiques-des-createurs-yves-trotzier-7-758x500.png\" class=\"attachment-gallery size-gallery\" alt=\"fr\u00e9maa oz boutiques des cr\u00e9ateurs yves trotzier (7)\" data-full-url=\"https:\/\/pokaa.fr\/wp-content\/uploads\/2025\/11\/24\/fremaa-oz-boutiques-des-createurs-yves-trotzier-7.png\" decoding=\"async\" loading=\"lazy\"  \/>            <\/p>\n<p>                <img width=\"763\" height=\"500\" src=\"https:\/\/www.europesays.com\/fr\/wp-content\/uploads\/2025\/12\/fremaa-oz-boutiques-des-createurs-yves-trotzier-3-763x500.png\" class=\"attachment-gallery size-gallery\" alt=\"fr\u00e9maa oz boutiques des cr\u00e9ateurs yves trotzier (3)\" data-full-url=\"https:\/\/pokaa.fr\/wp-content\/uploads\/2025\/11\/24\/fremaa-oz-boutiques-des-createurs-yves-trotzier-3.png\" decoding=\"async\" loading=\"lazy\"  \/>            <\/p>\n<p>                <img width=\"754\" height=\"500\" src=\"https:\/\/www.europesays.com\/fr\/wp-content\/uploads\/2025\/12\/fremaa-oz-boutiques-des-createurs-yves-trotzier-2-754x500.png\" class=\"attachment-gallery size-gallery\" alt=\"fr\u00e9maa oz boutiques des cr\u00e9ateurs yves trotzier (2)\" data-full-url=\"https:\/\/pokaa.fr\/wp-content\/uploads\/2025\/11\/24\/fremaa-oz-boutiques-des-createurs-yves-trotzier-2.png\" decoding=\"async\" loading=\"lazy\"  \/>            <\/p>\n<p>                <img width=\"499\" height=\"500\" src=\"https:\/\/www.europesays.com\/fr\/wp-content\/uploads\/2025\/12\/fremaa-oz-boutiques-des-createurs-yves-trotzier-1-499x500.png\" class=\"attachment-gallery size-gallery\" alt=\"fr\u00e9maa oz boutiques des cr\u00e9ateurs yves trotzier (1)\" data-full-url=\"https:\/\/pokaa.fr\/wp-content\/uploads\/2025\/11\/24\/fremaa-oz-boutiques-des-createurs-yves-trotzier-1.png\" decoding=\"async\" loading=\"lazy\"  \/>            <\/p>\n<p>                <img width=\"632\" height=\"500\" src=\"https:\/\/www.europesays.com\/fr\/wp-content\/uploads\/2025\/12\/fremaa-oz-boutiques-des-createurs-yves-trotzier-8-632x500.png\" class=\"attachment-gallery size-gallery\" alt=\"fr\u00e9maa oz boutiques des cr\u00e9ateurs yves trotzier (8)\" data-full-url=\"https:\/\/pokaa.fr\/wp-content\/uploads\/2025\/11\/24\/fremaa-oz-boutiques-des-createurs-yves-trotzier-8.png\" decoding=\"async\" loading=\"lazy\"  \/>            <\/p>\n<p>                    \u00a9 Yves Trotzier \/ Documents remis<\/p>\n<p>Boutique et expo-vente : 2 espaces, 2 fois plus de d\u00e9couvertes<\/p>\n<p>En parall\u00e8le de la boutique, les surprises sont loin d\u2019\u00eatre finies. <strong>\u00c0 partir du 12 d\u00e9cembre, direction le premier \u00e9tage de l\u2019Aubette, qui abritera la traditionnelle expo-vente jusqu\u2019au 22 d\u00e9cembre. <\/strong>Cette ann\u00e9e, elle proposera encore davantage de stands qu\u2019\u00e0 l\u2019accoutum\u00e9e, avec <strong>une trentaine d\u2019exposant(e)s. <\/strong><\/p>\n<p>Cette section se dessine comme un prolongement \u00e9ph\u00e9m\u00e8re de la boutique, toujours dans le but de valoriser les m\u00e9tiers d\u2019art, et de proposer des objets uniques \u00e0 glisser sous le sapin.<\/p>\n<p>                <img width=\"373\" height=\"500\" src=\"https:\/\/www.europesays.com\/fr\/wp-content\/uploads\/2025\/11\/zanotti-adele-373x500.png\" class=\"attachment-gallery size-gallery\" alt=\"Zanotti Adele\" data-full-url=\"https:\/\/pokaa.fr\/wp-content\/uploads\/2025\/11\/24\/zanotti-adele.png\" decoding=\"async\" loading=\"lazy\"  \/>            <\/p>\n<p>                <img width=\"508\" height=\"500\" src=\"https:\/\/www.europesays.com\/fr\/wp-content\/uploads\/2025\/12\/atelier-antonio-cos-508x500.png\" class=\"attachment-gallery size-gallery\" alt=\"Atelier Antonio COS\" data-full-url=\"https:\/\/pokaa.fr\/wp-content\/uploads\/2025\/11\/24\/atelier-antonio-cos.png\" decoding=\"async\" loading=\"lazy\"  \/>            <\/p>\n<p>                <img width=\"398\" height=\"500\" src=\"https:\/\/www.europesays.com\/fr\/wp-content\/uploads\/2025\/12\/benmanu-398x500.png\" class=\"attachment-gallery size-gallery\" alt=\"Ben et Manu\" data-full-url=\"https:\/\/pokaa.fr\/wp-content\/uploads\/2025\/11\/24\/benmanu.png\" decoding=\"async\" loading=\"lazy\"  \/>            <\/p>\n<p>                <img width=\"378\" height=\"500\" src=\"https:\/\/www.europesays.com\/fr\/wp-content\/uploads\/2025\/12\/capri-378x500.png\" class=\"attachment-gallery size-gallery\" alt=\"Capri\" data-full-url=\"https:\/\/pokaa.fr\/wp-content\/uploads\/2025\/11\/24\/capri.png\" decoding=\"async\" loading=\"lazy\"  \/>            <\/p>\n<p>                <img width=\"371\" height=\"500\" src=\"https:\/\/www.europesays.com\/fr\/wp-content\/uploads\/2025\/12\/eleonore-gold-dalg-371x500.png\" class=\"attachment-gallery size-gallery\" alt=\"Eleonore gold-dalg\" data-full-url=\"https:\/\/pokaa.fr\/wp-content\/uploads\/2025\/11\/24\/eleonore-gold-dalg.png\" decoding=\"async\" loading=\"lazy\"  \/>            <\/p>\n<p>                <img width=\"392\" height=\"500\" src=\"https:\/\/www.europesays.com\/fr\/wp-content\/uploads\/2025\/12\/julie-cornette-392x500.png\" class=\"attachment-gallery size-gallery\" alt=\"Julie Cornette\" data-full-url=\"https:\/\/pokaa.fr\/wp-content\/uploads\/2025\/11\/24\/julie-cornette.png\" decoding=\"async\" loading=\"lazy\"  \/>            <\/p>\n<p>                <img width=\"369\" height=\"500\" src=\"https:\/\/www.europesays.com\/fr\/wp-content\/uploads\/2025\/12\/tilko-369x500.png\" class=\"attachment-gallery size-gallery\" alt=\"Tilko\" data-full-url=\"https:\/\/pokaa.fr\/wp-content\/uploads\/2025\/11\/24\/tilko.png\" decoding=\"async\" loading=\"lazy\"  \/>            <\/p>\n<p>                    1. \u00a9 Ad\u00e8le Zanotti, 2. \u00a9 Atelier Antonio COS, 3. \u00a9 Ben et Manu, 4. \u00a9 Capri, 5. \u00a9 El\u00e9onore Gold-Dalg, 6. \u00a9 Julie Cornette, 7. \u00a9 Tilko. \/ Documents remis<\/p>\n<p>Le Sapin des cr\u00e9ateurs et les ateliers font leur come-back<\/p>\n<p>Comme chaque ann\u00e9e, <strong>le Sapin des Cr\u00e9ateurs<\/strong> est de la partie. Situ\u00e9 dans la boutique,<strong> il propose des d\u00e9corations exclusives \u00e0 suspendre <\/strong>et\u00a0\u00e0 s\u2019offrir pour d\u00e9corer son sapin comme il se doit.<\/p>\n<p>                <img width=\"333\" height=\"500\" src=\"https:\/\/www.europesays.com\/fr\/wp-content\/uploads\/2025\/12\/1-oz2023-3-333x500.jpg\" class=\"attachment-gallery size-gallery\" alt=\"OZ le march\u00e9 des cr\u00e9ateurs\" data-full-url=\"https:\/\/pokaa.fr\/wp-content\/uploads\/2024\/11\/29\/1-oz2023-3.jpg\" decoding=\"async\" loading=\"lazy\"  \/>            <\/p>\n<p>                <img width=\"750\" height=\"500\" src=\"https:\/\/www.europesays.com\/fr\/wp-content\/uploads\/2025\/12\/1-oz2023-1-750x500.jpg\" class=\"attachment-gallery size-gallery\" alt=\"OZ le march\u00e9 des cr\u00e9ateurs\" data-full-url=\"https:\/\/pokaa.fr\/wp-content\/uploads\/2024\/11\/29\/1-oz2023-1.jpg\" decoding=\"async\" loading=\"lazy\"  \/>            <\/p>\n<p>                    \u00a9 Fr\u00e9maa \/ Documents remis<\/p>\n<p>Pour les curieux\/ses, vous pouvez \u00e9galement profiter <strong>d\u2019ateliers cr\u00e9atifs, anim\u00e9s par les diff\u00e9rent(e)s artisan(e)s.<\/strong> Si vous voulez fabriquer vos bijoux, vos d\u00e9corations de No\u00ebl, apprendre la calligraphie ou la marbrure sur papier ou vous initier \u00e0 la sculpture, <strong>les inscriptions, c\u2019est <a href=\"https:\/\/www.helloasso.com\/associations\/fremaa\/evenements\/ateliers-boutique-oz\" target=\"_blank\" rel=\"noopener\">par ici<\/a>\u00a0!<\/strong><\/p>\n<p>Alors, vous venez vous r\u00e9galer les mirettes, et peut-\u00eatre repartir avec des p\u00e9pites pour No\u00ebl\u00a0?<\/p>\n<p>            OZ<\/p>\n<p>            Quoi ? <\/p>\n<p>Boutique et expo-vente autour des m\u00e9tiers d\u2019art<\/p>\n<p>                Quand ?<\/p>\n<p>Boutique : jusqu\u2019au 3 janvier, du lundi au samedi (et dimanches de l\u2019Avent), de 10h \u00e0 19h.<br \/>Expo-vente : du 12 au 22 d\u00e9cembre, tous les jours de 11h \u00e0 19h.<\/p>\n<p>            o\u00f9 ?<\/p>\n<p>Boutique : Les Boutiques de l\u2019Aubette, 4 rue de la Haute-Mont\u00e9e, Strasbourg<br \/>Expo-vente : Grande Salle de l\u2019Aubette, 1er \u00e9tage, place Kl\u00e9ber, Strasbourg<br \/>Entr\u00e9es libres<\/p>\n<p>                Plus d&rsquo;infos ?<\/p>\n<p><a href=\"https:\/\/www.fremaa.com\/\" target=\"_blank\" rel=\"noopener\">Site web de la Fr\u00e9maa<\/a><br \/><a href=\"https:\/\/www.helloasso.com\/associations\/fremaa\/evenements\/ateliers-boutique-oz\" target=\"_blank\" rel=\"noopener\">Inscription aux ateliers<\/a><\/p>\n<p>    <img width=\"800\" height=\"534\" src=\"https:\/\/www.europesays.com\/fr\/wp-content\/uploads\/2025\/12\/fremaa-oz-boutiques-des-createurs-yves-trotzier-6-800x534.png\" class=\"attachment-image-size-L size-image-size-L\" alt=\"fr\u00e9maa oz boutiques des cr\u00e9ateurs yves trotzier (6)\" decoding=\"async\" loading=\"lazy\"  \/>         \u00a9 Yves Trotzier \/ Document remis <\/p>\n","protected":false},"excerpt":{"rendered":"Accueil \/ No\u00ebl \/ La magie d\u2019\u00ab OZ \u00bb : \u00e0 Strasbourg, une boutique \u00e9ph\u00e9m\u00e8re r\u00e9unit 50 artisan(e)s&hellip;\n","protected":false},"author":2,"featured_media":571967,"comment_status":"","ping_status":"","sticky":false,"template":"","format":"standard","meta":{"footnotes":""},"categories":[2820],"tags":[1111,11,68691,18807,1777,674,1011,27,63497,775,2089,6868,12,50208,3907,25,640],"class_list":{"0":"post-571966","1":"post","2":"type-post","3":"status-publish","4":"format-standard","5":"has-post-thumbnail","7":"category-strasbourg","8":"tag-actu","9":"tag-actualites","10":"tag-aubette","11":"tag-cadeaux","12":"tag-eu","13":"tag-europe","14":"tag-fr","15":"tag-france","16":"tag-fremaa","17":"tag-grand-est","18":"tag-marche","19":"tag-metiers-dart","20":"tag-news","21":"tag-oz","22":"tag-que-faire","23":"tag-republique-francaise","24":"tag-strasbourg"},"share_on_mastodon":{"url":"https:\/\/pubeurope.com\/@fr\/115647069196778062","error":""},"_links":{"self":[{"href":"https:\/\/www.europesays.com\/fr\/wp-json\/wp\/v2\/posts\/571966","targetHints":{"allow":["GET"]}}],"collection":[{"href":"https:\/\/www.europesays.com\/fr\/wp-json\/wp\/v2\/posts"}],"about":[{"href":"https:\/\/www.europesays.com\/fr\/wp-json\/wp\/v2\/types\/post"}],"author":[{"embeddable":true,"href":"https:\/\/www.europesays.com\/fr\/wp-json\/wp\/v2\/users\/2"}],"replies":[{"embeddable":true,"href":"https:\/\/www.europesays.com\/fr\/wp-json\/wp\/v2\/comments?post=571966"}],"version-history":[{"count":0,"href":"https:\/\/www.europesays.com\/fr\/wp-json\/wp\/v2\/posts\/571966\/revisions"}],"wp:featuredmedia":[{"embeddable":true,"href":"https:\/\/www.europesays.com\/fr\/wp-json\/wp\/v2\/media\/571967"}],"wp:attachment":[{"href":"https:\/\/www.europesays.com\/fr\/wp-json\/wp\/v2\/media?parent=571966"}],"wp:term":[{"taxonomy":"category","embeddable":true,"href":"https:\/\/www.europesays.com\/fr\/wp-json\/wp\/v2\/categories?post=571966"},{"taxonomy":"post_tag","embeddable":true,"href":"https:\/\/www.europesays.com\/fr\/wp-json\/wp\/v2\/tags?post=571966"}],"curies":[{"name":"wp","href":"https:\/\/api.w.org\/{rel}","templated":true}]}}