{"id":571970,"date":"2025-12-02T00:11:17","date_gmt":"2025-12-02T00:11:17","guid":{"rendered":"https:\/\/www.europesays.com\/fr\/571970\/"},"modified":"2025-12-02T00:11:17","modified_gmt":"2025-12-02T00:11:17","slug":"les-vigiles-prives-de-la-force-gaida-pourraient-etre-deployes-dans-ces-deux-nouveaux-quartiers-de-nice","status":"publish","type":"post","link":"https:\/\/www.europesays.com\/fr\/571970\/","title":{"rendered":"les vigiles priv\u00e9s de la force GAIDA pourraient \u00eatre d\u00e9ploy\u00e9s dans ces deux nouveaux quartiers de Nice"},"content":{"rendered":"<p><strong>D\u00e9j\u00e0 en place aux Moulins et \u00e0\u00a0Roquebilli\u00e8re, les agents de la GAIDA pourraient \u00eatre amen\u00e9s \u00e0\u00a0\u0153uvrer dans d\u2019autres quartiers de Nice en 2026, une r\u00e9flexion annonc\u00e9e par le premier adjoint de Christian Estrosi \u00e0\u00a0<a href=\"https:\/\/nicepresse.com\/dimanche\/\" data-wpel-link=\"internal\" target=\"_blank\" rel=\"noopener\">Nice-Presse Dimanche<\/a>.<\/strong><\/p>\n<p>Elle s\u2019est form\u00e9e \u00e0\u00a0Nice en mai 2024. D\u2019abord pr\u00e9sente <a href=\"https:\/\/nicepresse.com\/trafic-de-drogue-les-vigiles-prives-de-la-gaida-bientot-deployes-a-nice-est-mais-quels-sont-leurs-resultats-dans-la-cite-des-moulins\/\" data-wpel-link=\"internal\" target=\"_blank\" rel=\"noopener\">aux Moulins<\/a>, l\u2019unit\u00e9 GAIDA, pour \u00ab\u00a0groupement d\u2019agents interbailleurs contre les d\u00e9sordres et les abus\u00a0\u00bb (et \u00ab\u00a0Garde\u00a0\u00bb en nissart), est depuis mars 2025 \u00e9galement en activit\u00e9 \u00e0\u00a0l\u2019Est de la commune, dans le secteur de Roquebilli\u00e8re.\u00a0<\/p>\n<p>Son r\u00f4le\u00a0? Assurer des rondes, notamment en soir\u00e9e, afin de lutter contre la petite d\u00e9linquance et les nuisances. Elle est surtout charg\u00e9e de\u00a0recr\u00e9er du lien social, en veillant de tr\u00e8s pr\u00e8s \u00e0\u00a0la tranquillit\u00e9 des r\u00e9sidents.<\/p>\n<p>Notons que ces vigiles priv\u00e9s ne sont pas arm\u00e9s, mais sont \u00e9quip\u00e9s de matraques t\u00e9lescopiques, de bombes lacrymog\u00e8nes, de casques et de boucliers. Avant leur intronisation, ces anciens militaires ou ex-policiers ont suivi d\u2019exigeantes formations.<\/p>\n<p>Plus de 6700 \u00e9vacuations<\/p>\n<p>Aujourd\u2019hui, le dispositif compte 25 membres, dont 16 aux Moulins et 9\u00a0\u00e0 Roquebill\u00e8re. Le bilan chiffr\u00e9 pr\u00e9sent\u00e9 par la municipalit\u00e9 \u00e0\u00a0Nice-Presse Dimanche le 30 novembre fait \u00e9tat de l\u2019\u00e9vacuation de 6720 individus des HLM depuis mai 2024, des personnes qui n\u2019avaient rien \u00e0\u00a0faire dans les parties communes. Ces expulsions se r\u00e9partissent comme suit\u00a0: 5697 aux Moulins et 1023 \u00e0\u00a0Roquebilli\u00e8re.<\/p>\n<p>Des op\u00e9rations qui conduisent les professionnels \u00e0\u00a0d\u00e9nicher des armes blanches (93\u00a0en un an et demi) et surtout, des stup\u00e9fiants \u00e0\u00a0foison. 144 saisies de drogues ont \u00e9t\u00e9 comptabilis\u00e9es jusqu\u2019\u00e0 pr\u00e9sent, ce qui repr\u00e9sente neuf kilos au total de cannabis et de coca\u00efne, alors qu\u2019il ne s\u2019agit pas d\u2019une mission premi\u00e8re de la Garde. 131 confiscations ont eu lieu aux Moulins, pour 13 \u00e0\u00a0Roquebilli\u00e8re.<\/p>\n<p><img loading=\"lazy\" decoding=\"async\" width=\"1103\" height=\"630\" src=\"https:\/\/www.europesays.com\/fr\/wp-content\/uploads\/2025\/12\/Capture-decran-2024-11-04-a-18.18.56-1103x630.png\" alt=\"las planas\" class=\"wp-image-203749\" title=\"D\u00e9linquance : les vigiles priv\u00e9s de la force GAIDA pourraient \u00eatre d\u00e9ploy\u00e9s dans ces deux nouveaux quartiers de Nice 1\"  \/>Droits r\u00e9serv\u00e9s<\/p>\n<p>Las Planas et le Vallon des Fleurs bient\u00f4t inclus\u00a0?<\/p>\n<p>La GAIDA pourrait ne pas en rester l\u00e0. C\u2019est en tous les cas la r\u00e9flexion annonc\u00e9e par Anthony Borr\u00e9, premier adjoint <a href=\"https:\/\/nicepresse.com\/christian-estrosi-a-nice-presse-emprise-de-la-pegre-affaires-insecurite-je-refuse-que-notre-ville-revienne-en-arriere\/\" data-wpel-link=\"internal\" target=\"_blank\" rel=\"noopener\">de Christian Estrosi<\/a> et pr\u00e9sident de C\u00f4te d\u2019Azur Habitat, le principal bailleur social de la\u00a0ville.\u00a0<\/p>\n<p><a href=\"https:\/\/nicepresse.com\/le-candidat-de-lextreme-droite-est-un-danger-pour-notre-ville-anthony-borre-directeur-de-la-campagne-de-christian-estrosi-a-nice-presse\/\" data-wpel-link=\"internal\" target=\"_blank\" rel=\"noopener\">Invit\u00e9 de Nice-Presse<\/a>, l\u2019\u00e9lu a\u00a0estim\u00e9 que \u00ab\u00a0oui, il faut l\u2019implanter dans d\u2019autres quartiers. Ce serait tout \u00e0\u00a0fait l\u00e9gitime de d\u00e9ployer cette force dissuasive, d\u2019accompagnement des habitants pour Las Planas, affirme-t-il. Je pense aussi au Vallon des Fleurs.\u00a0\u00bb<\/p>\n<p>Cette id\u00e9e intervient alors que, quelques jours plus t\u00f4t, le maire de la capitale maralpine a\u00a0annonc\u00e9 <a href=\"https:\/\/nicepresse.com\/municipales-2026-a-nice-christian-estrosi-promet-de-mener-une-guerre-contre-le-narcoterrorisme-ce-quil-denonce-ce-quil-propose\/\" data-wpel-link=\"internal\" target=\"_blank\" rel=\"noopener\">la cr\u00e9ation imm\u00e9diate d\u2019une brigade<\/a> \u00ab\u00a0anti-stups\u00a0\u00bb au sein de la police municipale. Le 22 novembre dernier, lors de son meeting de lancement de campagne, l\u2019\u00e9dile a\u00a0pr\u00e9cis\u00e9 qu\u2019une fois sur pied, elle serait\u00a0\u00ab\u00a0mise \u00e0\u00a0disposition\u00a0\u00bb\u00a0du pr\u00e9fet et du procureur. Une mesure qui entrerait dans le cadre d\u2019un \u00ab\u00a0grand plan g\u00e9n\u00e9ral de s\u00e9curit\u00e9\u00a0\u00bb, \u00e9voqu\u00e9 pour janvier 2026.<\/p>\n<p><a href=\"https:\/\/www.nice.fr\/noel-a-nice\/\" data-wpel-link=\"external\" target=\"_blank\" rel=\"external noopener noreferrer\"><img loading=\"lazy\" decoding=\"async\" width=\"300\" height=\"300\" src=\"https:\/\/www.europesays.com\/fr\/wp-content\/uploads\/2025\/11\/NoelNice_Coeur-Article-NicePresse-300x300-2.png\" alt=\"\" class=\"wp-image-260426\"\/><\/a><\/p>\n","protected":false},"excerpt":{"rendered":"D\u00e9j\u00e0 en place aux Moulins et \u00e0\u00a0Roquebilli\u00e8re, les agents de la GAIDA pourraient \u00eatre amen\u00e9s \u00e0\u00a0\u0153uvrer dans d\u2019autres&hellip;\n","protected":false},"author":2,"featured_media":571971,"comment_status":"","ping_status":"","sticky":false,"template":"","format":"standard","meta":{"footnotes":""},"categories":[2819],"tags":[1111,11,1777,674,1011,27,12,2401,882,25],"class_list":{"0":"post-571970","1":"post","2":"type-post","3":"status-publish","4":"format-standard","5":"has-post-thumbnail","7":"category-nice","8":"tag-actu","9":"tag-actualites","10":"tag-eu","11":"tag-europe","12":"tag-fr","13":"tag-france","14":"tag-news","15":"tag-nice","16":"tag-provence-alpes-cote-dazur","17":"tag-republique-francaise"},"share_on_mastodon":{"url":"https:\/\/pubeurope.com\/@fr\/115647079991350080","error":""},"_links":{"self":[{"href":"https:\/\/www.europesays.com\/fr\/wp-json\/wp\/v2\/posts\/571970","targetHints":{"allow":["GET"]}}],"collection":[{"href":"https:\/\/www.europesays.com\/fr\/wp-json\/wp\/v2\/posts"}],"about":[{"href":"https:\/\/www.europesays.com\/fr\/wp-json\/wp\/v2\/types\/post"}],"author":[{"embeddable":true,"href":"https:\/\/www.europesays.com\/fr\/wp-json\/wp\/v2\/users\/2"}],"replies":[{"embeddable":true,"href":"https:\/\/www.europesays.com\/fr\/wp-json\/wp\/v2\/comments?post=571970"}],"version-history":[{"count":0,"href":"https:\/\/www.europesays.com\/fr\/wp-json\/wp\/v2\/posts\/571970\/revisions"}],"wp:featuredmedia":[{"embeddable":true,"href":"https:\/\/www.europesays.com\/fr\/wp-json\/wp\/v2\/media\/571971"}],"wp:attachment":[{"href":"https:\/\/www.europesays.com\/fr\/wp-json\/wp\/v2\/media?parent=571970"}],"wp:term":[{"taxonomy":"category","embeddable":true,"href":"https:\/\/www.europesays.com\/fr\/wp-json\/wp\/v2\/categories?post=571970"},{"taxonomy":"post_tag","embeddable":true,"href":"https:\/\/www.europesays.com\/fr\/wp-json\/wp\/v2\/tags?post=571970"}],"curies":[{"name":"wp","href":"https:\/\/api.w.org\/{rel}","templated":true}]}}