{"id":571972,"date":"2025-12-02T00:12:17","date_gmt":"2025-12-02T00:12:17","guid":{"rendered":"https:\/\/www.europesays.com\/fr\/571972\/"},"modified":"2025-12-02T00:12:17","modified_gmt":"2025-12-02T00:12:17","slug":"le-rapport-de-police-confirme-une-atmosphere-tres-hostile-mais-pas-les-violences-contre-boga-et-moffi","status":"publish","type":"post","link":"https:\/\/www.europesays.com\/fr\/571972\/","title":{"rendered":"le rapport de police confirme une atmosph\u00e8re \u00ab\u00a0tr\u00e8s hostile\u00a0\u00bb mais pas les violences contre Boga et Moffi"},"content":{"rendered":"<p>Apr\u00e8s la d\u00e9faite de l&rsquo;OGC Nice \u00e0 Lorient en Ligue 1 (3-1), pr\u00e8s de 400 supporters attendaient les Aiglons \u00e0 leur retour sur la C\u00f4te d&rsquo;Azur. Terem Moffi et J\u00e9r\u00e9mie Boga ont \u00e9t\u00e9 pris \u00e0 partie et cibl\u00e9 au point que les deux joueurs ont port\u00e9 plainte ce lundi et ont b\u00e9n\u00e9fici\u00e9 d&rsquo;un arr\u00eat de travail. Le rapport des forces de l&rsquo;ordre, pr\u00e9sentes en nombre sur les lieux, nie toute violence mais confirme une atmosph\u00e8re \u00ab\u00a0tr\u00e8s hostile\u00a0\u00bb autour des Aiglons.<\/p>\n<p>Il y aura probablement un avant et un apr\u00e8s. Ce dimanche 30 novembre, <a href=\"https:\/\/rmcsport.bfmtv.com\/football\/ligue-1\/video-lorient-3-1-nice-les-aiglons-a-la-derive-l-avenir-de-haise-pas-un-sujet-assure-maurice_VN-202512010272.html\" title=\"Lorient 3-1 Nice : Les Aiglons \u00e0 la d\u00e9rive\u2026 l&#039;avenir de Haise ? &quot;Pas un sujet&quot; assure Maurice\" class=\"internal_link\" target=\"_blank\" rel=\"noopener\">Nice s&rsquo;est une nouvelle fois inclin\u00e9e, en Ligue 1<\/a>, sur la pelouse de Lorient (3-1). Alors que Sofiane Diop s&rsquo;\u00e9tait expliqu\u00e9 avec les supporters \u00e0 l&rsquo;issue du match, l&rsquo;animosit\u00e9 s&rsquo;est visiblement prolong\u00e9e dans la soir\u00e9e lors du retour du Gym sur la C\u00f4te d&rsquo;Azur. La d\u00e9l\u00e9gation des Aiglons se savait attendue pour son retour \u00e0 Nice et <a href=\"https:\/\/rmcsport.bfmtv.com\/football\/clubs\/ogc-nice\/nice-moffi-et-boga-places-en-arret-de-travail-apres-avoir-ete-frappes-par-des-supporters-le-recit-d-une-nuit-explosive_AV-202512010792.html\" title=\"Nice: Moffi et Boga plac\u00e9s en arr\u00eat de travail apr\u00e8s avoir \u00e9t\u00e9 frapp\u00e9s par des supporters, le r\u00e9cit d&#039;une nuit explosive\" class=\"internal_link\" target=\"_blank\" rel=\"noopener\">\u00e7a n&rsquo;a pas manqu\u00e9<\/a>. Le club avait d\u00e9p\u00each\u00e9, pour \u00e9viter tout d\u00e9bordement, des agents de s\u00e9curit\u00e9 en grand nombre et des effectifs de police de la Brigade anticriminalit\u00e9 (BAC) et des commissariats locaux \u00e9taient aussi sur place.<\/p>\n<p>Comme le rapporte le journal <a href=\"https:\/\/www.lequipe.fr\/Football\/Actualites\/-les-supporters-semblent-avoir-voulu-leur-faire-peur-pour-marquer-le-coup-pourquoi-la-dissolution-de-la-populaire-sud-n-est-elle-pas-envisagee-a-date\/1613798\" target=\"_blank\" class=\"external_link\" rel=\"noopener\">L&rsquo;Equipe<\/a>, les forces de l&rsquo;ordre, dans leur rapport, font \u00e9tat d&rsquo;une atmosph\u00e8re \u00ab\u00a0tr\u00e8s hostile\u00a0\u00bb mais ne rapportent pas de violence, de d\u00e9g\u00e2t, de bless\u00e9s ou d&rsquo;interpellations.<\/p>\n<p><a href=\"https:\/\/rmcsport.bfmtv.com\/football\/clubs\/ogc-nice\/direct-crise-a-nice-moffi-et-boga-frappes-par-les-supporters-les-dernieres-infos-apres-les-violences-au-centre-d-entrainement_LN-202512010839.html\" title=\"DIRECT. Crise \u00e0 Nice: Moffi et Boga frapp\u00e9s par les supporters, les derni\u00e8res infos apr\u00e8s les violences au centre d\u2019entra\u00eenement\" class=\"internal_link\" target=\"_blank\" rel=\"noopener\">&gt;&gt; Toutes les infos sur la crise \u00e0 Nice<\/a><\/p>\n<p>Les forces de l&rsquo;ordre \u00e9voquent une atmosph\u00e8re tr\u00e8s hostile mais sans violence<\/p>\n<p>Les joueurs auraient \u00e9t\u00e9 \u00ab\u00a0insult\u00e9s, secou\u00e9s, bouscul\u00e9s par la foule en col\u00e8re\u00a0\u00bb. \u00ab\u00a0Les coll\u00e8gues n&rsquo;ont pas eu besoin d&rsquo;utiliser la force pour intervenir. Les supporters semblent avoir voulu leur faire peur pour marquer le coup\u00a0\u00bb, a \u00e9galement confi\u00e9 un membre du syndicat Alliance au quotidien L&rsquo;Equipe.<\/p>\n<p>Malgr\u00e9 le rapport des forces de l&rsquo;ordre, Terem Moffi et J\u00e9r\u00e9mie Boga ont d\u00e9cid\u00e9 de saisir la justice. <a href=\"https:\/\/rmcsport.bfmtv.com\/football\/clubs\/ogc-nice\/crise-a-nice-moffi-et-boga-ont-porte-plainte-apres-avoir-ete-frappes-par-des-supporters-en-colere_AV-202512010867.html\" title=\"Crise \u00e0 Nice: Moffi et Boga ont port\u00e9 plainte apr\u00e8s avoir \u00e9t\u00e9 frapp\u00e9s par des supporters en col\u00e8re\" class=\"internal_link\" target=\"_blank\" rel=\"noopener\">Les deux joueurs ont port\u00e9 plainte<\/a>. L&rsquo;avant-centre nig\u00e9rian et l&rsquo;ailier ivoirien ont \u00e9t\u00e9 frapp\u00e9s au corps et dans les parties intimes. Ils ont aussi re\u00e7u des crachats et ont subi des insultes parfois racistes.<\/p>\n<p>Les deux joueurs en arr\u00eat de travail<\/p>\n<p>Terem Moffi a \u00e9t\u00e9 plac\u00e9 en arr\u00eat de travail jusqu&rsquo;\u00e0 ce dimanche, jour o\u00f9 Nice affrontera \u00e0 domicile, Angers, en Ligue 1. J\u00e9r\u00e9mie Boga a, quant \u00e0 lui, re\u00e7u une ITT d&rsquo;au moins cinq jours.<\/p>\n<p>Au c\u0153ur de cette tourmente, <a href=\"https:\/\/rmcsport.bfmtv.com\/football\/clubs\/ogc-nice\/crise-a-nice-les-aiglons-sortent-du-silence-apres-les-violences-des-supporters-contre-moffi-et-boga_AV-202512010929.html\" title=\"Crise \u00e0 Nice: les Aiglons sortent du silence apr\u00e8s les violences des supporters contre Moffi et Boga\" class=\"internal_link\" target=\"_blank\" rel=\"noopener\">l&rsquo;OGC Nice a publi\u00e9 un communiqu\u00e9 ce lundi soir<\/a>. Le club a pris la d\u00e9fense des joueurs tout en comprenant la frustration des supporters, g\u00e9n\u00e9r\u00e9e par les r\u00e9sultats du Gym.<\/p>\n<p>\u00ab\u00a0Dimanche, \u00e0 leur retour de Lorient, les Aiglons ont \u00e9t\u00e9 accueillis devant le Centre d\u2019entra\u00eenement et de formation par un rassemblement important. Le club comprend la frustration g\u00e9n\u00e9r\u00e9e par la succession de contre-performances et de prestations \u00e9loign\u00e9es de ses valeurs\u00a0\u00bb, a not\u00e9 le club azur\u00e9en avant de d\u00e9noncer les violences contre ses joueurs. \u00ab\u00a0En revanche, les d\u00e9bordements constat\u00e9s durant ce rassemblement sont inacceptables. Plusieurs membres du club ayant \u00e9t\u00e9 pris \u00e0 partie.\u00a0\u00bb<\/p>\n","protected":false},"excerpt":{"rendered":"Apr\u00e8s la d\u00e9faite de l&rsquo;OGC Nice \u00e0 Lorient en Ligue 1 (3-1), pr\u00e8s de 400 supporters attendaient les&hellip;\n","protected":false},"author":2,"featured_media":571973,"comment_status":"","ping_status":"","sticky":false,"template":"","format":"standard","meta":{"footnotes":""},"categories":[2819],"tags":[1111,11,1777,674,1011,27,12,2401,882,25],"class_list":{"0":"post-571972","1":"post","2":"type-post","3":"status-publish","4":"format-standard","5":"has-post-thumbnail","7":"category-nice","8":"tag-actu","9":"tag-actualites","10":"tag-eu","11":"tag-europe","12":"tag-fr","13":"tag-france","14":"tag-news","15":"tag-nice","16":"tag-provence-alpes-cote-dazur","17":"tag-republique-francaise"},"share_on_mastodon":{"url":"https:\/\/pubeurope.com\/@fr\/115647083017702022","error":""},"_links":{"self":[{"href":"https:\/\/www.europesays.com\/fr\/wp-json\/wp\/v2\/posts\/571972","targetHints":{"allow":["GET"]}}],"collection":[{"href":"https:\/\/www.europesays.com\/fr\/wp-json\/wp\/v2\/posts"}],"about":[{"href":"https:\/\/www.europesays.com\/fr\/wp-json\/wp\/v2\/types\/post"}],"author":[{"embeddable":true,"href":"https:\/\/www.europesays.com\/fr\/wp-json\/wp\/v2\/users\/2"}],"replies":[{"embeddable":true,"href":"https:\/\/www.europesays.com\/fr\/wp-json\/wp\/v2\/comments?post=571972"}],"version-history":[{"count":0,"href":"https:\/\/www.europesays.com\/fr\/wp-json\/wp\/v2\/posts\/571972\/revisions"}],"wp:featuredmedia":[{"embeddable":true,"href":"https:\/\/www.europesays.com\/fr\/wp-json\/wp\/v2\/media\/571973"}],"wp:attachment":[{"href":"https:\/\/www.europesays.com\/fr\/wp-json\/wp\/v2\/media?parent=571972"}],"wp:term":[{"taxonomy":"category","embeddable":true,"href":"https:\/\/www.europesays.com\/fr\/wp-json\/wp\/v2\/categories?post=571972"},{"taxonomy":"post_tag","embeddable":true,"href":"https:\/\/www.europesays.com\/fr\/wp-json\/wp\/v2\/tags?post=571972"}],"curies":[{"name":"wp","href":"https:\/\/api.w.org\/{rel}","templated":true}]}}