{"id":571976,"date":"2025-12-02T00:14:21","date_gmt":"2025-12-02T00:14:21","guid":{"rendered":"https:\/\/www.europesays.com\/fr\/571976\/"},"modified":"2025-12-02T00:14:21","modified_gmt":"2025-12-02T00:14:21","slug":"la-brigade-loire-va-manifester-son-mecontentement-contre-lens","status":"publish","type":"post","link":"https:\/\/www.europesays.com\/fr\/571976\/","title":{"rendered":"La Brigade Loire va manifester son m\u00e9contentement contre Lens"},"content":{"rendered":"<p>                                            Publi\u00e9 le 01\/12\/2025 \u00e0 20h36<br \/>\n                                                                                3 minutes de lecture\n                                                                    <\/p>\n<p>F\u00e9ru de sport et plus particuli\u00e8rement de ballon rond depuis ma plus tendre enfance.<\/p>\n<p>                                            Lire la suite<\/p>\n<p>Le FC Nantes traverse actuellement une p\u00e9riode particuli\u00e8rement sombre de son histoire r\u00e9cente, marqu\u00e9e par une accumulation de d\u00e9ceptions sportives qui exasp\u00e8rent de plus en plus les fid\u00e8les supporters des Canaris. La <strong>d\u00e9faite cuisante face \u00e0 l\u00a0\u00bbOlympique Lyonnais<\/strong> ce dimanche, sold\u00e9e par un score sans appel de <strong>0-3<\/strong>, constitue le point de rupture pour une partie significative des supporters nantais. Cette nouvelle contre-performance vient s&rsquo;ajouter \u00e0 un <strong>d\u00e9but de saison catastrophique<\/strong> qui place le club dans une situation critique au classement. L&rsquo;atmosph\u00e8re autour du club s&rsquo;est consid\u00e9rablement d\u00e9grad\u00e9e, aliment\u00e9e par un sentiment grandissant d&rsquo;incompr\u00e9hension face aux prestations d\u00e9cevantes de l&rsquo;\u00e9quipe sur le terrain. Les supporters, traditionnellement patients et fid\u00e8les, commencent \u00e0 manifester ouvertement leur m\u00e9contentement face \u00e0 ce qu&rsquo;ils per\u00e7oivent comme une <strong>m\u00e9diocrit\u00e9 persistante<\/strong> qui ne correspond pas aux ambitions historiques du club.<\/p>\n<p>                                <img decoding=\"async\" src=\"https:\/\/www.europesays.com\/fr\/wp-content\/uploads\/2025\/04\/1744123449_543_logo.png\" alt=\"Logo\"\/><\/p>\n<p>100\u20ac offerts sur ton 1er pari !<\/p>\n<p>                            <a href=\"https:\/\/www.score.fr\/redirection\/1\/\" class=\"headband-button\" target=\"_blank\" rel=\"noopener\">J&rsquo;en profite<\/a><\/p>\n<p>                                                                <img loading=\"lazy\" decoding=\"async\" src=\"https:\/\/www.europesays.com\/fr\/wp-content\/uploads\/2025\/12\/fc-nantes-la-brigade-loire-va-manifester-son-mecontentement-contre-lens.jpg\" alt=\"Illustration : &quot;FC Nantes : La Brigade Loire va manifester son m\u00e9contentement contre Lens&quot;\" class=\"figure-img img-fluid\" width=\"780\" height=\"478\"\/><\/p>\n<p>                                    \u00a9 Site officiel du FC Nantes                                <\/p>\n<p>Une mobilisation exceptionnelle des supporters en pr\u00e9paration<\/p>\n<p>Face \u00e0 cette situation critique, les supporters nantais pr\u00e9parent une riposte d&rsquo;envergure pour le prochain match \u00e0 domicile, pr\u00e9vu <strong>samedi prochain \u00e0 la Beaujoire<\/strong>. Selon les r\u00e9v\u00e9lations du quotidien <strong>L&rsquo;\u00c9quipe<\/strong>, une fraction importante des supporters du FC Nantes a d\u00e9finitivement perdu patience et r\u00e9fl\u00e9chit \u00e0 une action forte pour marquer son m\u00e9contentement. Cette mobilisation s&rsquo;annonce d&rsquo;autant plus significative qu&rsquo;elle co\u00efncide avec la r\u00e9ception du <strong>RC Lens<\/strong>, actuel leader incontest\u00e9 de la Ligue 1. L&rsquo;ironie de la situation n&rsquo;\u00e9chappe \u00e0 personne : recevoir l&rsquo;\u00e9quipe qui incarne actuellement la r\u00e9ussite en championnat alors que Nantes accumule les d\u00e9boires sportifs. Les mesures envisag\u00e9es par les supporters demeurent pour l&rsquo;instant secr\u00e8tes, mais leur nature d\u00e9pendra largement du d\u00e9roulement de la rencontre et de la prestation des joueurs nantais. Cette pr\u00e9paration d&rsquo;une <strong>action spectaculaire<\/strong> t\u00e9moigne de l&rsquo;ampleur du ras-le-bol qui s&rsquo;est install\u00e9 dans les tribunes de la Beaujoire.<\/p>\n<p>Un climat de tension croissante autour du club<\/p>\n<p>La frustration des supporters nantais ne date pas d&rsquo;hier et trouve ses racines dans <strong>plusieurs semaines de contre-performances r\u00e9p\u00e9t\u00e9es<\/strong> qui ont progressivement \u00e9rod\u00e9 la confiance du public. Le <strong>faible total de points<\/strong> accumul\u00e9 depuis le d\u00e9but de la saison constitue un indicateur alarmant de la situation sportive du club, pla\u00e7ant les Canaris dans une position inconfortable au classement g\u00e9n\u00e9ral. Cette accumulation de r\u00e9sultats d\u00e9cevants a cr\u00e9\u00e9 un cercle vicieux o\u00f9 chaque nouvelle d\u00e9faite amplifie la pression sur l&rsquo;\u00e9quipe et le staff technique. Les supporters, loin de se contenter du r\u00f4le de <strong>simples spectateurs passifs<\/strong>, ont d\u00e9cid\u00e9 de prendre leurs responsabilit\u00e9s en tant qu&rsquo;acteurs \u00e0 part enti\u00e8re de la vie du club. Leur volont\u00e9 de faire entendre leur voix s&rsquo;inscrit dans une d\u00e9marche de reconqu\u00eate de leur influence sur les destin\u00e9es sportives de leur \u00e9quipe favorite. Cette mobilisation citoyenne des supporters refl\u00e8te leur attachement profond au club et leur refus d&rsquo;accepter la situation actuelle.<\/p>\n<p>Un rendez-vous explosif en perspective<\/p>\n<p>L&rsquo;affrontement contre le RC Lens s&rsquo;annonce donc comme un <strong>rendez-vous explosif<\/strong> o\u00f9 se cristalliseront toutes les tensions accumul\u00e9es ces derni\u00e8res semaines. La confrontation avec le leader du championnat pourrait bien servir de catalyseur \u00e0 l&rsquo;expression de la col\u00e8re des supporters, qui envisagent de montrer leur col\u00e8re de mani\u00e8re spectaculaire. L&rsquo;ambiance autour de la Beaujoire promet d&rsquo;\u00eatre \u00e9lectrique, avec une <strong>tension palpable<\/strong> qui risque d&rsquo;influencer le d\u00e9roulement m\u00eame de la rencontre. Cette situation in\u00e9dite place le FC Nantes face \u00e0 un d\u00e9fi majeur : r\u00e9pondre aux attentes de ses supporters tout en affrontant l&rsquo;une des meilleures \u00e9quipes du championnat actuel.<\/p>\n<p dir=\"ltr\" style=\"line-height:1.38;margin-top:12pt;margin-bottom:12pt;\">Ce samedi 6 d\u00e9cembre, le FC Nantes re\u00e7oit le RC Lens, leader du championnat, \u00e0 la Beaujoire. \u00c0 cette occasion, profitez de 100\u20ac offerts pour votre premi\u00e8re inscription sur Parions Sport en Ligne.<a href=\"https:\/\/www.score.fr\/redirection\/1\/\" style=\"text-decoration-line: none;\" target=\"_blank\" rel=\"noopener\"> Pariez sur une victoire du FC Nantes face \u00e0 Lens sur le score de 1-0, 2-0 ou 3-0 vous rapporte jusqu\u2019\u00e0 760\u20ac !<\/a><\/p>\n<p dir=\"ltr\" style=\"line-height:1.38;margin-top:12pt;margin-bottom:12pt;\">Pour en profiter, c\u2019est tr\u00e8s simple :<\/p>\n<p dir=\"ltr\" style=\"line-height:1.38;margin-top:12pt;margin-bottom:12pt;\">&#8211; Cr\u00e9ez votre compte joueur en seulement 2 \u00e9tapes <a href=\"https:\/\/www.score.fr\/redirection\/1\/\" style=\"text-decoration-line: none;\" target=\"_blank\" rel=\"noopener\">ici<\/a><\/p>\n<p dir=\"ltr\" style=\"line-height:1.38;margin-top:12pt;margin-bottom:12pt;\">&#8211; R\u00e9alisez votre 1er d\u00e9p\u00f4t puis placez votre 1er pari (Minimum 5\u20ac)<\/p>\n<p dir=\"ltr\" style=\"line-height:1.38;margin-top:12pt;margin-bottom:12pt;\">&#8211; Une fois votre 1er d\u00e9p\u00f4t et votre 1er pari r\u00e9alis\u00e9s, l\u2019int\u00e9gralit\u00e9 du montant de ce 1er pari sera cr\u00e9dit\u00e9e sur votre compte joueur dans la limite de 100\u20ac maximum et sous la forme de cr\u00e9dits de jeu non retirables. Le cr\u00e9dit s\u2019effectuera alors en une seule \u00e9tape et sous 3 jours<\/p>\n<p dir=\"ltr\" style=\"line-height:1.38;margin-top:12pt;margin-bottom:12pt;\">Jouer comporte des risques : endettement, d\u00e9pendance\u2026 Appelez le 09 74 75 13 13 (appel non surtax\u00e9)<\/p>\n","protected":false},"excerpt":{"rendered":"Publi\u00e9 le 01\/12\/2025 \u00e0 20h36 3 minutes de lecture F\u00e9ru de sport et plus particuli\u00e8rement de ballon rond&hellip;\n","protected":false},"author":2,"featured_media":571977,"comment_status":"","ping_status":"","sticky":false,"template":"","format":"standard","meta":{"footnotes":""},"categories":[2818],"tags":[1111,11,1777,674,1011,27,766,12,2636,25],"class_list":{"0":"post-571976","1":"post","2":"type-post","3":"status-publish","4":"format-standard","5":"has-post-thumbnail","7":"category-nantes","8":"tag-actu","9":"tag-actualites","10":"tag-eu","11":"tag-europe","12":"tag-fr","13":"tag-france","14":"tag-nantes","15":"tag-news","16":"tag-pays-de-la-loire","17":"tag-republique-francaise"},"share_on_mastodon":{"url":"https:\/\/pubeurope.com\/@fr\/115647090949552602","error":""},"_links":{"self":[{"href":"https:\/\/www.europesays.com\/fr\/wp-json\/wp\/v2\/posts\/571976","targetHints":{"allow":["GET"]}}],"collection":[{"href":"https:\/\/www.europesays.com\/fr\/wp-json\/wp\/v2\/posts"}],"about":[{"href":"https:\/\/www.europesays.com\/fr\/wp-json\/wp\/v2\/types\/post"}],"author":[{"embeddable":true,"href":"https:\/\/www.europesays.com\/fr\/wp-json\/wp\/v2\/users\/2"}],"replies":[{"embeddable":true,"href":"https:\/\/www.europesays.com\/fr\/wp-json\/wp\/v2\/comments?post=571976"}],"version-history":[{"count":0,"href":"https:\/\/www.europesays.com\/fr\/wp-json\/wp\/v2\/posts\/571976\/revisions"}],"wp:featuredmedia":[{"embeddable":true,"href":"https:\/\/www.europesays.com\/fr\/wp-json\/wp\/v2\/media\/571977"}],"wp:attachment":[{"href":"https:\/\/www.europesays.com\/fr\/wp-json\/wp\/v2\/media?parent=571976"}],"wp:term":[{"taxonomy":"category","embeddable":true,"href":"https:\/\/www.europesays.com\/fr\/wp-json\/wp\/v2\/categories?post=571976"},{"taxonomy":"post_tag","embeddable":true,"href":"https:\/\/www.europesays.com\/fr\/wp-json\/wp\/v2\/tags?post=571976"}],"curies":[{"name":"wp","href":"https:\/\/api.w.org\/{rel}","templated":true}]}}