{"id":57198,"date":"2025-04-27T16:21:08","date_gmt":"2025-04-27T16:21:08","guid":{"rendered":"https:\/\/www.europesays.com\/fr\/57198\/"},"modified":"2025-04-27T16:21:08","modified_gmt":"2025-04-27T16:21:08","slug":"washington-assume-entretenir-une-incertitude-strategique","status":"publish","type":"post","link":"https:\/\/www.europesays.com\/fr\/57198\/","title":{"rendered":"Washington assume entretenir une \u00abincertitude strat\u00e9gique\u00bb"},"content":{"rendered":"<p>Le ministre am\u00e9ricain des Finances, Scott Bessent, a d\u00e9fendu dimanche la politique tarifaire tumultueuse du pr\u00e9sident Donald Trump.<\/p>\n<p class=\"fig-paragraph\">Le ministre am\u00e9ricain des Finances, Scott Bessent, a d\u00e9fendu dimanche la politique tarifaire tumultueuse du pr\u00e9sident\u00a0<a href=\"http:\/\/www.lefigaro.fr\/conjoncture\/droits-de-douane-donald-trump-sur-a-100-qu-un-accord-avec-l-ue-sera-trouve-20250418\" data-fig-type=\"NewsFlash\" data-gtm-custom-categorie=\"navigation\" data-gtm-custom-action=\"crossclick\" data-gtm-custom-label=\"Contextuel\" data-gtm-event=\"customEventSPE\" data-fig-domain=\"LEFIGARO\" rel=\"nofollow noopener\" target=\"_blank\">Donald Trump<\/a>, qui secoue l&rsquo;\u00e9conomie mondiale, comme un moyen de cr\u00e9er une \u00abincertitude strat\u00e9gique\u00bb afin de donner l&rsquo;avantage aux \u00c9tats-Unis.<\/p>\n<p class=\"fig-paragraph\">\u00abDans la th\u00e9orie des jeux, on parle d&rsquo;incertitude strat\u00e9gique, c&rsquo;est-\u00e0-dire que vous n&rsquo;allez pas dire \u00e0 la personne de l&rsquo;autre c\u00f4t\u00e9 de la n\u00e9gociation o\u00f9 vous allez finir\u00bb, a d\u00e9clar\u00e9 Scott Bessent sur la cha\u00eene ABC. \u00abPersonne n&rsquo;est mieux plac\u00e9 que le pr\u00e9sident Trump pour cr\u00e9er cet effet de levier\u00bb, a insist\u00e9 le secr\u00e9taire au Tr\u00e9sor.\u00a0<a href=\"https:\/\/www.lefigaro.fr\/conjoncture\/en-direct-droit-de-douane-vers-un-lundi-noir-sur-les-marches-financiers-20250407\" data-fig-type=\"Live\" data-gtm-custom-categorie=\"navigation\" data-gtm-custom-action=\"crossclick\" data-gtm-custom-label=\"Contextuel\" data-gtm-event=\"customEventSPE\" data-fig-domain=\"LEFIGARO\" rel=\"nofollow noopener\" target=\"_blank\">Des droits de douane bien plus importants<\/a>\u00a0pourraient entrer en application contre en juillet, apr\u00e8s un report annonc\u00e9 par Donald Trump.<\/p>\n<p class=\"fig-paragraph\">Interrog\u00e9 sur l&rsquo;avancement des n\u00e9gociations commerciales engag\u00e9es par l&rsquo;administration Trump avec les pays frapp\u00e9s par les droits de douane, Scott Bessent a esquiv\u00e9, se contentant de dire que certaines n\u00e9gociations \u00abavan\u00e7aient tr\u00e8s bien, en particulier avec les pays asiatiques\u00bb. Pour l&rsquo;instant, Washington a donn\u00e9 la priorit\u00e9 aux discussions avec des pays alli\u00e9s comme le Japon, la Cor\u00e9e du Sud et la Suisse.<\/p>\n<p>\u00abExtr\u00eame \u00e9go\u00efsme\u00bb selon un ministre chinois<\/p>\n<p class=\"fig-paragraph\">Dans un entretien publi\u00e9 vendredi par Time Magazine, Donald Trump a affirm\u00e9 que des\u00a0<a href=\"http:\/\/www.lefigaro.fr\/conjoncture\/droits-de-douane-donald-trump-s-est-entretenu-au-telephone-avec-xi-jinping-20250425\" data-fig-type=\"NewsFlash\" data-gtm-custom-categorie=\"navigation\" data-gtm-custom-action=\"crossclick\" data-gtm-custom-label=\"Contextuel\" data-gtm-event=\"customEventSPE\" data-fig-domain=\"LEFIGARO\" rel=\"nofollow noopener\" target=\"_blank\">discussions \u00e9taient en cours avec la Chine<\/a>\u00a0pour tenter de parvenir \u00e0 un accord, et laiss\u00e9 entendre que le processus pourrait aboutir dans les prochaines semaines. Il a \u00e9galement dit avoir parl\u00e9 avec au t\u00e9l\u00e9phone avec son homologue chinois Xi Jinping, sans toutefois pr\u00e9ciser \u00e0 quelle date, ni le contenu de la conversation.<\/p>\n<p class=\"fig-paragraph\">De son c\u00f4t\u00e9, P\u00e9kin a r\u00e9affirm\u00e9 samedi ne mener aucune n\u00e9gociation commerciale avec les \u00c9tats-Unis. Le ministre chinois des Affaires \u00e9trang\u00e8res fustige un\u00a0<a href=\"http:\/\/www.lefigaro.fr\/international\/guerre-commerciale-le-ministre-chinois-des-affaires-etrangeres-fustige-un-extreme-egoisme-des-droits-de-douane-20250426\" data-fig-type=\"NewsFlash\" data-gtm-custom-categorie=\"navigation\" data-gtm-custom-action=\"crossclick\" data-gtm-custom-label=\"Contextuel\" data-gtm-event=\"customEventSPE\" data-fig-domain=\"LEFIGARO\" rel=\"nofollow noopener\" target=\"_blank\">\u00abextr\u00eame \u00e9go\u00efsme\u00bb<\/a>\u00a0des droits de douane. Scott Bessent a sugg\u00e9r\u00e9 que la Chine pourrait nier l&rsquo;existence de discussions en cours parce qu&rsquo;elle \u00abs&rsquo;adresse \u00e0 un public diff\u00e9rent\u00bb.<\/p>\n","protected":false},"excerpt":{"rendered":"Le ministre am\u00e9ricain des Finances, Scott Bessent, a d\u00e9fendu dimanche la politique tarifaire tumultueuse du pr\u00e9sident Donald Trump.&hellip;\n","protected":false},"author":2,"featured_media":57199,"comment_status":"","ping_status":"","sticky":false,"template":"","format":"standard","meta":{"footnotes":""},"categories":[2],"tags":[259,11,260,981,1011,27,14,261,12,262,25,2744],"class_list":{"0":"post-57198","1":"post","2":"type-post","3":"status-publish","4":"format-standard","5":"has-post-thumbnail","7":"category-actualites","8":"tag-actualite-internationale","9":"tag-actualites","10":"tag-affaires-etrangeres","11":"tag-douane","12":"tag-fr","13":"tag-france","14":"tag-international","15":"tag-ministere-des-affaires-etrangeres","16":"tag-news","17":"tag-politique-etrangere","18":"tag-republique-francaise","19":"tag-washington"},"share_on_mastodon":{"url":"https:\/\/pubeurope.com\/@fr\/114410847251722748","error":""},"_links":{"self":[{"href":"https:\/\/www.europesays.com\/fr\/wp-json\/wp\/v2\/posts\/57198","targetHints":{"allow":["GET"]}}],"collection":[{"href":"https:\/\/www.europesays.com\/fr\/wp-json\/wp\/v2\/posts"}],"about":[{"href":"https:\/\/www.europesays.com\/fr\/wp-json\/wp\/v2\/types\/post"}],"author":[{"embeddable":true,"href":"https:\/\/www.europesays.com\/fr\/wp-json\/wp\/v2\/users\/2"}],"replies":[{"embeddable":true,"href":"https:\/\/www.europesays.com\/fr\/wp-json\/wp\/v2\/comments?post=57198"}],"version-history":[{"count":0,"href":"https:\/\/www.europesays.com\/fr\/wp-json\/wp\/v2\/posts\/57198\/revisions"}],"wp:featuredmedia":[{"embeddable":true,"href":"https:\/\/www.europesays.com\/fr\/wp-json\/wp\/v2\/media\/57199"}],"wp:attachment":[{"href":"https:\/\/www.europesays.com\/fr\/wp-json\/wp\/v2\/media?parent=57198"}],"wp:term":[{"taxonomy":"category","embeddable":true,"href":"https:\/\/www.europesays.com\/fr\/wp-json\/wp\/v2\/categories?post=57198"},{"taxonomy":"post_tag","embeddable":true,"href":"https:\/\/www.europesays.com\/fr\/wp-json\/wp\/v2\/tags?post=57198"}],"curies":[{"name":"wp","href":"https:\/\/api.w.org\/{rel}","templated":true}]}}