{"id":571989,"date":"2025-12-02T00:21:14","date_gmt":"2025-12-02T00:21:14","guid":{"rendered":"https:\/\/www.europesays.com\/fr\/571989\/"},"modified":"2025-12-02T00:21:14","modified_gmt":"2025-12-02T00:21:14","slug":"si-la-societe-nest-faite-que-de-spectateurs-elle-secroule","status":"publish","type":"post","link":"https:\/\/www.europesays.com\/fr\/571989\/","title":{"rendered":"Si la soci\u00e9t\u00e9 n\u2019est faite que de spectateurs, elle s\u2019\u00e9croule"},"content":{"rendered":"<p>Des <a href=\"https:\/\/www.laprovence.com\/article\/politique\/39577666255777\/marseille-confidentiels-luejf-denonce-la-montee-de-lantisemitisme-a-la-fac\" target=\"_blank\" rel=\"noopener\">\u00e9tudiants juifs \u00ab\u00a0<\/a><a href=\"https:\/\/www.laprovence.com\/article\/politique\/39577666255777\/marseille-confidentiels-luejf-denonce-la-montee-de-lantisemitisme-a-la-fac\" target=\"_blank\" rel=\"noopener\">mis sous pression<\/a> verbale et physique\u00a0\u00bb dans l\u2019enceinte de l\u2019universit\u00e9 Saint-Charles, \u00e0 Marseille, lors du conflit entre le Hamas et Isra\u00ebl. Des groupes radicaux qui manifestent sous les fen\u00eatres de la <a href=\"https:\/\/www.laprovence.com\/article\/region\/2445447597549515\/il-n-y-a-plus-de-liberte-d-expression-le-conflit-israel-palestine-s-invite-a-l-universite-a-marseille\" target=\"_blank\" rel=\"noopener\">commission de discipline<\/a> lorsque l\u2019un des leurs est auditionn\u00e9. Des exclusions temporaires et le besoin de durcir le ton, mais aussi de mieux former face aux haines et aux <a href=\"https:\/\/www.laprovence.com\/article\/societe\/387051321506514\/propos-racistes-geste-de-supremacistes-blancs-aix-marseille-universite-diligente-une-enquete-sur-un-etudiant\" target=\"_blank\" rel=\"noopener\">radicalit\u00e9s raciales<\/a> et antis\u00e9mites. \u00ab\u00a0L\u2019universit\u00e9 n\u2019est pas un \u00eelot, rappelle \u00c9ric Berton. Les tensions et les violences sociales la traversent. Il faut tout faire pour que le campus reste un sanctuaire o\u00f9 on apprend \u00e0 r\u00e9fl\u00e9chir.\u00a0\u00bb Le pr\u00e9sident d\u2019Aix-Marseille Universit\u00e9 (AMU) a d\u00e9j\u00e0 organis\u00e9 des proc\u00e8s fictifs ou des journ\u00e9es d\u2019\u00e9tudes au camp des Milles. Mais il a voulu \u00ab\u00a0franchir un cap\u00a0\u00bb, ce lundi, en signant une convention avec Mario Stasi, pr\u00e9sident de la Ligue internationale contre le racisme et l\u2019antis\u00e9mitisme (Licra). Elle servira \u00e0 mieux former les quelque 82\u00a0000 \u00e9tudiants, les professeurs et les membres de la commission aux \u00ab\u00a0principes fondamentaux de la R\u00e9publique.\u00a0\u00bb Un pas essentiel, aussi, chez Mario Stasi, pour qui \u00ab\u00a0faire des citoyens \u00e9clair\u00e9s est notre mission commune.\u00a0\u00bb Il va plus lo&#8230;<\/p>\n","protected":false},"excerpt":{"rendered":"Des \u00e9tudiants juifs \u00ab\u00a0mis sous pression verbale et physique\u00a0\u00bb dans l\u2019enceinte de l\u2019universit\u00e9 Saint-Charles, \u00e0 Marseille, lors du&hellip;\n","protected":false},"author":2,"featured_media":571990,"comment_status":"","ping_status":"","sticky":false,"template":"","format":"standard","meta":{"footnotes":""},"categories":[2814],"tags":[17,1111,11,1777,674,1011,27,19553,10601,884,5201,12,316,4919,882,25,21187,104,68692],"class_list":{"0":"post-571989","1":"post","2":"type-post","3":"status-publish","4":"format-standard","5":"has-post-thumbnail","7":"category-marseille","8":"tag-17","9":"tag-actu","10":"tag-actualites","11":"tag-eu","12":"tag-europe","13":"tag-fr","14":"tag-france","15":"tag-licra","16":"tag-mario","17":"tag-marseille","18":"tag-nest","19":"tag-news","20":"tag-politique","21":"tag-president","22":"tag-provence-alpes-cote-dazur","23":"tag-republique-francaise","24":"tag-si","25":"tag-societe","26":"tag-stasi"},"share_on_mastodon":{"url":"https:\/\/pubeurope.com\/@fr\/115647118326341657","error":""},"_links":{"self":[{"href":"https:\/\/www.europesays.com\/fr\/wp-json\/wp\/v2\/posts\/571989","targetHints":{"allow":["GET"]}}],"collection":[{"href":"https:\/\/www.europesays.com\/fr\/wp-json\/wp\/v2\/posts"}],"about":[{"href":"https:\/\/www.europesays.com\/fr\/wp-json\/wp\/v2\/types\/post"}],"author":[{"embeddable":true,"href":"https:\/\/www.europesays.com\/fr\/wp-json\/wp\/v2\/users\/2"}],"replies":[{"embeddable":true,"href":"https:\/\/www.europesays.com\/fr\/wp-json\/wp\/v2\/comments?post=571989"}],"version-history":[{"count":0,"href":"https:\/\/www.europesays.com\/fr\/wp-json\/wp\/v2\/posts\/571989\/revisions"}],"wp:featuredmedia":[{"embeddable":true,"href":"https:\/\/www.europesays.com\/fr\/wp-json\/wp\/v2\/media\/571990"}],"wp:attachment":[{"href":"https:\/\/www.europesays.com\/fr\/wp-json\/wp\/v2\/media?parent=571989"}],"wp:term":[{"taxonomy":"category","embeddable":true,"href":"https:\/\/www.europesays.com\/fr\/wp-json\/wp\/v2\/categories?post=571989"},{"taxonomy":"post_tag","embeddable":true,"href":"https:\/\/www.europesays.com\/fr\/wp-json\/wp\/v2\/tags?post=571989"}],"curies":[{"name":"wp","href":"https:\/\/api.w.org\/{rel}","templated":true}]}}