{"id":571991,"date":"2025-12-02T00:22:21","date_gmt":"2025-12-02T00:22:21","guid":{"rendered":"https:\/\/www.europesays.com\/fr\/571991\/"},"modified":"2025-12-02T00:22:21","modified_gmt":"2025-12-02T00:22:21","slug":"comment-marseille-va-celebrer-la-fin-du-chantier-de-restauration-de-la-bonne-mere","status":"publish","type":"post","link":"https:\/\/www.europesays.com\/fr\/571991\/","title":{"rendered":"comment Marseille va c\u00e9l\u00e9brer la fin du chantier de restauration de la Bonne M\u00e8re"},"content":{"rendered":"<p>Cela fait d\u00e9j\u00e0 quelques jours que la statue de la Vierge de Notre-Dame-de-la-Garde a \u00e9t\u00e9 d\u00e9voil\u00e9e. On l\u2019aper\u00e7oit enfin, au loin dans les rues de Marseille, depuis les collines ou sur la mer. Les \u00e9chafaudages et les b\u00e2ches qui la recouvraient ont peu \u00e0 peu disparu, laissant place \u00e0 la c\u00e9l\u00e8bre sculpture redor\u00e9e. Apr\u00e8s neuf mois de travaux de restauration, le chantier de la Basilique arrive \u00e0 son terme et sera marqu\u00e9, pour l\u2019occasion, par une journ\u00e9e de festivit\u00e9s, dimanche 7\u00a0d\u00e9cembre.<\/p>\n<p>Cet article est r\u00e9serv\u00e9 aux abonn\u00e9s<\/p>\n<p>\n                    Vous souhaitez lire la suite\u00a0? Abonnez-vous sans engagement \u00e0 notre offre num\u00e9rique\n                <\/p>\n<p>                <a href=\"https:\/\/www.la-croix.com\/abonnement\" class=\"default-paywall__subscribe-button\" data-tracking=\"cta_click\" data-tracking-action=\"voir la page abonnement\" data-tracking-category=\"abonnement\" target=\"_blank\" rel=\"noopener\">Je m&rsquo;abonne<\/a><\/p>\n","protected":false},"excerpt":{"rendered":"Cela fait d\u00e9j\u00e0 quelques jours que la statue de la Vierge de Notre-Dame-de-la-Garde a \u00e9t\u00e9 d\u00e9voil\u00e9e. On l\u2019aper\u00e7oit&hellip;\n","protected":false},"author":2,"featured_media":571992,"comment_status":"","ping_status":"","sticky":false,"template":"","format":"standard","meta":{"footnotes":""},"categories":[2814],"tags":[1111,11,1777,674,1011,27,884,12,882,25],"class_list":{"0":"post-571991","1":"post","2":"type-post","3":"status-publish","4":"format-standard","5":"has-post-thumbnail","7":"category-marseille","8":"tag-actu","9":"tag-actualites","10":"tag-eu","11":"tag-europe","12":"tag-fr","13":"tag-france","14":"tag-marseille","15":"tag-news","16":"tag-provence-alpes-cote-dazur","17":"tag-republique-francaise"},"share_on_mastodon":{"url":"https:\/\/pubeurope.com\/@fr\/115647122259150521","error":""},"_links":{"self":[{"href":"https:\/\/www.europesays.com\/fr\/wp-json\/wp\/v2\/posts\/571991","targetHints":{"allow":["GET"]}}],"collection":[{"href":"https:\/\/www.europesays.com\/fr\/wp-json\/wp\/v2\/posts"}],"about":[{"href":"https:\/\/www.europesays.com\/fr\/wp-json\/wp\/v2\/types\/post"}],"author":[{"embeddable":true,"href":"https:\/\/www.europesays.com\/fr\/wp-json\/wp\/v2\/users\/2"}],"replies":[{"embeddable":true,"href":"https:\/\/www.europesays.com\/fr\/wp-json\/wp\/v2\/comments?post=571991"}],"version-history":[{"count":0,"href":"https:\/\/www.europesays.com\/fr\/wp-json\/wp\/v2\/posts\/571991\/revisions"}],"wp:featuredmedia":[{"embeddable":true,"href":"https:\/\/www.europesays.com\/fr\/wp-json\/wp\/v2\/media\/571992"}],"wp:attachment":[{"href":"https:\/\/www.europesays.com\/fr\/wp-json\/wp\/v2\/media?parent=571991"}],"wp:term":[{"taxonomy":"category","embeddable":true,"href":"https:\/\/www.europesays.com\/fr\/wp-json\/wp\/v2\/categories?post=571991"},{"taxonomy":"post_tag","embeddable":true,"href":"https:\/\/www.europesays.com\/fr\/wp-json\/wp\/v2\/tags?post=571991"}],"curies":[{"name":"wp","href":"https:\/\/api.w.org\/{rel}","templated":true}]}}