{"id":572021,"date":"2025-12-02T00:43:12","date_gmt":"2025-12-02T00:43:12","guid":{"rendered":"https:\/\/www.europesays.com\/fr\/572021\/"},"modified":"2025-12-02T00:43:12","modified_gmt":"2025-12-02T00:43:12","slug":"leandro-aracaju-le-plaisir-intarissable-de-jouer-au-tvb","status":"publish","type":"post","link":"https:\/\/www.europesays.com\/fr\/572021\/","title":{"rendered":"Leandro Aracaju, le plaisir intarissable de jouer au TVB"},"content":{"rendered":"<p><strong>Tourcoing\u00a0&#8211; Tours<\/strong><\/p>\n<p>Aux c\u00f4t\u00e9s de son capitaine Zeljko Coric, il est l\u2019un des gardiens de l\u2019identit\u00e9 du Tours Volley-Ball. Ce club avec lequel il a forg\u00e9, au fil des saisons, un attachement mutuel ind\u00e9niable, et pour lequel il continue de se battre corps et \u00e2me dans la qu\u00eate de titres.<\/p>\n<p>Cette ann\u00e9e, Leandro Nascimento dos Santos, dit Aracaju \u2013 comme sa ville de naissance \u2013 a entam\u00e9 sa sixi\u00e8me saison au sein de l\u2019institution tourangelle. La valse des transferts qui offre son lot de d\u00e9parts chaque \u00e9t\u00e9 ne l\u2019a pas encore emport\u00e9, lui, le central br\u00e9silien, d\u00e9barqu\u00e9 de Rennes en 2020 et qui trouve toujours autant de saveur \u00e0 l\u2019id\u00e9e d\u2019\u00e9voluer sous l\u2019\u00e9cusson du TVB.<\/p>\n<p>\u00ab\u00a0Comme je le dis \u00e0 tout le monde, c\u2019est un vrai plaisir de jouer \u00e0 Tours. Quand tu joues ici, tu le fais \u00e0 100\u00a0%, pour gagner tous les matchs possibles. Car c\u2019est un grand club, une r\u00e9f\u00e9rence du volley tricolore, et je suis vraiment heureux d\u2019\u00eatre toujours ici encore aujourd\u2019hui\u00a0\u00bb, lance-t-il dans un fran\u00e7ais bien plus d\u00e9velopp\u00e9 qu\u2019\u00e0 son arriv\u00e9e.<\/p>\n","protected":false},"excerpt":{"rendered":"Tourcoing\u00a0&#8211; Tours Aux c\u00f4t\u00e9s de son capitaine Zeljko Coric, il est l\u2019un des gardiens de l\u2019identit\u00e9 du Tours&hellip;\n","protected":false},"author":2,"featured_media":572022,"comment_status":"","ping_status":"","sticky":false,"template":"","format":"standard","meta":{"footnotes":""},"categories":[1417],"tags":[1392,1011,27,1387,1655,60,1390,1471,2767,1470,1469],"class_list":{"0":"post-572021","1":"post","2":"type-post","3":"status-publish","4":"format-standard","5":"has-post-thumbnail","7":"category-volley","8":"tag-a-la-une-local","9":"tag-fr","10":"tag-france","11":"tag-indre-et-loire","12":"tag-ligue-a","13":"tag-sports","14":"tag-tours","15":"tag-tours-volley-ball","16":"tag-tvb-37","17":"tag-volley","18":"tag-volleyball"},"share_on_mastodon":{"url":"https:\/\/pubeurope.com\/@fr\/115647205715933232","error":""},"_links":{"self":[{"href":"https:\/\/www.europesays.com\/fr\/wp-json\/wp\/v2\/posts\/572021","targetHints":{"allow":["GET"]}}],"collection":[{"href":"https:\/\/www.europesays.com\/fr\/wp-json\/wp\/v2\/posts"}],"about":[{"href":"https:\/\/www.europesays.com\/fr\/wp-json\/wp\/v2\/types\/post"}],"author":[{"embeddable":true,"href":"https:\/\/www.europesays.com\/fr\/wp-json\/wp\/v2\/users\/2"}],"replies":[{"embeddable":true,"href":"https:\/\/www.europesays.com\/fr\/wp-json\/wp\/v2\/comments?post=572021"}],"version-history":[{"count":0,"href":"https:\/\/www.europesays.com\/fr\/wp-json\/wp\/v2\/posts\/572021\/revisions"}],"wp:featuredmedia":[{"embeddable":true,"href":"https:\/\/www.europesays.com\/fr\/wp-json\/wp\/v2\/media\/572022"}],"wp:attachment":[{"href":"https:\/\/www.europesays.com\/fr\/wp-json\/wp\/v2\/media?parent=572021"}],"wp:term":[{"taxonomy":"category","embeddable":true,"href":"https:\/\/www.europesays.com\/fr\/wp-json\/wp\/v2\/categories?post=572021"},{"taxonomy":"post_tag","embeddable":true,"href":"https:\/\/www.europesays.com\/fr\/wp-json\/wp\/v2\/tags?post=572021"}],"curies":[{"name":"wp","href":"https:\/\/api.w.org\/{rel}","templated":true}]}}