{"id":572028,"date":"2025-12-02T00:50:12","date_gmt":"2025-12-02T00:50:12","guid":{"rendered":"https:\/\/www.europesays.com\/fr\/572028\/"},"modified":"2025-12-02T00:50:12","modified_gmt":"2025-12-02T00:50:12","slug":"lamine-yamal-na-pas-la-meme-ambition-que-kylian-mbappe","status":"publish","type":"post","link":"https:\/\/www.europesays.com\/fr\/572028\/","title":{"rendered":"Lamine Yamal n\u2019a pas la m\u00eame ambition que Kylian Mbapp\u00e9"},"content":{"rendered":"<p>Lamine Yamal est en quelque sorte un ailier \u00e0 l\u2019ancienne, plus fantasque que la norme et souvent capable d\u2019\u00e9liminer en un contre un. Dans une interview \u00e0 <a href=\"https:\/\/www.cbsnews.com\/news\/lamine-yamals-extended-60-minutes-interview-in-spanish\/\" target=\"_blank\" rel=\"noopener\">CBS News<\/a>, l\u2019international espagnol a \u00e9voqu\u00e9 son ambition et sa vision du football, en accord avec sa personnalit\u00e9 sur le terrain. Une vision qui diff\u00e8re avec cele d\u2019un Kylian Mbapp\u00e9. \u00ab Mon objectif n\u2019est pas de battre tous les records, de marquer un million de buts, de jouer un million de matchs. Je suis un athl\u00e8te qui veut prendre du plaisir. J\u2019esp\u00e8re que les enfants voudront me ressembler. \u00bb.<\/p>\n<p>            La suite apr\u00e8s cette publicit\u00e9<\/p>\n<p>Invit\u00e9 ensuite \u00e0 se d\u00e9crire en un mot, Yamal a encha\u00een\u00e9. \u00ab Je me d\u00e9crirais comme un joueur amusant. Je pense que c\u2019est le terme le plus appropri\u00e9. Au final, l\u2019objectif est que les gens prennent du plaisir et voient un peu de spectacle gr\u00e2ce au football \u00bb. Malgr\u00e9 quelques controverses, <a href=\"https:\/\/www.footmercato.net\/joueur\/lamine-yamal-nasraoui-ebana\/\" target=\"_blank\" rel=\"noopener\">Lamine Yamal<\/a> est d\u00e9j\u00e0 une ic\u00f4ne du <a href=\"https:\/\/www.footmercato.net\/club\/fc-barcelone\/\" target=\"_blank\" rel=\"noopener\">FC Barcelone<\/a> actuel.<\/p>\n<p>\n    Pub. le 01\/12\/2025 23:30<br \/>\n            &#8211; MAJ le 02\/12\/2025 01:29\n    <\/p>\n","protected":false},"excerpt":{"rendered":"Lamine Yamal est en quelque sorte un ailier \u00e0 l\u2019ancienne, plus fantasque que la norme et souvent capable&hellip;\n","protected":false},"author":2,"featured_media":572029,"comment_status":"","ping_status":"","sticky":false,"template":"","format":"standard","meta":{"footnotes":""},"categories":[1410],"tags":[63,1011,27,60],"class_list":{"0":"post-572028","1":"post","2":"type-post","3":"status-publish","4":"format-standard","5":"has-post-thumbnail","7":"category-football","8":"tag-football","9":"tag-fr","10":"tag-france","11":"tag-sports"},"share_on_mastodon":{"url":"https:\/\/pubeurope.com\/@fr\/115647232489138927","error":""},"_links":{"self":[{"href":"https:\/\/www.europesays.com\/fr\/wp-json\/wp\/v2\/posts\/572028","targetHints":{"allow":["GET"]}}],"collection":[{"href":"https:\/\/www.europesays.com\/fr\/wp-json\/wp\/v2\/posts"}],"about":[{"href":"https:\/\/www.europesays.com\/fr\/wp-json\/wp\/v2\/types\/post"}],"author":[{"embeddable":true,"href":"https:\/\/www.europesays.com\/fr\/wp-json\/wp\/v2\/users\/2"}],"replies":[{"embeddable":true,"href":"https:\/\/www.europesays.com\/fr\/wp-json\/wp\/v2\/comments?post=572028"}],"version-history":[{"count":0,"href":"https:\/\/www.europesays.com\/fr\/wp-json\/wp\/v2\/posts\/572028\/revisions"}],"wp:featuredmedia":[{"embeddable":true,"href":"https:\/\/www.europesays.com\/fr\/wp-json\/wp\/v2\/media\/572029"}],"wp:attachment":[{"href":"https:\/\/www.europesays.com\/fr\/wp-json\/wp\/v2\/media?parent=572028"}],"wp:term":[{"taxonomy":"category","embeddable":true,"href":"https:\/\/www.europesays.com\/fr\/wp-json\/wp\/v2\/categories?post=572028"},{"taxonomy":"post_tag","embeddable":true,"href":"https:\/\/www.europesays.com\/fr\/wp-json\/wp\/v2\/tags?post=572028"}],"curies":[{"name":"wp","href":"https:\/\/api.w.org\/{rel}","templated":true}]}}