{"id":572030,"date":"2025-12-02T00:51:13","date_gmt":"2025-12-02T00:51:13","guid":{"rendered":"https:\/\/www.europesays.com\/fr\/572030\/"},"modified":"2025-12-02T00:51:13","modified_gmt":"2025-12-02T00:51:13","slug":"francois-hollande-et-julie-gayet-victimes-dun-cambriolage-butin-suspects-ce-que-lon-sait","status":"publish","type":"post","link":"https:\/\/www.europesays.com\/fr\/572030\/","title":{"rendered":"Fran\u00e7ois Hollande et Julie Gayet victimes d\u2019un cambriolage : butin, suspects\u2026 ce que l\u2019on sait"},"content":{"rendered":"<p data-start=\"303\" data-end=\"588\">Fran\u00e7ois Hollande et Julie Gayet<br \/>\nont v\u00e9cu une m\u00e9saventure dont ils se seraient bien pass\u00e9s. Le 22<br \/>\nnovembre dernier, leur domicile parisien a \u00e9t\u00e9 la cible d\u2019un<br \/>\ncambriolage. <strong>Une montre aurait notamment disparu<\/strong>,<br \/>\nselon les informations de BFMTV, alert\u00e9e par une source proche de<br \/>\nl\u2019enqu\u00eate.<\/p>\n<p data-start=\"590\" data-end=\"843\">Mais l&rsquo;affaire a rapidement<br \/>\nprogress\u00e9. Les policiers du 2e district de police judiciaire ont<br \/>\nsuivi plusieurs pistes <strong>avant d\u2019identifier deux<br \/>\nsuspects.<\/strong> Une avanc\u00e9e rapide qui a permis de limiter les<br \/>\nd\u00e9g\u00e2ts mat\u00e9riels pour <a href=\"https:\/\/www.closermag.fr\/people\/francois-hollande-et-julie-gayet-on-a-meme-eu-droit-a-leurs-voisins-a-paris-fulminent-3583948\" target=\"_blank\" rel=\"noopener\"><br \/>\nl\u2019ancien chef de l\u2019\u00c9tat et sa compagne.<\/a><\/p>\n<p>Cambriolage du domicile et<br \/>\ninterpellation des suspects<\/p>\n<p data-start=\"904\" data-end=\"1194\">D\u2019apr\u00e8s BFMTV, une montre<br \/>\nappartenant \u00e0 Fran\u00e7ois Hollande a \u00e9t\u00e9 d\u00e9rob\u00e9e lors de l\u2019effraction.<br \/>\nLes enqu\u00eateurs ont tr\u00e8s vite remont\u00e9 la trace des voleurs pr\u00e9sum\u00e9s.<br \/>\nLe parquet de Paris confirme que deux hommes n\u00e9s en 1994 et 1995 en<br \/>\nAlg\u00e9rie ont \u00e9t\u00e9 arr\u00eat\u00e9s moins d\u2019une semaine apr\u00e8s les faits. Les<br \/>\nsuspects ont \u00e9t\u00e9 <strong>mis en examen pour vol en bande organis\u00e9e<br \/>\npuis plac\u00e9s en d\u00e9tention provisoire le 28 novembre<\/strong>. Au<br \/>\ncours d\u2019une perquisition, la montre vol\u00e9e a \u00e9t\u00e9 retrouv\u00e9e et<br \/>\nrestitu\u00e9e \u00e0 l\u2019ancien pr\u00e9sident.<\/p>\n<p data-start=\"904\" data-end=\"1194\">L\u2019entourage de Fran\u00e7ois<br \/>\nHollande se veut rassurant, estimant \u201cqu\u2019il y a eu peu de cons\u00e9quences\u201d gr\u00e2ce \u00e0 la<br \/>\nr\u00e9activit\u00e9 des policiers. Ce n\u2019est d\u2019ailleurs pas la premi\u00e8re fois<br \/>\nque le couple est confront\u00e9 \u00e0 une telle situation. <strong>Leur<br \/>\nancienne maison du 14e arrondissement<\/strong> avait d\u00e9j\u00e0 \u00e9t\u00e9 vis\u00e9e<br \/>\npar un cambriolage en janvier 2020.<\/p>\n<p>Fran\u00e7ois Hollande et Julie Gayet : leur ancienne demeure et une<br \/>\nvente tr\u00e8s rentable<\/p>\n<p data-start=\"1826\" data-end=\"2141\">Pour rappel, Fran\u00e7ois Hollande<br \/>\net Julie Gayet avaient v\u00e9cu plusieurs ann\u00e9es dans une grande maison<br \/>\ndu quartier Montsouris, dans le 14e arrondissement de Paris. Une<br \/>\nb\u00e2tisse d\u2019environ 200 m\u00b2 avec un jardin de 70 m\u00b2, <strong>achet\u00e9e<br \/>\npar l\u2019actrice pour deux millions d\u2019euros<\/strong> et enti\u00e8rement<br \/>\nr\u00e9nov\u00e9e avec l\u2019ancien chef de l\u2019\u00c9tat. En d\u00e9cembre 2022, bien avant<br \/>\nl\u2019incident r\u00e9cent, le couple avait d\u2019ailleurs d\u00e9cid\u00e9 de vendre ce<br \/>\nbien. Une vente <a href=\"https:\/\/www.closermag.fr\/people\/francois-hollande-et-julie-gayet-le-couple-a-demenage-leur-belle-maison-parisienne-vendue-a-un-prix-faramineux-3230878\" target=\"_blank\" rel=\"noopener\"><br \/>\nqui s\u2019est r\u00e9v\u00e9l\u00e9e tr\u00e8s fructueuse<\/a>. Comme le rapportait<br \/>\nLe Parisien \u00e0 l\u2019\u00e9poque,<br \/>\n<strong>Julie Gayet a empoch\u00e9 3,3 millions d\u2019euros,<\/strong><br \/>\nr\u00e9alisant une belle plus-value apr\u00e8s les travaux men\u00e9s avec<br \/>\nFran\u00e7ois Hollande. Un voisin \u00e9voquait alors une raison inattendue<br \/>\npour leur d\u00e9part : \u201cle bruit<br \/>\nde la soufflerie de l\u2019Institut mutualiste Montsouris\u201d, devenu<br \/>\ndifficile \u00e0 supporter.<\/p>\n<p data-start=\"2624\" data-end=\"2922\">Depuis juillet 2019, <a href=\"https:\/\/www.closermag.fr\/politique\/francois-hollande-pas-la-pour-lancien-president-perd-son-calme-et-ca-fait-du-bruit-3594703\" target=\"_blank\" rel=\"noopener\"><br \/>\nl\u2019ancien pr\u00e9sident<\/a> avait \u00e9lu domicile chez Julie Gayet, et tous<br \/>\ndeux avaient fait de cette maison leur cocon. Mais le couple a<br \/>\nfinalement choisi de tourner la page, <strong>et a quitt\u00e9 cette<br \/>\ndemeure<\/strong> qu\u2019ils avaient pourtant soigneusement r\u00e9nov\u00e9e\u2026 et<br \/>\nd\u00e9j\u00e0 vis\u00e9e une fois par des cambrioleurs. Deux ans plus tard, le<br \/>\ncambriolage du 22 novembre rappelle que m\u00eame les adresses les mieux<br \/>\ngard\u00e9es ne sont jamais totalement \u00e0 l\u2019abri. Heureusement pour le<br \/>\ncouple, l\u2019affaire a \u00e9t\u00e9 rapidement r\u00e9solue et le butin retrouv\u00e9<br \/>\n!<\/p>\n","protected":false},"excerpt":{"rendered":"Fran\u00e7ois Hollande et Julie Gayet ont v\u00e9cu une m\u00e9saventure dont ils se seraient bien pass\u00e9s. Le 22 novembre&hellip;\n","protected":false},"author":2,"featured_media":572031,"comment_status":"","ping_status":"","sticky":false,"template":"","format":"standard","meta":{"footnotes":""},"categories":[1359],"tags":[8936,21303,1174,58,59,1011,27,3082,54186,973,65861],"class_list":{"0":"post-572030","1":"post","2":"type-post","3":"status-publish","4":"format-standard","5":"has-post-thumbnail","7":"category-people","8":"tag-breaking-news","9":"tag-buzz_nonli","10":"tag-cambriolage","11":"tag-divertissement","12":"tag-entertainment","13":"tag-fr","14":"tag-france","15":"tag-francois-hollande","16":"tag-julie-gayet","17":"tag-people","18":"tag-trend"},"share_on_mastodon":{"url":"https:\/\/pubeurope.com\/@fr\/115647236397447919","error":""},"_links":{"self":[{"href":"https:\/\/www.europesays.com\/fr\/wp-json\/wp\/v2\/posts\/572030","targetHints":{"allow":["GET"]}}],"collection":[{"href":"https:\/\/www.europesays.com\/fr\/wp-json\/wp\/v2\/posts"}],"about":[{"href":"https:\/\/www.europesays.com\/fr\/wp-json\/wp\/v2\/types\/post"}],"author":[{"embeddable":true,"href":"https:\/\/www.europesays.com\/fr\/wp-json\/wp\/v2\/users\/2"}],"replies":[{"embeddable":true,"href":"https:\/\/www.europesays.com\/fr\/wp-json\/wp\/v2\/comments?post=572030"}],"version-history":[{"count":0,"href":"https:\/\/www.europesays.com\/fr\/wp-json\/wp\/v2\/posts\/572030\/revisions"}],"wp:featuredmedia":[{"embeddable":true,"href":"https:\/\/www.europesays.com\/fr\/wp-json\/wp\/v2\/media\/572031"}],"wp:attachment":[{"href":"https:\/\/www.europesays.com\/fr\/wp-json\/wp\/v2\/media?parent=572030"}],"wp:term":[{"taxonomy":"category","embeddable":true,"href":"https:\/\/www.europesays.com\/fr\/wp-json\/wp\/v2\/categories?post=572030"},{"taxonomy":"post_tag","embeddable":true,"href":"https:\/\/www.europesays.com\/fr\/wp-json\/wp\/v2\/tags?post=572030"}],"curies":[{"name":"wp","href":"https:\/\/api.w.org\/{rel}","templated":true}]}}