{"id":572032,"date":"2025-12-02T00:52:18","date_gmt":"2025-12-02T00:52:18","guid":{"rendered":"https:\/\/www.europesays.com\/fr\/572032\/"},"modified":"2025-12-02T00:52:18","modified_gmt":"2025-12-02T00:52:18","slug":"cambriolage-du-louvre-la-galerie-dapollon-netait-pas-un-point-de-vigilance","status":"publish","type":"post","link":"https:\/\/www.europesays.com\/fr\/572032\/","title":{"rendered":"Cambriolage du Louvre : la galerie d&rsquo;Apollon n&rsquo;\u00e9tait pas un \u00ab\u00a0point de vigilance\u00a0\u00bb"},"content":{"rendered":"<ul class=\"jsx-862013697 ArticleChapo__List\">\n<li class=\"jsx-862013697 ArticleChapo__List_Item flex\">La pr\u00e9sidente directrice du Louvre a r\u00e9v\u00e9l\u00e9 ce lundi que la galerie d&rsquo;Apollon, au c\u0153ur du cambriolage, n&rsquo;avait pas \u00e9t\u00e9 signal\u00e9e \u00ab\u00a0comme un point de vigilance\u00a0\u00bb.<\/li>\n<li class=\"jsx-862013697 ArticleChapo__List_Item flex\">Depuis le vol, de nombreuses failles de s\u00e9curit\u00e9 ont d\u00e9j\u00e0 \u00e9t\u00e9 d\u00e9voil\u00e9es.<\/li>\n<\/ul>\n<p><a href=\"https:\/\/www.tf1info.fr\/actualite\/des-bijoux-inestimables-derobes-au-musee-du-louvre-14375\/\" rel=\"nofollow noopener\" class=\"jsx-484472199 Link jsx-1428418400 jsx-609604686\" target=\"_blank\"><\/p>\n<p style=\"font-weight:400\" class=\"jsx-1837267516\">Suivez la couverture compl\u00e8te<\/p>\n<p style=\"font-weight:800\" class=\"jsx-1837267516\">Des bijoux inestimables d\u00e9rob\u00e9s au mus\u00e9e du Louvre<\/p>\n<p><\/a><\/p>\n<p data-module=\"article-paragraph\" class=\"jsx-3046738180 Paragraph Paragraph__End\">Une nouvelle faille d\u00e9couverte dans la s\u00e9curit\u00e9 du Louvre ? La galerie d&rsquo;Apollon, th\u00e9\u00e2tre du c\u00e9l\u00e8bre cambriolage le 19 octobre, n&rsquo;avait pas \u00e9t\u00e9 signal\u00e9e \u00e0 la direction \u00ab\u00a0comme un point de vigilance\u00a0\u00bb, a r\u00e9v\u00e9l\u00e9 la pr\u00e9sidente directrice, Laurence des Cars, lundi 1\u1d49\u02b3 d\u00e9cembre <a href=\"https:\/\/www.leparisien.fr\/culture-loisirs\/pour-moi-la-galerie-dapollon-etait-un-dossier-clos-apres-le-casse-la-patronne-du-louvre-prete-a-tenir-le-cap-01-12-2025-HKFW24WFQZGURMF7RJXN3S53YE.php\" rel=\"nofollow noopener\" target=\"_blank\">au Parisien<\/a>. \u00ab\u00a0Pour moi, la galerie d&rsquo;Apollon \u00e9tait un dossier clos\u00a0\u00bb, pr\u00e9cise-t-elle.\u00a0<\/p>\n<p data-module=\"article-paragraph\" class=\"jsx-3046738180 Paragraph\">C&rsquo;est lors de sa prise de poste \u00e0 la fin de l&rsquo;ann\u00e9e 2021 qu&rsquo;on lui assure que \u00ab\u00a0s&rsquo;il y a une chose sur laquelle on peut \u00eatre totalement rassur\u00e9, ce sont les joyaux de la Couronne\u00a0\u00bb, avec \u00ab\u00a0trois nouvelles vitrines solides\u00a0\u00bb remplac\u00e9es lors de r\u00e9novations en 2018-2019, poursuit-elle. \u00ab\u00a0Ce dossier ne m&rsquo;a pas \u00e9t\u00e9 signal\u00e9 comme un point de vigilance\u00a0\u00bb, pr\u00e9cise la pr\u00e9sidente six semaines apr\u00e8s les \u00e9v\u00e9nements.\u00a0<\/p>\n<p data-module=\"article-paragraph\" class=\"jsx-3046738180 Paragraph Paragraph__End\">Un audit r\u00e9alis\u00e9 par le joaillier Van Cleef &amp; Arpels pour le mus\u00e9e avait pourtant d\u00e9crit d\u00e8s 2018 avec pr\u00e9cision la faille potentielle que repr\u00e9sentait le balcon emprunt\u00e9 lors du vol de bijoux, avec un mode op\u00e9ratoire correspondant \u00e0 celui utilis\u00e9 par les voleurs, comme le r\u00e9v\u00e9lait Le Monde une semaine plus t\u00f4t.\u00a0<\/p>\n<blockquote class=\"jsx-2786790838 Quote__Text\"><p>Avec le recul, on mesure que des fragilit\u00e9s structurelles subsistaient <\/p><\/blockquote>\n<p>Laurence des Cars, pr\u00e9sidente directrice du Louvre <\/p>\n<p data-module=\"article-paragraph\" class=\"jsx-3046738180 Paragraph Paragraph__End\">\u00ab\u00a0Cet audit, je l&rsquo;ai d\u00e9couvert le 23 octobre, quatre jours apr\u00e8s le vol, apr\u00e8s ma demande de la remont\u00e9e de toutes les interventions sur 25 ans dans la galerie d&rsquo;Apollon\u00a0\u00bb, assure Laurence des Cars. \u00ab\u00a0Avec le recul, on mesure que des fragilit\u00e9s structurelles subsistaient. Je comprends que cela interroge\u00a0\u00bb, reconna\u00eet-elle , expliquant avoir eu \u00e0 traiter \u00ab\u00a0beaucoup d&rsquo;autres dossiers urgents\u00a0\u00bb \u00e0 son arriv\u00e9e, dans un \u00e9tablissement v\u00e9tuste.<\/p>\n<p data-module=\"article-paragraph\" class=\"jsx-3046738180 Paragraph Paragraph__End\">Ces choix de la direction avaient m\u00eame \u00e9t\u00e9 \u00e9pingl\u00e9s <a href=\"https:\/\/www.tf1info.fr\/societe\/securite-oeuvres-visiteurs-que-retenir-du-severe-rapport-de-la-cour-des-comptes-sur-le-musee-du-louvre-2405106.html\" rel=\"nofollow noopener\" target=\"_blank\">d\u00e9but novembre par la Cour des comptes<\/a> qui avait estim\u00e9 que le mus\u00e9e le plus visit\u00e9 au monde avait \u00ab\u00a0privil\u00e9gi\u00e9 les op\u00e9rations visibles et attractives\u00a0\u00bb au d\u00e9triment de la s\u00e9curit\u00e9. Dans la foul\u00e9e, Laurence des Cars a annonc\u00e9 en novembre l&rsquo;installation de 100 cam\u00e9ras aux abords du mus\u00e9e d&rsquo;ici fin 2026 et d&rsquo;un \u00ab\u00a0poste avanc\u00e9 mobile de la police nationale\u00a0\u00bb pour prot\u00e9ger le mus\u00e9e pendant les p\u00e9riodes d&rsquo;affluence.\u00a0<\/p>\n<p><a href=\"https:\/\/www.tf1info.fr\/justice-faits-divers\/video-vol-de-bijoux-au-louvre-le-materiel-de-securite-a-20-ans-de-retard-deplore-le-senateur-laurent-lafon-2403515.html\" rel=\"nofollow noopener\" class=\"jsx-3308031228 Link flex\" target=\"_blank\"><img decoding=\"async\" src=\"https:\/\/www.europesays.com\/fr\/wp-content\/uploads\/2025\/10\/cambriolage-musee-du-louvre-octobre-2025-74da36-1@1x.jpeg\" alt=\"Laurent Caron \/ Hans Lucas \/ Hans Lucas via AFP\" loading=\"lazy\" importance=\"low\" fetchpriority=\"low\" class=\"\" aria-hidden=\"true\"\/><\/p>\n<p class=\"jsx-3657663356 ReadMoreArticle__Title\">Lire aussi<\/p>\n<p class=\"jsx-3657663356\">Vol de bijoux au Louvre : \u00ab\u00a0Le mat\u00e9riel de s\u00e9curit\u00e9 a 20 ans de retard\u00a0\u00bb, d\u00e9plore le s\u00e9nateur Laurent Lafon<\/p>\n<p><\/a><\/p>\n<p data-module=\"article-paragraph\" class=\"jsx-3046738180 Paragraph Paragraph__End\">Pour financer sa modernisation, le conseil d&rsquo;administration du Louvre a approuv\u00e9 jeudi dernier une hausse de 45% du prix d&rsquo;entr\u00e9e pour les visiteurs extra europ\u00e9ens, soit un billet \u00e0 32 euros, \u00e0 compter de 2026. \u00ab\u00a0Les visiteurs internationaux, notamment les Am\u00e9ricains qui sont la premi\u00e8re nationalit\u00e9 (de visiteurs \u00e9trangers), comprennent tr\u00e8s bien qu&rsquo;ils contribuent ainsi \u00e0 prot\u00e9ger un patrimoine universel. C&rsquo;est une mani\u00e8re d&rsquo;aider le Louvre\u00a0\u00bb, a estim\u00e9 la directrice. Bien que les bijoux demeurent introuvables, Laurence des Cars se dit encore \u00ab\u00a0optimiste\u00a0\u00bb sur l&rsquo;issue de l&rsquo;enqu\u00eate.<\/p>\n<p>Malika CHEKLAL avec AFP <\/p>\n","protected":false},"excerpt":{"rendered":"La pr\u00e9sidente directrice du Louvre a r\u00e9v\u00e9l\u00e9 ce lundi que la galerie d&rsquo;Apollon, au c\u0153ur du cambriolage, n&rsquo;avait&hellip;\n","protected":false},"author":2,"featured_media":572033,"comment_status":"","ping_status":"","sticky":false,"template":"","format":"standard","meta":{"footnotes":""},"categories":[1358],"tags":[1111,11,1921,1348,1384,1385,62336,1386,58,59,1011,27,1922,2041,1072,133,2040],"class_list":{"0":"post-572032","1":"post","2":"type-post","3":"status-publish","4":"format-standard","5":"has-post-thumbnail","7":"category-arts-et-design","8":"tag-actu","9":"tag-actualites","10":"tag-article-video","11":"tag-arts","12":"tag-arts-and-design","13":"tag-arts-et-design","14":"tag-des-bijoux-inestimables-derobes-au-musee-du-louvre","15":"tag-design","16":"tag-divertissement","17":"tag-entertainment","18":"tag-fr","19":"tag-france","20":"tag-info","21":"tag-medias-et-divertissement","22":"tag-police","23":"tag-video","24":"tag-video-culture"},"share_on_mastodon":{"url":"https:\/\/pubeurope.com\/@fr\/115647240888574588","error":""},"_links":{"self":[{"href":"https:\/\/www.europesays.com\/fr\/wp-json\/wp\/v2\/posts\/572032","targetHints":{"allow":["GET"]}}],"collection":[{"href":"https:\/\/www.europesays.com\/fr\/wp-json\/wp\/v2\/posts"}],"about":[{"href":"https:\/\/www.europesays.com\/fr\/wp-json\/wp\/v2\/types\/post"}],"author":[{"embeddable":true,"href":"https:\/\/www.europesays.com\/fr\/wp-json\/wp\/v2\/users\/2"}],"replies":[{"embeddable":true,"href":"https:\/\/www.europesays.com\/fr\/wp-json\/wp\/v2\/comments?post=572032"}],"version-history":[{"count":0,"href":"https:\/\/www.europesays.com\/fr\/wp-json\/wp\/v2\/posts\/572032\/revisions"}],"wp:featuredmedia":[{"embeddable":true,"href":"https:\/\/www.europesays.com\/fr\/wp-json\/wp\/v2\/media\/572033"}],"wp:attachment":[{"href":"https:\/\/www.europesays.com\/fr\/wp-json\/wp\/v2\/media?parent=572032"}],"wp:term":[{"taxonomy":"category","embeddable":true,"href":"https:\/\/www.europesays.com\/fr\/wp-json\/wp\/v2\/categories?post=572032"},{"taxonomy":"post_tag","embeddable":true,"href":"https:\/\/www.europesays.com\/fr\/wp-json\/wp\/v2\/tags?post=572032"}],"curies":[{"name":"wp","href":"https:\/\/api.w.org\/{rel}","templated":true}]}}