{"id":572034,"date":"2025-12-02T00:54:23","date_gmt":"2025-12-02T00:54:23","guid":{"rendered":"https:\/\/www.europesays.com\/fr\/572034\/"},"modified":"2025-12-02T00:54:23","modified_gmt":"2025-12-02T00:54:23","slug":"cyril-hanouna-peine-par-une-interdiction-que-son-service-de-securite-lui-a-impose-on-est-oblige-de-se-fermer","status":"publish","type":"post","link":"https:\/\/www.europesays.com\/fr\/572034\/","title":{"rendered":"Cyril Hanouna \u00ab\u00a0pein\u00e9\u00a0\u00bb par une interdiction que son service de s\u00e9curit\u00e9 lui a impos\u00e9 : \u00ab\u00a0On est oblig\u00e9 de se fermer\u00a0\u00bb"},"content":{"rendered":"<p>Ce lundi 1er d\u00e9cembre 2025, Cyril Hanouna a repris les r\u00eanes de Tout beau, tout neuf diffus\u00e9e sur W9. Alors qu&rsquo;il \u00e9voquait un sujet d&rsquo;actualit\u00e9 avec ses chroniqueurs, il s&rsquo;est confi\u00e9 sur son service de s\u00e9curit\u00e9 qui lui a interdit de faire une chose qu&rsquo;il avait l&rsquo;habitude de faire avec ses fans.<\/p>\n<p>Comme chaque semaine, du lundi au vendredi, Cyril Hanouna est aux commandes de son \u00e9mission Tout beau, tout neuf, qu&rsquo;il pr\u00e9sente depuis septembre dernier sur W9. Avant \u00e7a, il a pr\u00e9sent\u00e9 pendant de nombreuses ann\u00e9es Touche pas \u00e0 mon poste, tout d&rsquo;abord sur France 4 puis sur C8. Mais en f\u00e9vrier dernier, <a href=\"https:\/\/www.programme-tv.net\/news\/tv\/390316-cyril-hanouna-obtient-son-premier-prime-sur-w9-avec-le-retour-d-une-emission-de-c8-decouvrez-la-date-de-diffusion\/\" data-api-deeplink=\"teleloisirs:\/\/news\/390316\" target=\"_blank\" rel=\"noopener\">la cha\u00eene a cess\u00e9 d&rsquo;\u00e9mettre<\/a> apr\u00e8s la d\u00e9cision rendue par <a href=\"https:\/\/www.programme-tv.net\/news\/tv\/372512-cyril-hanouna-sur-w9-fin-du-direct-choix-des-chroniqueurs-comment-le-groupe-m6-veut-eviter-les-sanctions-de-larcom-pour-sa-nouvelle-emission\/\" data-api-deeplink=\"teleloisirs:\/\/news\/372512\" target=\"_blank\" rel=\"noopener\">l&rsquo;ARCOM<\/a>, tout comme NRJ12. Finalement, le pr\u00e9sentateur a su rebondir en d\u00e9barquant sur W9. S&rsquo;il a retrouv\u00e9 certains de ses anciens chroniqueurs, de <a href=\"https:\/\/www.programme-tv.net\/biographie\/75560-maillet-geraldine\/\" data-link-people=\"ed551d46-8ab0-4c95-99cb-6e679875e24c\" target=\"_blank\" rel=\"noopener\">G\u00e9raldine Maillet<\/a> \u00e0 <a href=\"https:\/\/www.programme-tv.net\/biographie\/9864-benaim-valerie\/\" data-link-people=\"94df6d69-972b-4696-b537-3e0e6060c661\" target=\"_blank\" rel=\"noopener\">Val\u00e9rie Bena\u00efm<\/a> en passant par Raymond ou encore <a href=\"https:\/\/www.programme-tv.net\/biographie\/153193-moreau-danielle\/\" data-link-people=\"94f84028-b300-4fc7-a178-f4998bc90f3a\" target=\"_blank\" rel=\"noopener\">Danielle Moreau<\/a>, l&rsquo;animateur s&rsquo;est entour\u00e9 de nouvelles personnes, \u00e0 commencer par <a href=\"https:\/\/www.programme-tv.net\/biographie\/4051101-loustau-shana\/\" data-link-people=\"b34c9ee9-ecb6-4890-93da-db3023df7f3d\" target=\"_blank\" rel=\"noopener\">Shana Loustau<\/a>, qui \u00e9tait sur CNews. Elle fait aussi partie de l&rsquo;aventure Fun Radio, dans <a href=\"https:\/\/www.programme-tv.net\/news\/people\/391005-cyril-hanouna-a-un-nouveau-projet-pour-les-prochains-mois-et-surprend-les-chroniqueurs-de-tout-beau-tout-fun-video\/\" data-api-deeplink=\"teleloisirs:\/\/news\/391005\" target=\"_blank\" rel=\"noopener\">Tout beau, tout fun<\/a>, diffus\u00e9e quotidiennement sur les ondes.<\/p>\n<p>Ce lundi 1er d\u00e9cembre, Cyril Hanouna a retrouv\u00e9 sa bande de chroniqueurs pour un nouveau num\u00e9ro de son \u00e9mission Tout beau, tout neuf. Dans les premi\u00e8res minutes, il a d\u00e9voil\u00e9 <a href=\"https:\/\/www.programme-tv.net\/news\/tv\/393231-les-traitres-sarah-saldmann-raphael-de-casabianca-les-premiers-noms-au-casting-de-la-nouvelle-saison-devoiles-par-cyril-hanouna\/\" data-api-deeplink=\"teleloisirs:\/\/news\/393231\" target=\"_blank\" rel=\"noopener\">les premiers noms au casting <\/a>de la nouvelle saison des Tra\u00eetres. Puis il a \u00e9voqu\u00e9 l&rsquo;actualit\u00e9 du week-end, avec notamment la diffusion sur TF1 de <a href=\"https:\/\/www.programme-tv.net\/news\/tv\/393024-isabelle-ithurburu-revient-le-tournage-de-stars-a-domicile-avec-marine-star-academy-c-est-peut-etre-celle-qui-a-ete-la-plus-emue\/\" data-api-deeplink=\"teleloisirs:\/\/news\/393024\" target=\"_blank\" rel=\"noopener\">Stars \u00e0 domicile<\/a>, vendredi dernier. L&rsquo;agression de <a href=\"https:\/\/www.programme-tv.net\/biographie\/282166-bardella-jordan\/\" data-link-people=\"134fad9e-25e4-4620-8151-0c4abdffa3f1\" target=\"_blank\" rel=\"noopener\">Jordan Bardella<\/a> lors d&rsquo;une s\u00e9ance de d\u00e9dicaces a aussi \u00e9t\u00e9 comment\u00e9e avec la pr\u00e9sence de Bruno Pomart<b> <\/b>qui a parl\u00e9 du service de s\u00e9curit\u00e9 de Cyril Hanouna. \u00ab\u00a0Il est bien prot\u00e9g\u00e9 Cyril\u00a0\u00bb, a-t-il lanc\u00e9. Mais le pr\u00e9sentateur a tenu \u00e0 faire une mise au point importante. \u00ab\u00a0Je le dis aux t\u00e9l\u00e9spectateurs&#8230;\u00a0\u00bb, a-t-il commenc\u00e9.<\/p>\n<p>Tout beau, tout neuf : Cyril Hanouna \u00ab\u00a0pein\u00e9\u00a0\u00bb par une interdiction que son service de s\u00e9curit\u00e9 lui a demand\u00e9 de respecter<\/p>\n<p>Et de poursuivre : \u00ab\u00a0\u00c7a me fait de la peine parce qu&rsquo;il y a beaucoup de gens qui m&rsquo;attendent \u00e0 la fin de l&rsquo;\u00e9mission, et ma s\u00e9curit\u00e9 m&rsquo;interdit m\u00eame d&rsquo;aller au contact&#8230; On est oblig\u00e9 de se fermer et \u00e7a me fait ch*** parce que j&rsquo;adorais parler, passer des moments avec vous etc. et aujourd&rsquo;hui, \u00e0 cause de gars comme \u00e7a, je suis oblig\u00e9 de tracer et ma s\u00e9curit\u00e9 ne veut pas du tout que je m&rsquo;arr\u00eate\u00a0\u00bb.<\/p>\n","protected":false},"excerpt":{"rendered":"Ce lundi 1er d\u00e9cembre 2025, Cyril Hanouna a repris les r\u00eanes de Tout beau, tout neuf diffus\u00e9e sur&hellip;\n","protected":false},"author":2,"featured_media":572035,"comment_status":"","ping_status":"","sticky":false,"template":"","format":"standard","meta":{"footnotes":""},"categories":[1356],"tags":[244,1083,58,59,1011,27,252,22497,49534,1364,2395,1630],"class_list":{"0":"post-572034","1":"post","2":"type-post","3":"status-publish","4":"format-standard","5":"has-post-thumbnail","7":"category-television","8":"tag-commentaire","9":"tag-cyril-hanouna","10":"tag-divertissement","11":"tag-entertainment","12":"tag-fr","13":"tag-france","14":"tag-television","15":"tag-tout-beau","16":"tag-tout-n9uf","17":"tag-tv","18":"tag-w9","19":"tag-zapping"},"share_on_mastodon":{"url":"https:\/\/pubeurope.com\/@fr\/115647248241713045","error":""},"_links":{"self":[{"href":"https:\/\/www.europesays.com\/fr\/wp-json\/wp\/v2\/posts\/572034","targetHints":{"allow":["GET"]}}],"collection":[{"href":"https:\/\/www.europesays.com\/fr\/wp-json\/wp\/v2\/posts"}],"about":[{"href":"https:\/\/www.europesays.com\/fr\/wp-json\/wp\/v2\/types\/post"}],"author":[{"embeddable":true,"href":"https:\/\/www.europesays.com\/fr\/wp-json\/wp\/v2\/users\/2"}],"replies":[{"embeddable":true,"href":"https:\/\/www.europesays.com\/fr\/wp-json\/wp\/v2\/comments?post=572034"}],"version-history":[{"count":0,"href":"https:\/\/www.europesays.com\/fr\/wp-json\/wp\/v2\/posts\/572034\/revisions"}],"wp:featuredmedia":[{"embeddable":true,"href":"https:\/\/www.europesays.com\/fr\/wp-json\/wp\/v2\/media\/572035"}],"wp:attachment":[{"href":"https:\/\/www.europesays.com\/fr\/wp-json\/wp\/v2\/media?parent=572034"}],"wp:term":[{"taxonomy":"category","embeddable":true,"href":"https:\/\/www.europesays.com\/fr\/wp-json\/wp\/v2\/categories?post=572034"},{"taxonomy":"post_tag","embeddable":true,"href":"https:\/\/www.europesays.com\/fr\/wp-json\/wp\/v2\/tags?post=572034"}],"curies":[{"name":"wp","href":"https:\/\/api.w.org\/{rel}","templated":true}]}}