{"id":572036,"date":"2025-12-02T00:55:20","date_gmt":"2025-12-02T00:55:20","guid":{"rendered":"https:\/\/www.europesays.com\/fr\/572036\/"},"modified":"2025-12-02T00:55:20","modified_gmt":"2025-12-02T00:55:20","slug":"nouvelle-ere-musicale-pour-joyce-jonathan-avec-comme-dhab","status":"publish","type":"post","link":"https:\/\/www.europesays.com\/fr\/572036\/","title":{"rendered":"Nouvelle \u00e8re musicale pour Joyce Jonathan avec \u00ab\u00a0Comme d&rsquo;hab\u00a0\u00bb"},"content":{"rendered":"<p>Du haut de ses 15 ans de carri\u00e8re, et de ses tubes\u00a0<b>\u00ab\u00a0Pas besoin de toi\u00a0\u00bb<\/b>,\u00a0<b>\u00ab\u00a0Je ne sais pas\u00a0\u00bb<\/b>,\u00a0<b>\u00ab\u00a0\u00c7a ira\u00a0\u00bb<\/b>,\u00a0<b>Joyce\u00a0Jonathan<\/b>\u00a0vit une grande histoire d\u2019amour avec le public fran\u00e7ais. Apr\u00e8s avoir pass\u00e9\u00a0une grande partie de ces trois derni\u00e8res ann\u00e9es en Chine, o\u00f9 sa carri\u00e8re a pris un v\u00e9ritable tournant, elle est de retour avec le single\u00a0<b>\u00ab\u00a0Comme d\u2019hab\u00a0\u00bb<\/b>. Un titre\u00a0dans lequel elle confesse son penchant intime pour toutes ces histoires d\u2019amour qu\u2019on sait perdues d\u2019avance mais qu\u2019on vit quand m\u00eame, quitte \u00e0 se br\u00fbler les ailes. Ce titre est annonciateur d&rsquo;un nouvel album pour la chanteuse pr\u00e9vu pour 2026. Un disque qu&rsquo;elle souhaite plus \u00ab\u00a0introspectif\u00a0\u00bb et qui refl\u00e8tera les deux derni\u00e8res ann\u00e9es de sa vie et son \u00e9volution personnelle.<\/p>\n","protected":false},"excerpt":{"rendered":"Du haut de ses 15 ans de carri\u00e8re, et de ses tubes\u00a0\u00ab\u00a0Pas besoin de toi\u00a0\u00bb,\u00a0\u00ab\u00a0Je ne sais pas\u00a0\u00bb,\u00a0\u00ab\u00a0\u00c7a&hellip;\n","protected":false},"author":2,"featured_media":572037,"comment_status":"","ping_status":"","sticky":false,"template":"","format":"standard","meta":{"footnotes":""},"categories":[1355],"tags":[58,59,1011,27,1361,873],"class_list":{"0":"post-572036","1":"post","2":"type-post","3":"status-publish","4":"format-standard","5":"has-post-thumbnail","7":"category-musique","8":"tag-divertissement","9":"tag-entertainment","10":"tag-fr","11":"tag-france","12":"tag-music","13":"tag-musique"},"share_on_mastodon":{"url":"https:\/\/pubeurope.com\/@fr\/115647252212495541","error":""},"_links":{"self":[{"href":"https:\/\/www.europesays.com\/fr\/wp-json\/wp\/v2\/posts\/572036","targetHints":{"allow":["GET"]}}],"collection":[{"href":"https:\/\/www.europesays.com\/fr\/wp-json\/wp\/v2\/posts"}],"about":[{"href":"https:\/\/www.europesays.com\/fr\/wp-json\/wp\/v2\/types\/post"}],"author":[{"embeddable":true,"href":"https:\/\/www.europesays.com\/fr\/wp-json\/wp\/v2\/users\/2"}],"replies":[{"embeddable":true,"href":"https:\/\/www.europesays.com\/fr\/wp-json\/wp\/v2\/comments?post=572036"}],"version-history":[{"count":0,"href":"https:\/\/www.europesays.com\/fr\/wp-json\/wp\/v2\/posts\/572036\/revisions"}],"wp:featuredmedia":[{"embeddable":true,"href":"https:\/\/www.europesays.com\/fr\/wp-json\/wp\/v2\/media\/572037"}],"wp:attachment":[{"href":"https:\/\/www.europesays.com\/fr\/wp-json\/wp\/v2\/media?parent=572036"}],"wp:term":[{"taxonomy":"category","embeddable":true,"href":"https:\/\/www.europesays.com\/fr\/wp-json\/wp\/v2\/categories?post=572036"},{"taxonomy":"post_tag","embeddable":true,"href":"https:\/\/www.europesays.com\/fr\/wp-json\/wp\/v2\/tags?post=572036"}],"curies":[{"name":"wp","href":"https:\/\/api.w.org\/{rel}","templated":true}]}}