{"id":572040,"date":"2025-12-02T00:58:30","date_gmt":"2025-12-02T00:58:30","guid":{"rendered":"https:\/\/www.europesays.com\/fr\/572040\/"},"modified":"2025-12-02T00:58:30","modified_gmt":"2025-12-02T00:58:30","slug":"les-premieres-injections-dun-nouveau-traitement-contre-le-vih-vont-debuter-en-afrique-01-12-2025-a-1720","status":"publish","type":"post","link":"https:\/\/www.europesays.com\/fr\/572040\/","title":{"rendered":"Les premi\u00e8res injections d&rsquo;un nouveau traitement contre le VIH vont d\u00e9buter en Afrique &#8211; 01\/12\/2025 \u00e0 17:20"},"content":{"rendered":"<p>        <img decoding=\"async\" src=\"https:\/\/www.europesays.com\/fr\/wp-content\/uploads\/2025\/12\/42b547c1e2d9ef181a8492838eff0a94-760x507.jpg\" alt=\"Photo diffus\u00e9e le 19 septembre 2025 par Unitaid\/Gilead Sciences Inc. montrant la version g\u00e9n\u00e9rique du nouveau traitement pr\u00e9ventif du VIH, le l\u00e9nacapavir injectable ( GILEAD SCIENCES, INC \/ - )\" loading=\"eager\" fetchpriority=\"high\" width=\"760\" height=\"507\" style=\"max-width: 100%!important; height: auto;\"\/><\/p>\n<p class=\"c-image-news__legend\">Photo diffus\u00e9e le 19 septembre 2025 par Unitaid\/Gilead Sciences Inc. montrant la version g\u00e9n\u00e9rique du nouveau traitement pr\u00e9ventif du VIH, le l\u00e9nacapavir injectable ( GILEAD SCIENCES, INC \/ &#8211; )<\/p>\n<p>\n L&rsquo;Afrique du Sud, l&rsquo;Eswatini et la Zambie ont commenc\u00e9 lundi \u00e0 administrer les premi\u00e8res doses d&rsquo;un traitement pr\u00e9ventif du VIH, ce qui constitue la premi\u00e8re utilisation de ce m\u00e9dicament tr\u00e8s prometteur en Afrique, continent le plus touch\u00e9 par la pand\u00e9mie.\n<\/p>\n<p>\n Le lenacapavir est un nouveau traitement injectable contre le VIH qui ne doit \u00eatre pris que deux fois par an. Selon les experts, il repr\u00e9sente un progr\u00e8s immense par rapport aux traitements n\u00e9cessitant la prise d&rsquo;une pilule quotidienne.\n<\/p>\n<p>\n Des \u00e9tudes ont montr\u00e9 qu&rsquo;il r\u00e9duisait de 99,9% les risques de transmission et prouv\u00e9 son innocuit\u00e9. Fabriqu\u00e9 par le laboratoire am\u00e9ricain Gilead Sciences, le lenacapavir pourrait r\u00e9duire consid\u00e9rablement le nombre de nouvelles infections par le VIH, en particulier chez les femmes enceintes et allaitantes.\n<\/p>\n<p>\n \u00ab\u00a0Les premi\u00e8res personnes ont commenc\u00e9 \u00e0 utiliser le lenacapavir pour la pr\u00e9vention du VIH en Afrique du Sud\u00a0\u00bb, constituant \u00ab\u00a0une des premi\u00e8res utilisations r\u00e9elles\u00a0\u00bb du traitement \u00ab\u00a0dans les pays \u00e0 revenu faible et interm\u00e9diaire\u00a0\u00bb, a indiqu\u00e9 Unitaid, organisation internationale visant \u00e0 lutter \u00e0 moindre co\u00fbt contre les maladies dans les pays pauvres.\n<\/p>\n<p>\n Un adulte sur cinq vit avec le VIH en Afrique du Sud.\n<\/p>\n<p>\n Il n&rsquo;a pas \u00e9t\u00e9 pr\u00e9cis\u00e9 combien de personnes ont re\u00e7u les premi\u00e8res doses du m\u00e9dicament, dans le cadre de cette distribution supervis\u00e9e par l&rsquo;Universit\u00e9 Wits en vue de prochains d\u00e9ploiements \u00e0 l&rsquo;\u00e9chelle nationale, en Afrique du Sud et dans d&rsquo;autres pays.\n<\/p>\n<p>\n Le lenacavapir co\u00fbte 28.000 dollars par personne et par an aux Etats-Unis. Des g\u00e9n\u00e9riques devraient \u00eatre disponibles pour 40 dollars par an dans plus d&rsquo;une centaine de pays d\u00e8s 2027, ont annonc\u00e9 en septembre Unitaid et la fondation am\u00e9ricaine Gates.\n<\/p>\n<p>\n Deux autres pays d&rsquo;Afrique australe, la Zambie et l&rsquo;Eswatini, ont re\u00e7u le mois dernier un millier de doses, financ\u00e9es par un programme du gouvernement am\u00e9ricain et devaient commencer \u00e0 administrer le m\u00e9dicament lors des c\u00e9r\u00e9monies de la Journ\u00e9e mondiale du sida lundi, selon des sources officielles.\n<\/p>\n<p>\n Dans le cadre du programme, le fabricant Gilead Science a accept\u00e9 de fournir le lenacapavir sans profit \u00e0 deux millions de personnes pendant trois ans dans les pays fortement touch\u00e9s par le VIH.\n<\/p>\n<p>\n Les critiques soulignent toutefois que cela est bien en de\u00e7\u00e0 des besoins r\u00e9els et que le prix du march\u00e9 est hors de port\u00e9e pour la plupart des gens.\n<\/p>\n<p>\n Les Etats-Unis, \u00e0 couteaux tir\u00e9s avec Pretoria sur plusieurs sujets depuis le retour de Donald Trump \u00e0 la Maison Blanche, ont annonc\u00e9 qu&rsquo;ils ne financeraient pas la fourniture de doses \u00e0 l&rsquo;Afrique du Sud.\n<\/p>\n<p>\n \u00ab\u00a0Nous encourageons \u00e9videmment chaque pays, particuli\u00e8rement des pays comme l&rsquo;Afrique du Sud qui disposent par eux-m\u00eames de moyens suffisants, \u00e0 financer (l&rsquo;achat) des doses pour leur propre population\u00a0\u00bb, a d\u00e9clar\u00e9 mi-novembre \u00e0 la presse \u00e0 Washington Jeremy Lewin, un haut responsable du d\u00e9partement d&rsquo;Etat.\n<\/p>\n<p>\n L&rsquo;Afrique de l&rsquo;Est et l&rsquo;Afrique australe repr\u00e9sentent environ 52% des 40,8 millions de personnes vivant avec le VIH dans le monde, selon les donn\u00e9es de l&rsquo;Onusida pour 2024.<\/p>\n","protected":false},"excerpt":{"rendered":"Photo diffus\u00e9e le 19 septembre 2025 par Unitaid\/Gilead Sciences Inc. montrant la version g\u00e9n\u00e9rique du nouveau traitement pr\u00e9ventif&hellip;\n","protected":false},"author":2,"featured_media":572041,"comment_status":"","ping_status":"","sticky":false,"template":"","format":"standard","meta":{"footnotes":""},"categories":[10],"tags":[400,398,408,405,1011,27,72,403,402,399,404,71,401,406,407],"class_list":{"0":"post-572040","1":"post","2":"type-post","3":"status-publish","4":"format-standard","5":"has-post-thumbnail","7":"category-sante","8":"tag-action-cac-40","9":"tag-bourse-de-paris","10":"tag-boursorama","11":"tag-cotations","12":"tag-fr","13":"tag-france","14":"tag-health","15":"tag-indices-devises","16":"tag-investir","17":"tag-investissement","18":"tag-marche-boursier","19":"tag-sante","20":"tag-sicav","21":"tag-trackers","22":"tag-warrants"},"share_on_mastodon":{"url":"https:\/\/pubeurope.com\/@fr\/115647264147667597","error":""},"_links":{"self":[{"href":"https:\/\/www.europesays.com\/fr\/wp-json\/wp\/v2\/posts\/572040","targetHints":{"allow":["GET"]}}],"collection":[{"href":"https:\/\/www.europesays.com\/fr\/wp-json\/wp\/v2\/posts"}],"about":[{"href":"https:\/\/www.europesays.com\/fr\/wp-json\/wp\/v2\/types\/post"}],"author":[{"embeddable":true,"href":"https:\/\/www.europesays.com\/fr\/wp-json\/wp\/v2\/users\/2"}],"replies":[{"embeddable":true,"href":"https:\/\/www.europesays.com\/fr\/wp-json\/wp\/v2\/comments?post=572040"}],"version-history":[{"count":0,"href":"https:\/\/www.europesays.com\/fr\/wp-json\/wp\/v2\/posts\/572040\/revisions"}],"wp:featuredmedia":[{"embeddable":true,"href":"https:\/\/www.europesays.com\/fr\/wp-json\/wp\/v2\/media\/572041"}],"wp:attachment":[{"href":"https:\/\/www.europesays.com\/fr\/wp-json\/wp\/v2\/media?parent=572040"}],"wp:term":[{"taxonomy":"category","embeddable":true,"href":"https:\/\/www.europesays.com\/fr\/wp-json\/wp\/v2\/categories?post=572040"},{"taxonomy":"post_tag","embeddable":true,"href":"https:\/\/www.europesays.com\/fr\/wp-json\/wp\/v2\/tags?post=572040"}],"curies":[{"name":"wp","href":"https:\/\/api.w.org\/{rel}","templated":true}]}}