{"id":572043,"date":"2025-12-02T01:00:23","date_gmt":"2025-12-02T01:00:23","guid":{"rendered":"https:\/\/www.europesays.com\/fr\/572043\/"},"modified":"2025-12-02T01:00:23","modified_gmt":"2025-12-02T01:00:23","slug":"anouk-en-plein-craquage-avant-son-concert-avec-ed","status":"publish","type":"post","link":"https:\/\/www.europesays.com\/fr\/572043\/","title":{"rendered":"Anouk en plein craquage avant son concert avec Ed &#8230;"},"content":{"rendered":"<p>EN BREF<\/p>\n<ul class=\"bloc_resume_post_list\">\n<li>Le 1er d\u00e9cembre, Anouk, \u00e9l\u00e8ve de la Star Academy,<br \/>\nchantera avec Ed Sheeran au Z\u00e9nith de Paris.<\/li>\n<li>Choisie par Ed Sheeran apr\u00e8s des auditions, Anouk se<br \/>\npr\u00e9pare pour ce moment unique sous haute pression.<\/li>\n<li>Malgr\u00e9 le soutien de ses camarades, Anouk ressent une<br \/>\ngrande nervosit\u00e9 avant de monter sur sc\u00e8ne.<\/li>\n<\/ul>\n<p>C\u2019est une soir\u00e9e sous haute presse pour Anouk\u00a0! L\u2019\u00e9l\u00e8ve de<br \/>\nla Star academy a \u00e9t\u00e9 choisie par Ed Sheeran pour chanter \u00e0 ses<br \/>\nc\u00f4t\u00e9s au Z\u00e9nith de Paris. Le parrain de la saison<\/p>\n<p>Avant de prendre la route vers la salle mythique de la capitale,<br \/>\nla candidate est apparue tr\u00e8s tendue dans le live de la Star<br \/>\nacademy, diffus\u00e9 sur TF1+.<\/p>\n<p>Star Academy : Anouk choisie pour chanter avec Ed Sheeran au<br \/>\nZ\u00e9nith<\/p>\n<p>C\u00a0\u00bbest une soir\u00e9e sous haute pression qui attend <a href=\"https:\/\/www.telestar.fr\/tele_realite\/star-academy-2025-qui-danouk-ou-theo-p-a-remporte-limmunite-lors-du-prime-du-29-novembre-1747101\" target=\"_blank\" rel=\"noopener\"><br \/>\nAnouk<\/a>. Le parrain de la promotion 2025, Ed Sheeran, a choisi<br \/>\nl&rsquo;acad\u00e9micienne pour partager un moment sur sc\u00e8ne, lors de son<br \/>\nconcert au Z\u00e9nith ce 1er d\u00e9cembre. Avant de prendre la route, la<br \/>\ncandidate est apparue particuli\u00e8rement tendue dans le live de la<br \/>\nStar Academy diffus\u00e9 sur TF1+. Depuis l\u2019\u00e9limination de<br \/>\nTh\u00e9o L. lors de la semaine des destins li\u00e9s, le rythme s\u2019est<br \/>\nacc\u00e9l\u00e9r\u00e9 pour les \u00e9l\u00e8ves encore en lice.<\/p>\n<p>Ce lundi 1er d\u00e9cembre, ils ont entam\u00e9 une semaine sp\u00e9ciale<br \/>\nd\u00e9di\u00e9e \u00e0 la com\u00e9die musicale. Lors des \u00e9valuations, <a href=\"https:\/\/www.telestar.fr\/tele_realite\/star-academy-2025-semaine-tres-speciale-pour-les-candidats-encore-en-lice-les-revelations-de-michael-goldman-1747120\" target=\"_blank\" rel=\"noopener\"><br \/>\nMichael Goldman<\/a> leur a demand\u00e9 de mettre en sc\u00e8ne une v\u00e9ritable<br \/>\nperformance. Mais l\u2019autre \u00e9v\u00e9nement du jour \u00e9tait l\u2019annonce de<br \/>\nl\u2019\u00e9l\u00e8ve qui rejoindra <a href=\"https:\/\/www.telestar.fr\/tele_realite\/star-academy-2025-qui-a-gagne-le-duo-avec-ed-sheeran-1747149\" target=\"_blank\" rel=\"noopener\"><br \/>\nEd Sheeran<\/a> sur sc\u00e8ne, au Z\u00e9nith, pour chanter avec le parrain<br \/>\nde la saison. Apr\u00e8s des auditions tr\u00e8s suivies, le chanteur<br \/>\nbritannique a finalement choisi Anouk.<\/p>\n<blockquote class=\"twitter-tweet\"><p><a class=\"twitter-link\" rel=\"noindex, nofollow noopener\" href=\"https:\/\/twitter.com\/RomainActuTV\/status\/1995549508428546338\" target=\"_blank\"><\/p><\/blockquote>\n<p>Star academy : Anouk submerg\u00e9e par le<br \/>\nstress<\/p>\n<p>Dans une lettre lue dimanche, l\u2019artiste international avait<br \/>\n\u00e9crit : \u00ab\u00a0La candidate que j&rsquo;ai choisie pour chanter avec moi au<br \/>\nZ\u00e9nith est Anouk. Je sais que cette audition n&rsquo;a pas \u00e9t\u00e9 facile,<br \/>\nmais <strong>tu as \u00e9t\u00e9 fantastique<\/strong>. Je suis impatient de<br \/>\npartager ce moment avec toi.\u00a0\u00bb De quoi bouleverser la jeune<br \/>\nfemme\u2026 mais aussi lui mettre une pression immense. Au moment de<br \/>\nquitter le chateau, Anouk a fait part \u00e0 ses camarades de ses<br \/>\nangoisses. \u00ab\u00a0<strong>J&rsquo;ai l&rsquo;impression d&rsquo;oublier un<br \/>\ntruc<\/strong>\u00ab\u00a0, a-t-elle soupir\u00e9, visiblement nerveuse. Les<br \/>\nautres acad\u00e9miciens ont alors tent\u00e9 de la rassurer. Th\u00e9o P lui a<br \/>\ngliss\u00e9 : \u00ab\u00a0Profite \u00e0 fond, c&rsquo;est un <strong>moment<br \/>\nunique<\/strong> dans ta vie\u00a0\u00bb. L\u00e9o, lui, a \u00e9voqu\u00e9 la<br \/>\npersonnalit\u00e9 bienveillante de la star : \u00ab\u00a0<strong>Ce mec est<br \/>\ndans le partage de malade<\/strong>. Si \u00e0 un moment, tu te sens<br \/>\nstress\u00e9e, tu le regardes. Il va tellement t&rsquo;apporter de ouf. La<br \/>\nconnexion est hyper facile avec lui.\u00a0\u00bb<\/p>\n<p>Mais la jeune femme n\u2019a pas r\u00e9ussi \u00e0 se calmer. \u00ab\u00a0J&rsquo;oublie<br \/>\npas un truc ? Y a pas un truc auquel je dois penser ?\u00a0\u00bb,<br \/>\na-t-elle insist\u00e9. Jeanne, \u00e0 son tour, a tent\u00e9 de la recentrer :<br \/>\n\u00ab\u00a0Tu as ta voix, c&rsquo;est ta voix le plus important.\u00a0\u00bb Avant de<br \/>\nmonter dans le van direction Paris, Anouk a lanc\u00e9 un dernier<br \/>\nmessage \u00e0 ses camarades : \u00ab\u00a0J&rsquo;ai h\u00e2te de vous revoir ce<br \/>\nsoir\u00a0\u00bb.\u00a0<\/p>\n<p><script async src=\"https:\/\/platform.twitter.com\/widgets.js\" charset=\"utf-8\"><\/script><\/p>\n","protected":false},"excerpt":{"rendered":"EN BREF Le 1er d\u00e9cembre, Anouk, \u00e9l\u00e8ve de la Star Academy, chantera avec Ed Sheeran au Z\u00e9nith de&hellip;\n","protected":false},"author":2,"featured_media":572044,"comment_status":"","ping_status":"","sticky":false,"template":"","format":"standard","meta":{"footnotes":""},"categories":[8],"tags":[548,58,59,1011,27,5095],"class_list":{"0":"post-572043","1":"post","2":"type-post","3":"status-publish","4":"format-standard","5":"has-post-thumbnail","7":"category-divertissement","8":"tag-article-simple","9":"tag-divertissement","10":"tag-entertainment","11":"tag-fr","12":"tag-france","13":"tag-star-academy"},"share_on_mastodon":{"url":"https:\/\/pubeurope.com\/@fr\/115647271616965055","error":""},"_links":{"self":[{"href":"https:\/\/www.europesays.com\/fr\/wp-json\/wp\/v2\/posts\/572043","targetHints":{"allow":["GET"]}}],"collection":[{"href":"https:\/\/www.europesays.com\/fr\/wp-json\/wp\/v2\/posts"}],"about":[{"href":"https:\/\/www.europesays.com\/fr\/wp-json\/wp\/v2\/types\/post"}],"author":[{"embeddable":true,"href":"https:\/\/www.europesays.com\/fr\/wp-json\/wp\/v2\/users\/2"}],"replies":[{"embeddable":true,"href":"https:\/\/www.europesays.com\/fr\/wp-json\/wp\/v2\/comments?post=572043"}],"version-history":[{"count":0,"href":"https:\/\/www.europesays.com\/fr\/wp-json\/wp\/v2\/posts\/572043\/revisions"}],"wp:featuredmedia":[{"embeddable":true,"href":"https:\/\/www.europesays.com\/fr\/wp-json\/wp\/v2\/media\/572044"}],"wp:attachment":[{"href":"https:\/\/www.europesays.com\/fr\/wp-json\/wp\/v2\/media?parent=572043"}],"wp:term":[{"taxonomy":"category","embeddable":true,"href":"https:\/\/www.europesays.com\/fr\/wp-json\/wp\/v2\/categories?post=572043"},{"taxonomy":"post_tag","embeddable":true,"href":"https:\/\/www.europesays.com\/fr\/wp-json\/wp\/v2\/tags?post=572043"}],"curies":[{"name":"wp","href":"https:\/\/api.w.org\/{rel}","templated":true}]}}