{"id":572049,"date":"2025-12-02T01:05:15","date_gmt":"2025-12-02T01:05:15","guid":{"rendered":"https:\/\/www.europesays.com\/fr\/572049\/"},"modified":"2025-12-02T01:05:15","modified_gmt":"2025-12-02T01:05:15","slug":"politiquement-dechire-israel-refuse-tout-examen-de-conscience-sur-gaza-mediapart","status":"publish","type":"post","link":"https:\/\/www.europesays.com\/fr\/572049\/","title":{"rendered":"Politiquement d\u00e9chir\u00e9, Isra\u00ebl refuse tout examen de conscience sur Gaza &#8211; Mediapart"},"content":{"rendered":"<ol>\n<li><a href=\"https:\/\/news.google.com\/rss\/articles\/CBMiwgFBVV95cUxNX1hNb01ZTUIwOFNESlh0V1NqY2dEZEF0UmdJZDZWTWNOaXFjQ1JqTGNRU0o4QS1yLW9XbGJBU0FsSUozUXdZb0hhd3d5ZE1qeHpCalR4X0gzWm1FaDJsLU1xVFhpS2hWcHhjVnBQRUd6OHlfZEVCUFFnR1pBYlBPdVNOZWpkc3ZwQ2ZzX3d2SC1XQlBlV1hTQklaY2VSZ0RWVmtGVXlNbHlSUncyWlN2ZUYtVkktLW9LVHZMZVloLTFWZw?oc=5\" target=\"_blank\" rel=\"noopener\">Politiquement d\u00e9chir\u00e9, Isra\u00ebl refuse tout examen de conscience sur Gaza<\/a>&nbsp;&nbsp;Mediapart<\/li>\n<li><a href=\"https:\/\/news.google.com\/rss\/articles\/CBMi-wFBVV95cUxPS2ljOGR4YmtCZFBpV1Y4UkFLVXFnSzJsc2dYdkQ3N21iWVQyNWtMMEhqVF9UMFhjVWtEWEFHZVlqOGZLSWdQdUsydE14cTFMY2hfSE1jcVJRU3FaeEFGVTZoYk9ubW8xX2JlVXBEWmdGOWRiTS05Y05QSDE3SGlSenVBdjhYTVVjYW9GeVJtYmFGdUVNZ0lsbDM3dTFGb2RDdDNxQlRoVC13YUxWT3ZpT0QyZFN6UHRzYmpiTF9EQTBjVmtSOVJRekE5SGdiaUlJQU1WWlFIekMxWmpTVE5QM1dIblBkeUpSdUg2OWg2T2psWndpNHdtbC1Jcw?oc=5\" target=\"_blank\" rel=\"noopener\">Demande de gr\u00e2ce de Benjamin Netanyahou : sous pression, le pr\u00e9sident isra\u00e9lien Isaac Herzog r\u00e9pond<\/a>&nbsp;&nbsp;Sud Ouest<\/li>\n<li><a href=\"https:\/\/news.google.com\/rss\/articles\/CBMi6gFBVV95cUxQb2dIa2VZMm54UmE2Y01keDZucFBsMVlTQXJlZGRYOWVZZkpydWstX3hSUlVUMGFoMzBSd0hqd1NpaUlzdVJjM0I1TDN2VGdaeW5Nc243bFp2ZjU3WmJqVjNQWWhYMXJxQ3ZrVnlpdDZIUTBDTzBFOGI0NVBYYUxoOTQ2ZVlfTzBBVVlsZ3RCTjhWRG0yUXBmcWtIVTFpaVA4bEVMOUw2dG1Rd19heW9iS0NvblItb1JBNjhPX3B4M1dlMVV1NVBxWXc0OXEyR2VkQjRYRlI3V28wSEwwTHFicnpkVmlRblpCNGc?oc=5\" target=\"_blank\" rel=\"noopener\">N\u00e9tanyahou demande la gr\u00e2ce pr\u00e9sidentielle : \u201cOn ne sait plus trop s\u2019il faut rire ou pleurer\u201d<\/a>&nbsp;&nbsp;Courrier international<\/li>\n<li><a href=\"https:\/\/news.google.com\/rss\/articles\/CBMilwJBVV95cUxNbUlnV1dnNTN0LUNVLUtFc1hHaU9SOXdaQUFFU29nTy03MVpvQXV1SVRlS05DTGY0SFplb3ZHeTZSU2hUUnBmVy1ieTR5S0lfYVJTUnVmWnotd2Rkdzh4NnZDSUM5Y29YUm13LU50VGkwYnh3aHdlN2JTWlM5Zlo0VmI0Rld3eHE0bzBZOWU4Mk5nbFJxMnJZSWQ5em1UQ2FjVllRMlZ6NzdwSUtGSGQ4Q2VPTGNFc3Z6aXR3dXV0dnpNZnJSVjdrdFpmM0xnV1R4M2psYnMtbS1DNUpPdDlucDNWSkhhaDRJLXMyT3VaR3k1WmJxQnNtYnhoaFpFOVFoNzNiaUVrdmI3Sy11NWdHMmlhaDNTeTg?oc=5\" target=\"_blank\" rel=\"noopener\">Benyamin N\u00e9tanyahou demande sa gr\u00e2ce au pr\u00e9sident isra\u00e9lien, Isaac Herzog, et pr\u00e9pare la campagne pour sa r\u00e9\u00e9lection<\/a>&nbsp;&nbsp;Le Monde.fr<\/li>\n<li><a href=\"https:\/\/news.google.com\/rss\/articles\/CBMi6wFBVV95cUxOOHVVdnpBUHVVUjJfN1BQY3pyTGtHSFVGZk1Ca3NFQzlicC00TVJlX3BmamlwUV8xV3pqWTRxbnA5d3ZqcmJSNnFzbDRqUDBiTU1CVS15WHVYcUFQMmpuMF81dTBEQy1mMFgyNWpIR1lBaDZkUXRITTdORk9lQ2xZRUNCakxDWHBmUzREUUZYMHRhMlFGT0ZCU2pNWjQzeVFqOEgyb1RzSU84dWl3bWZzaWVLTjN5V0ZYVWdXVjRyYU9oeGZzaGQ2YThqUTQ1am0tRnltbHhIVlRuc19NTWU3VWJqVTJjT2llQTNr?oc=5\" target=\"_blank\" rel=\"noopener\">\u00abNous veillerons \u00e0 ce qu\u2019il purge sa peine\u00bb: des Isra\u00e9liens manifestent contre la gr\u00e2ce demand\u00e9e par Netanyahou<\/a>&nbsp;&nbsp;Le Figaro<\/li>\n<\/ol>\n","protected":false},"excerpt":{"rendered":"Politiquement d\u00e9chir\u00e9, Isra\u00ebl refuse tout examen de conscience sur Gaza&nbsp;&nbsp;Mediapart Demande de gr\u00e2ce de Benjamin Netanyahou : sous&hellip;\n","protected":false},"author":2,"featured_media":572050,"comment_status":"","ping_status":"","sticky":false,"template":"","format":"standard","meta":{"footnotes":""},"categories":[5],"tags":[11,952,1770,1011,27,665,9267,5106,14,664,12,31,28],"class_list":{"0":"post-572049","1":"post","2":"type-post","3":"status-publish","4":"format-standard","5":"has-post-thumbnail","7":"category-international","8":"tag-actualites","9":"tag-benyamin-netanyahou","10":"tag-corruption","11":"tag-fr","12":"tag-france","13":"tag-gaza","14":"tag-genocide","15":"tag-guerre-au-proche-orient","16":"tag-international","17":"tag-israel","18":"tag-news","19":"tag-proche-et-moyen-orient","20":"tag-world"},"share_on_mastodon":{"url":"https:\/\/pubeurope.com\/@fr\/115647291291182803","error":""},"_links":{"self":[{"href":"https:\/\/www.europesays.com\/fr\/wp-json\/wp\/v2\/posts\/572049","targetHints":{"allow":["GET"]}}],"collection":[{"href":"https:\/\/www.europesays.com\/fr\/wp-json\/wp\/v2\/posts"}],"about":[{"href":"https:\/\/www.europesays.com\/fr\/wp-json\/wp\/v2\/types\/post"}],"author":[{"embeddable":true,"href":"https:\/\/www.europesays.com\/fr\/wp-json\/wp\/v2\/users\/2"}],"replies":[{"embeddable":true,"href":"https:\/\/www.europesays.com\/fr\/wp-json\/wp\/v2\/comments?post=572049"}],"version-history":[{"count":0,"href":"https:\/\/www.europesays.com\/fr\/wp-json\/wp\/v2\/posts\/572049\/revisions"}],"wp:featuredmedia":[{"embeddable":true,"href":"https:\/\/www.europesays.com\/fr\/wp-json\/wp\/v2\/media\/572050"}],"wp:attachment":[{"href":"https:\/\/www.europesays.com\/fr\/wp-json\/wp\/v2\/media?parent=572049"}],"wp:term":[{"taxonomy":"category","embeddable":true,"href":"https:\/\/www.europesays.com\/fr\/wp-json\/wp\/v2\/categories?post=572049"},{"taxonomy":"post_tag","embeddable":true,"href":"https:\/\/www.europesays.com\/fr\/wp-json\/wp\/v2\/tags?post=572049"}],"curies":[{"name":"wp","href":"https:\/\/api.w.org\/{rel}","templated":true}]}}