{"id":572055,"date":"2025-12-02T01:08:21","date_gmt":"2025-12-02T01:08:21","guid":{"rendered":"https:\/\/www.europesays.com\/fr\/572055\/"},"modified":"2025-12-02T01:08:21","modified_gmt":"2025-12-02T01:08:21","slug":"saint-etienne-les-depots-sauvages-explosent-depuis-le-qr-code-en-decheterie-un-elu-dit-stop","status":"publish","type":"post","link":"https:\/\/www.europesays.com\/fr\/572055\/","title":{"rendered":"Saint-\u00c9tienne. Les d\u00e9p\u00f4ts sauvages explosent depuis le QR code en d\u00e9ch\u00e8terie, un \u00e9lu dit stop"},"content":{"rendered":"<p>                    Par<br \/>\n        <strong><br \/>\n            <a href=\"https:\/\/actu.fr\/auteur\/julien-sournies\" title=\"Consulter tous les articles de Julien Sournies\" target=\"_blank\" rel=\"noopener\">Julien Sournies<\/a><br \/>\n                    <\/strong><\/p>\n<p>        Publi\u00e9 le<\/p>\n<p>            1 d\u00e9c. 2025 \u00e0 17h37        <\/p>\n<p>C\u2019est un dossier qui continue de diviser \u00e0 <a href=\"https:\/\/actu.fr\/saint-etienne\/\" target=\"_blank\" rel=\"noopener\">Saint-\u00c9tienne<\/a> (<a href=\"https:\/\/actu.fr\/auvergne-rhone-alpes\/loire_42\" target=\"_blank\" rel=\"noopener\">Loire<\/a>) et alentours. Alors que la M\u00e9tropole a dress\u00e9 un premier bilan satisfaisant de l\u2019instauration du <strong>QR code pour acc\u00e9der aux 13 d\u00e9ch\u00e8teries du territoire<\/strong> (mesure obligatoire depuis novembre\u00a02024, ndlr), la municipalit\u00e9, par l\u2019interm\u00e9diaire de Cyrine Makhlouf, a r\u00e9cemment mis en lumi\u00e8re un <a href=\"https:\/\/actu.fr\/auvergne-rhone-alpes\/saint-etienne_42218\/depot-sauvage-qr-code-en-dechetterie-passe-d-armes-entre-la-metropole-et-saint-etienne_63401342.html\" target=\"_blank\" rel=\"noopener\">constat bien plus mitig\u00e9<\/a>.<br \/>Apr\u00e8s la sortie de l\u2019adjointe charg\u00e9e de la propret\u00e9 \u00e0 la mairie de Saint-\u00c9tienne, Charles Dallara, conseiller m\u00e9tropolitain, a \u00e9galement tenu \u00e0 prendre la parole face \u00e0 une situation qu\u2019il juge d\u00e9sormais \u00ab\u2009pr\u00e9occupante\u2009\u00bb.<\/p>\n<p>Une nette hausse des d\u00e9p\u00f4ts sauvages<\/p>\n<p class=\" wall-content\">Lors de la derni\u00e8re s\u00e9ance du conseil de Saint-\u00c9tienne M\u00e9tropole (SEM) ce mercredi 26\u00a0novembre 2025, l\u2019\u00e9lu a appel\u00e9 la collectivit\u00e9 \u00e0 <strong>suspendre cette mesure<\/strong>.<\/p>\n<p class=\" wall-content\">\u00ab\u2009Les chiffres sont sans appel\u2009: Avant le QR code, entre novembre\u00a02023 et avril\u00a02024, nous avions collect\u00e9 300\u00a0tonnes de d\u00e9p\u00f4ts sauvages. Apr\u00e8s sa mise en place, sur la m\u00eame p\u00e9riode en 2024\u20112025, ce chiffre est mont\u00e9 \u00e0 495\u00a0tonnes, soit pr\u00e8s de 200\u00a0tonnes suppl\u00e9mentaires, soit une hausse de 60\u2009%\u2009\u00bb, a-t-il d\u00e9plor\u00e9.<\/p>\n<p class=\" wall-content\">Ce dernier annonce par ailleurs que ces donn\u00e9es ne sont pas un \u00ab\u2009ressenti\u2009\u00bb. \u00ab\u2009Elles sont confirm\u00e9es par les bons de pes\u00e9es des camions. Et d\u2019autres communes constatent la m\u00eame tendance comme l\u2019ont indiqu\u00e9 plusieurs maires lors du bureau m\u00e9tropolitain\u2009\u00bb, poursuit Charles Dallara.<\/p>\n<p>Un dispositif \u00ab\u2009complexe\u2009\u00bb<\/p>\n<p class=\" wall-content\">La raison de cette hausse des d\u00e9p\u00f4ts sauvages sur le territoire\u2009? D\u2019une part, l\u2019\u00e9lu m\u00e9tropolitain d\u00e9nonce \u00ab\u2009la complexit\u00e9 du dispositif\u2009\u00bb, laquelle justifie notamment un faible taux d\u2019adh\u00e9sion \u00e0 Saint-\u00c9tienne, o\u00f9 seulement 15\u2009% de la population s\u2019est cr\u00e9\u00e9 un compte.<\/p>\n<p class=\" wall-content\">D\u2019autre part, Charles Dallara explique que les logements collectifs st\u00e9phanois ne disposent pas ou peu de lieux de stockage de leurs d\u00e9chets ou encombrants, contraignant ainsi les usagers \u00e0 avoir \u00ab\u2009plus souvent recours\u2009\u00bb aux d\u00e9ch\u00e8teries.<\/p>\n<blockquote class=\"ac-article-quote wall-content\">\n<p>Les agents municipaux et les ripeurs, eux, voient leur p\u00e9nibilit\u00e9 exploser : les bacs de gravats, qui \u00e9taient satur\u00e9s une \u00e0 deux fois par trimestre, le sont d\u00e9sormais une \u00e0 deux fois par semaine. Cela multiplie les interventions, accro\u00eet les risques physiques et fatigue nos \u00e9quipes.<\/p>\n<p>    <strong>Charles Dallara<\/strong><br \/>\n        Conseiller m\u00e9tropolitain de SEM    <\/p><\/blockquote>\n<p>Votre r\u00e9gion, votre actu !<\/p>\n<p>Recevez chaque jour les infos qui comptent pour vous.<\/p>\n<p>\t<a href=\"https:\/\/actu.fr\/newsletter\" class=\"ac-btn ac-btn--corner ac-btn--medium ac-btn--blue800\" target=\"_blank\" rel=\"noopener\">S&rsquo;incrire<\/a><br \/>\nUn acc\u00e8s r\u00e9serv\u00e9 aux particuliers sur justificatif de domicile<\/p>\n<p class=\" wall-content\">Les d\u00e9penses pour la municipalit\u00e9 ont par ailleurs \u00e9t\u00e9 \u00e9voqu\u00e9es\u2009: \u00ab\u2009Les co\u00fbts s\u2019alourdissent\u2009: cam\u00e9ras de vid\u00e9overbalisation, recrutement de policiers municipaux, mobilisation permanente de camions. Tout cela n\u2019\u00e9tait pas pr\u00e9vu et p\u00e8se lourdement sur nos budgets municipaux d\u00e9j\u00e0 bien compliqu\u00e9s \u00e0 pr\u00e9parer avec le cirque que nous connaissons au national.\u2009\u00bb<\/p>\n<blockquote class=\"ac-article-quote wall-content\">\n<p>Nous avons aussi des responsabilit\u00e9s environnementales quand les d\u00e9p\u00f4ts se font en pleine nature. C\u2019est pourquoi je demande une suspension du QR code.<\/p>\n<p>    <strong>Charles Dallara<\/strong><br \/>\n        Conseiller m\u00e9tropolitain de SEM    <\/p><\/blockquote>\n<p class=\" wall-content\">Pour faciliter l\u2019acc\u00e8s aux d\u00e9ch\u00e8teries, l\u2019\u00e9lu souhaite qu\u2019il soit r\u00e9serv\u00e9 aux particuliers sur <strong>justificatif de domicile<\/strong>, appelant \u00e0 une \u00ab\u2009interdiction aux professionnels\u2009\u00bb<strong>.<\/strong>\u00a0Et Charles Dallara de conclure\u2009: \u00ab\u2009L\u2019objectif est simple\u2009: stopper imm\u00e9diatement l\u2019explosion des d\u00e9p\u00f4ts sauvages, prot\u00e9ger l\u2019environnement, pr\u00e9server la sant\u00e9 de nos agents et de nos concitoyens, et \u00e9viter des surco\u00fbts inutiles.\u2009\u00bb<\/p>\n<p class=\" wall-content\">\u00c0 noter qu\u2019une <a href=\"https:\/\/www.leslignesbougent.org\/petitions\/non-aux-qr-codes-dans-les-dechetteries-de-saint-etienne-metropole-20957\/?fbclid=IwY2xjawOamzdleHRuA2FlbQIxMABicmlkETF5UzhUVlJ6SlZMTWJvOUtuc3J0YwZhcHBfaWQQMjIyMDM5MTc4ODIwMDg5MgABHrG4E34-uMF52IkP9Mg9nXWONTNIYzes3Ws2VvHbePfitmdZ9Hy-7lQqs8PI_aem_RbivNjwvBW3_7G1HHxdfGA\" target=\"_blank\" rel=\"noopener\">p\u00e9tition<\/a> a \u00e9t\u00e9 cr\u00e9\u00e9e le 19\u00a0novembre dernier pour dire \u00ab\u2009non aux QR codes dans les d\u00e9chetteries de Saint-\u00c9tienne M\u00e9tropole\u2009\u00bb. \u00c0 l\u2019heure o\u00f9 nous \u00e9crivons ces lignes, celle-ci a d\u00e9j\u00e0 recueilli pr\u00e8s de 400 signatures.<\/p>\n<p class=\" wall-content\">Personnalisez votre actualit\u00e9 en ajoutant vos villes et m\u00e9dias en favori avec <a href=\"https:\/\/moncompte.actu.fr\" title=\"D\u00e9couvez Mon Actu\" rel=\"nofollow noopener\" data-trk=\"{&quot;cta&quot;:{&quot;action&quot;:&quot;https:\\\/\\\/moncompte.actu.fr&quot;,&quot;category&quot;:&quot;mon compte&quot;,&quot;from&quot;:&quot;article footer&quot;,&quot;name&quot;:&quot;Mon actu&quot;,&quot;type&quot;:&quot;cta&quot;}}\" target=\"_blank\">Mon Actu<\/a>.<\/p>\n","protected":false},"excerpt":{"rendered":"Par Julien Sournies Publi\u00e9 le 1 d\u00e9c. 2025 \u00e0 17h37 C\u2019est un dossier qui continue de diviser \u00e0&hellip;\n","protected":false},"author":2,"featured_media":519957,"comment_status":"","ping_status":"","sticky":false,"template":"","format":"standard","meta":{"footnotes":""},"categories":[9653],"tags":[1111,11,2430,3008,1777,674,1011,27,12,25,4001,10060,104],"class_list":{"0":"post-572055","1":"post","2":"type-post","3":"status-publish","4":"format-standard","5":"has-post-thumbnail","7":"category-saint-etienne","8":"tag-actu","9":"tag-actualites","10":"tag-auvergne-rhone-alpes","11":"tag-dechets","12":"tag-eu","13":"tag-europe","14":"tag-fr","15":"tag-france","16":"tag-news","17":"tag-republique-francaise","18":"tag-saint-etienne","19":"tag-saint-etienne-metropole","20":"tag-societe"},"share_on_mastodon":{"url":"https:\/\/pubeurope.com\/@fr\/115647303145662374","error":""},"_links":{"self":[{"href":"https:\/\/www.europesays.com\/fr\/wp-json\/wp\/v2\/posts\/572055","targetHints":{"allow":["GET"]}}],"collection":[{"href":"https:\/\/www.europesays.com\/fr\/wp-json\/wp\/v2\/posts"}],"about":[{"href":"https:\/\/www.europesays.com\/fr\/wp-json\/wp\/v2\/types\/post"}],"author":[{"embeddable":true,"href":"https:\/\/www.europesays.com\/fr\/wp-json\/wp\/v2\/users\/2"}],"replies":[{"embeddable":true,"href":"https:\/\/www.europesays.com\/fr\/wp-json\/wp\/v2\/comments?post=572055"}],"version-history":[{"count":0,"href":"https:\/\/www.europesays.com\/fr\/wp-json\/wp\/v2\/posts\/572055\/revisions"}],"wp:featuredmedia":[{"embeddable":true,"href":"https:\/\/www.europesays.com\/fr\/wp-json\/wp\/v2\/media\/519957"}],"wp:attachment":[{"href":"https:\/\/www.europesays.com\/fr\/wp-json\/wp\/v2\/media?parent=572055"}],"wp:term":[{"taxonomy":"category","embeddable":true,"href":"https:\/\/www.europesays.com\/fr\/wp-json\/wp\/v2\/categories?post=572055"},{"taxonomy":"post_tag","embeddable":true,"href":"https:\/\/www.europesays.com\/fr\/wp-json\/wp\/v2\/tags?post=572055"}],"curies":[{"name":"wp","href":"https:\/\/api.w.org\/{rel}","templated":true}]}}