{"id":572056,"date":"2025-12-02T01:09:16","date_gmt":"2025-12-02T01:09:16","guid":{"rendered":"https:\/\/www.europesays.com\/fr\/572056\/"},"modified":"2025-12-02T01:09:16","modified_gmt":"2025-12-02T01:09:16","slug":"chantage-a-la-sextape-prison-ferme-et-ineligibilite-pour-le-maire-de-saint-etienne-actualites","status":"publish","type":"post","link":"https:\/\/www.europesays.com\/fr\/572056\/","title":{"rendered":"Chantage \u00e0 la sextape: prison ferme et in\u00e9ligibilit\u00e9 pour le maire de Saint-Etienne : Actualit\u00e9s"},"content":{"rendered":"<p class=\"lead \">Malgr\u00e9 ses d\u00e9n\u00e9gations, le maire de Saint-Etienne Ga\u00ebl Perdriau a \u00e9t\u00e9 reconnu \u00ab\u00a0enti\u00e8rement coupable\u00a0\u00bb d&rsquo;avoir fait chanter un rival avec une sextape et condamn\u00e9 lundi \u00e0 quatre ans de prison ferme et une in\u00e9ligibilit\u00e9 imm\u00e9diate.<\/p>\n<p class=\"lead \">\u00ab\u00a0Je suis innocent, cette d\u00e9cision est totalement incompr\u00e9hensible\u00a0\u00bb, a-t-il d\u00e9clar\u00e9 \u00e0 la sortie du tribunal correctionnel de Lyon, en annon\u00e7ant qu&rsquo;il ferait appel.<\/p>\n<p class=\"lead \">L&rsquo;\u00e9dile de 53 ans a toujours ni\u00e9 avoir particip\u00e9 au pi\u00e8ge tendu \u00e0 son ancien premier adjoint Gilles Artigues, film\u00e9 en 2015 \u00e0 la cam\u00e9ra cach\u00e9e en compagnie d&rsquo;un prostitu\u00e9, puis contraint \u00e0 faire profil bas.<\/p>\n<p class=\"lead \">Mais sa d\u00e9fense a \u00e9t\u00e9 fragilis\u00e9e par les d\u00e9clarations de ses co-pr\u00e9venus, qui ont reconnu avoir ourdi ce pi\u00e8ge en assurant l&rsquo;avoir fait \u00e0 sa demande, et par un enregistrement, r\u00e9alis\u00e9 \u00e0 son insu, dans lequel il menace Gilles Artigues de sortir le film \u00ab\u00a0avec parcimonie\u00a0\u00bb.<\/p>\n<p class=\"lead \"> \u00ab\u00a0Le tribunal a bien entendu tout ce que vous avez oppos\u00e9\u00a0\u00bb aux accusations, mais il \u00ab\u00a0n&rsquo;a rien trouv\u00e9 en termes d&rsquo;excuses\u00a0\u00bb pour minimiser \u00ab\u00a0l&rsquo;extr\u00eame gravit\u00e9 des faits\u00a0\u00bb, en a conclu lundi la pr\u00e9sidente du tribunal Brigitte Vernay.<\/p>\n<p class=\"lead \">Soulignant \u00ab\u00a0le devoir d&rsquo;exemplarit\u00e9\u00a0\u00bb, \u00ab\u00a0de dignit\u00e9\u00a0\u00bb et \u00ab\u00a0de repr\u00e9sentation\u00a0\u00bb des \u00e9lus, elle a d\u00e9clar\u00e9 le maire \u00ab\u00a0enti\u00e8rement coupable\u00a0\u00bb des chefs de chantage, association de malfaiteurs et d\u00e9tournement de fonds publics.<\/p>\n<p class=\"lead \">Allant au-del\u00e0 des trois ans ferme requis, elle a condamn\u00e9 Ga\u00ebl Perdriau \u00e0 cinq ans de prison, dont quatre ans ferme, avec mandat de d\u00e9p\u00f4t \u00e0 effet diff\u00e9r\u00e9 assorti de l&rsquo;ex\u00e9cution provisoire. Autrement dit, il sera bient\u00f4t incarc\u00e9r\u00e9.<\/p>\n<p class=\"lead \">Elle a \u00e9galement prononc\u00e9 une peine de cinq ans d&rsquo;in\u00e9ligibilit\u00e9 avec application imm\u00e9diate, ce qui lui impose de quitter tout de suite la mairie. L&rsquo;\u00e9dile avait \u00e9t\u00e9 exclu du parti Les R\u00e9publicains quand le scandale a \u00e9clat\u00e9 en 2022. <\/p>\n<p class=\"lead \">&#8211; \u00ab\u00a0Inou\u00efe\u00a0\u00bb &#8211;<\/p>\n<p class=\"lead \">A l&rsquo;annonce du jugement, Ga\u00ebl Perdriau est rest\u00e9 impassible, et quelques applaudissements ont retenti dans la salle. <\/p>\n<p class=\"lead \">\u00ab\u00a0Nous prenons acte de cette d\u00e9cision d&rsquo;une s\u00e9v\u00e9rit\u00e9 inou\u00efe, dont l&rsquo;ex\u00e9cution provisoire nous parait parfaitement injustifi\u00e9e. Nous d\u00e9poserons une demande de mise en libert\u00e9 d\u00e8s que possible\u00a0\u00bb, ont r\u00e9agi ses avocats dans une d\u00e9claration commune \u00e0 l&rsquo;AFP.<\/p>\n<p class=\"lead \">A la sortie du tribunal, Gilles Artigues s&rsquo;est au contraire dit \u00ab\u00a0soulag\u00e9\u00a0\u00bb d&rsquo;une d\u00e9cision qui reconna\u00eet son \u00ab\u00a0statut de victime\u00a0\u00bb. \u00ab\u00a0Aujourd&rsquo;hui, je pense que je vais pouvoir me reconstruire\u00a0\u00bb, a ajout\u00e9 cet ancien d\u00e9put\u00e9 centriste.<\/p>\n<p class=\"lead \"> \u00ab\u00a0C&rsquo;est une bonne nouvelle pour Saint-Etienne\u00a0\u00bb, a \u00e9galement estim\u00e9 la conseill\u00e8re d&rsquo;opposition Isabelle Dumestre, venue entendre le d\u00e9lib\u00e9r\u00e9. \u00ab\u00a0La justice a mis Ga\u00ebl Perdriau hors d&rsquo;\u00e9tat de nuire\u00a0\u00bb, a rench\u00e9ri son confr\u00e8re socialiste Johann Cesa.<\/p>\n<p class=\"lead \">Le soir, plusieurs centaines de personnes ont f\u00eat\u00e9 son d\u00e9part devant l&rsquo;H\u00f4tel de ville avec du vin chaud et des fumig\u00e8nes, en tapant sur une grosse t\u00eate de marionnette \u00e0 son effigie.<\/p>\n<p class=\"lead \">&#8211; \u00ab\u00a0Les juges ont compris\u00a0\u00bb &#8211;<\/p>\n<p class=\"lead \">Le tribunal a \u00e9galement condamn\u00e9 trois anciens proches du maire qui ont, eux, assum\u00e9 leurs responsabilit\u00e9s.<\/p>\n<p class=\"lead \">Pierre Gauttieri, qui fut pendant dix ans directeur de cabinet du maire, a ainsi \u00e9cop\u00e9 de deux ans de prison ferme.<\/p>\n<p class=\"lead \"> A la barre du tribunal, il avait assur\u00e9 que M. Perdriau lui avait demand\u00e9, d\u00e8s son \u00e9lection en 2014, \u00ab\u00a0une solution pour tenir en respect Gilles Artigues\u00a0\u00bb, dont il doutait de la loyaut\u00e9.<\/p>\n<p class=\"lead \">L&rsquo;id\u00e9e de pi\u00e9ger avec un escort-boy ce catholique oppos\u00e9 au mariage entre personnes de m\u00eame sexe a germ\u00e9 lors d&rsquo;\u00e9changes avec l&rsquo;ambitieux adjoint \u00e0 l&rsquo;Education Samy K\u00e9fi-J\u00e9r\u00f4me et le conjoint de ce dernier Gilles Rossary-Lenglet.<\/p>\n<p class=\"lead \">Pour cet ancien couple, le tribunal a retenu une peine de trois ans ferme.<\/p>\n<p class=\"lead \">Gilles Rossary-Lenglet, \u00ab\u00a0barbouzeur\u00a0\u00bb autoproclam\u00e9, est l&rsquo;homme par lequel le scandale est arriv\u00e9: c&rsquo;est lui qui, s\u00e9par\u00e9, au ch\u00f4mage, et malade, est all\u00e9 voir Mediapart avec la \u00ab\u00a0sextape\u00a0\u00bb en 2022.<\/p>\n<p class=\"lead \">\u00ab\u00a0Le jugement dit que je dis bien la v\u00e9rit\u00e9. Cette v\u00e9rit\u00e9 est implacable pour moi, mais je l&rsquo;assume\u00a0\u00bb, a-t-il comment\u00e9.<\/p>\n<p class=\"lead \">Lors du proc\u00e8s, fin septembre, deux couples \u00e0 la t\u00eate d&rsquo;associations st\u00e9phanoises avaient comparu \u00e0 leurs c\u00f4t\u00e9s. Sans \u00eatre au courant de l&rsquo;existence de la vid\u00e9o, ils \u00e9taient accus\u00e9s d&rsquo;avoir per\u00e7u des subventions municipales, attribu\u00e9es sur la r\u00e9serve du maire, et de les avoir revers\u00e9es \u00e0 Gilles Rossary-Lenglet. Le tribunal les a relax\u00e9s, estimant ne pas avoir discern\u00e9 d\u00a0\u00bbintentions frauduleuses\u00a0\u00bb de leur part.<\/p>\n<p class=\"small font-weight-bold text-gray3 \"> publi\u00e9 le 1 d\u00e9cembre \u00e0 20h17, AFP<\/p>\n<p>                             Partager<\/p>\n","protected":false},"excerpt":{"rendered":"Malgr\u00e9 ses d\u00e9n\u00e9gations, le maire de Saint-Etienne Ga\u00ebl Perdriau a \u00e9t\u00e9 reconnu \u00ab\u00a0enti\u00e8rement coupable\u00a0\u00bb d&rsquo;avoir fait chanter un&hellip;\n","protected":false},"author":2,"featured_media":572057,"comment_status":"","ping_status":"","sticky":false,"template":"","format":"standard","meta":{"footnotes":""},"categories":[9653],"tags":[1111,11,2430,8841,1777,674,1011,27,12,316,4780,25,4001,15436],"class_list":{"0":"post-572056","1":"post","2":"type-post","3":"status-publish","4":"format-standard","5":"has-post-thumbnail","7":"category-saint-etienne","8":"tag-actu","9":"tag-actualites","10":"tag-auvergne-rhone-alpes","11":"tag-chantage","12":"tag-eu","13":"tag-europe","14":"tag-fr","15":"tag-france","16":"tag-news","17":"tag-politique","18":"tag-procs","19":"tag-republique-francaise","20":"tag-saint-etienne","21":"tag-sexe"},"share_on_mastodon":{"url":"https:\/\/pubeurope.com\/@fr\/115647307125473533","error":""},"_links":{"self":[{"href":"https:\/\/www.europesays.com\/fr\/wp-json\/wp\/v2\/posts\/572056","targetHints":{"allow":["GET"]}}],"collection":[{"href":"https:\/\/www.europesays.com\/fr\/wp-json\/wp\/v2\/posts"}],"about":[{"href":"https:\/\/www.europesays.com\/fr\/wp-json\/wp\/v2\/types\/post"}],"author":[{"embeddable":true,"href":"https:\/\/www.europesays.com\/fr\/wp-json\/wp\/v2\/users\/2"}],"replies":[{"embeddable":true,"href":"https:\/\/www.europesays.com\/fr\/wp-json\/wp\/v2\/comments?post=572056"}],"version-history":[{"count":0,"href":"https:\/\/www.europesays.com\/fr\/wp-json\/wp\/v2\/posts\/572056\/revisions"}],"wp:featuredmedia":[{"embeddable":true,"href":"https:\/\/www.europesays.com\/fr\/wp-json\/wp\/v2\/media\/572057"}],"wp:attachment":[{"href":"https:\/\/www.europesays.com\/fr\/wp-json\/wp\/v2\/media?parent=572056"}],"wp:term":[{"taxonomy":"category","embeddable":true,"href":"https:\/\/www.europesays.com\/fr\/wp-json\/wp\/v2\/categories?post=572056"},{"taxonomy":"post_tag","embeddable":true,"href":"https:\/\/www.europesays.com\/fr\/wp-json\/wp\/v2\/tags?post=572056"}],"curies":[{"name":"wp","href":"https:\/\/api.w.org\/{rel}","templated":true}]}}